{"id":18722,"date":"2022-10-02T15:20:00","date_gmt":"2022-10-02T13:20:00","guid":{"rendered":"https:\/\/www.cssr.news\/spanish\/?p=18722"},"modified":"2022-10-05T15:22:23","modified_gmt":"2022-10-05T13:22:23","slug":"saludo-al-santo-padre-de-parte-del-p-rogerio-gomes-c-ss-r","status":"publish","type":"post","link":"https:\/\/www.cssr.news\/spanish\/2022\/10\/saludo-al-santo-padre-de-parte-del-p-rogerio-gomes-c-ss-r\/","title":{"rendered":"Saludo al Santo Padre de parte del p. Rog\u00e9rio Gomes C.Ss.R."},"content":{"rendered":"\n<p>Amad\u00edsimo Padre, Papa Francisco,&nbsp;<\/p>\n\n\n\n<p>En nombre de todos los participantes de nuestro XXVI Cap\u00edtulo General, te agradezco de coraz\u00f3n por habernos acogido al final de nuestro trabajo. Expreso un cordial saludo en nombre de los misioneros redentoristas presentes en el mundo, de los laicos que nos apoyan y de todas las congregaciones que se inspiran en nuestro carisma. Le agradezco sinceramente, Santo Padre, por habernos concedido este encuentro fraterno tan importante que apoyar\u00e1 nuestra misi\u00f3n de salir a las periferias existenciales del mundo.&nbsp;<\/p>\n\n\n\n<p>Santo Padre, como bien sabes, somos una congregaci\u00f3n misionera, de sacerdotes y hermanos, fundada el 9 de noviembre de 1732 por San Alfonso Mar\u00eda de Ligorio, Doctor de la Iglesia. Con el ardor misionero de San Clemente Mar\u00eda Hoffbauer, la Congregaci\u00f3n se expandi\u00f3 luego fuera de Italia. Dentro de 10 a\u00f1os celebraremos 300 a\u00f1os de existencia. Actualmente, somos 4617 cohermanos presentes en 85 pa\u00edses del mundo. Estamos organizados en 5 conferencias: Europa, Am\u00e9rica del Norte, Am\u00e9rica Latina y el Caribe, Asia y Ocean\u00eda y \u00c1frica y Madagascar.&nbsp;<\/p>\n\n\n\n<p>Nuestra misi\u00f3n es anunciar el Evangelio a los m\u00e1s pobres y abandonados a trav\u00e9s de m\u00faltiples formas pastorales y de formaci\u00f3n moral teol\u00f3gica con la Academia Alfonsiana. En este XXVI Cap\u00edtulo, para responder fielmente a nuestro carisma en fidelidad a los signos de los tiempos, reflexionamos sobre nuestra identidad redentorista, nuestra misi\u00f3n, nuestra vida consagrada redentorista, la propuesta teol\u00f3gica moral que proponemos, la formaci\u00f3n para la misi\u00f3n y la orientaci\u00f3n, Liderazgo para la misi\u00f3n. Estos d\u00edas han sido para nosotros un verdadero Pentecost\u00e9s y una oportunidad para conocer las diferentes caras de nuestra Congregaci\u00f3n.&nbsp;<\/p>\n\n\n\n<p>Te agradecemos, Santo Padre, por tu fecunda magisterio y tu palabra prof\u00e9tica, que nos anima en los diversos \u00e1mbitos de nuestra Misi\u00f3n en el servicio fiel a la Iglesia. Gracias, Santo Padre, por su valent\u00eda en llevar a cabo la renovaci\u00f3n eclesial teniendo en el coraz\u00f3n la inclusi\u00f3n y aceptaci\u00f3n de todos. Su invitaci\u00f3n a escuchar el grito de la tierra y de los pobres es para nosotros una advertencia que da luz a nuestra misi\u00f3n. Tus ense\u00f1anzas estimulan incesantemente nuestra misi\u00f3n redentorista. Y por nuestra parte, haremos todo lo posible para colaborar en tu misi\u00f3n como Pastor Supremo y como primer misionero que nos insta a salir de nuestra zona de confort e ir a los m\u00e1s pobres y abandonados.&nbsp;<\/p>\n\n\n\n<p>Por nuestra parte, seguiremos acompa\u00f1ando tu ministerio petrino con nuestras oraciones a la Madre del Perpetuo Socorro y a San Alfonso. Le pedimos sinceramente su Bendici\u00f3n Apost\u00f3lica.&nbsp;<\/p>\n\n\n\n<p>San Pedro, 01 octubre 2022&nbsp;<\/p>\n\n\n\n<p>Rog\u00e9rio Gomes, C. Ss. R.\u202f<br>Superior General<\/p>\n\n\n\n<figure class=\"wp-block-image size-large\"><a href=\"https:\/\/www.cssr.news\/spanish\/wp-content\/uploads\/sites\/3\/2022\/10\/rogerio_pope_audience01.jpg\"><img width=\"1024\" height=\"769\" src=\"https:\/\/www.cssr.news\/spanish\/wp-content\/uploads\/sites\/3\/2022\/10\/rogerio_pope_audience01-1024x769.jpg\" alt=\"\" class=\"wp-image-18723\" srcset=\"https:\/\/www.cssr.news\/spanish\/wp-content\/uploads\/sites\/3\/2022\/10\/rogerio_pope_audience01-1024x769.jpg 1024w, https:\/\/www.cssr.news\/spanish\/wp-content\/uploads\/sites\/3\/2022\/10\/rogerio_pope_audience01-300x225.jpg 300w, https:\/\/www.cssr.news\/spanish\/wp-content\/uploads\/sites\/3\/2022\/10\/rogerio_pope_audience01-768x576.jpg 768w, https:\/\/www.cssr.news\/spanish\/wp-content\/uploads\/sites\/3\/2022\/10\/rogerio_pope_audience01-1536x1153.jpg 1536w, https:\/\/www.cssr.news\/spanish\/wp-content\/uploads\/sites\/3\/2022\/10\/rogerio_pope_audience01-80x60.jpg 80w, https:\/\/www.cssr.news\/spanish\/wp-content\/uploads\/sites\/3\/2022\/10\/rogerio_pope_audience01-265x198.jpg 265w, https:\/\/www.cssr.news\/spanish\/wp-content\/uploads\/sites\/3\/2022\/10\/rogerio_pope_audience01-696x522.jpg 696w, https:\/\/www.cssr.news\/spanish\/wp-content\/uploads\/sites\/3\/2022\/10\/rogerio_pope_audience01-1068x802.jpg 1068w, https:\/\/www.cssr.news\/spanish\/wp-content\/uploads\/sites\/3\/2022\/10\/rogerio_pope_audience01-560x420.jpg 560w, https:\/\/www.cssr.news\/spanish\/wp-content\/uploads\/sites\/3\/2022\/10\/rogerio_pope_audience01.jpg 2048w\" sizes=\"(max-width: 1024px) 100vw, 1024px\" \/><\/a><\/figure>\n","protected":false},"excerpt":{"rendered":"<p>Amad\u00edsimo Padre, Papa Francisco,&nbsp; En nombre de todos los participantes de nuestro XXVI Cap\u00edtulo General, te agradezco de coraz\u00f3n por habernos acogido al final de nuestro trabajo. Expreso un cordial saludo en nombre de los misioneros redentoristas presentes en el mundo, de los laicos que nos apoyan y de todas las congregaciones que se inspiran [&hellip;]<\/p>\n","protected":false},"author":3,"featured_media":18724,"comment_status":"closed","ping_status":"closed","sticky":false,"template":"","format":"standard","meta":[],"categories":[25],"tags":[],"_links":{"self":[{"href":"https:\/\/www.cssr.news\/spanish\/wp-json\/wp\/v2\/posts\/18722"}],"collection":[{"href":"https:\/\/www.cssr.news\/spanish\/wp-json\/wp\/v2\/posts"}],"about":[{"href":"https:\/\/www.cssr.news\/spanish\/wp-json\/wp\/v2\/types\/post"}],"author":[{"embeddable":true,"href":"https:\/\/www.cssr.news\/spanish\/wp-json\/wp\/v2\/users\/3"}],"replies":[{"embeddable":true,"href":"https:\/\/www.cssr.news\/spanish\/wp-json\/wp\/v2\/comments?post=18722"}],"version-history":[{"count":1,"href":"https:\/\/www.cssr.news\/spanish\/wp-json\/wp\/v2\/posts\/18722\/revisions"}],"predecessor-version":[{"id":18725,"href":"https:\/\/www.cssr.news\/spanish\/wp-json\/wp\/v2\/posts\/18722\/revisions\/18725"}],"wp:featuredmedia":[{"embeddable":true,"href":"https:\/\/www.cssr.news\/spanish\/wp-json\/wp\/v2\/media\/18724"}],"wp:attachment":[{"href":"https:\/\/www.cssr.news\/spanish\/wp-json\/wp\/v2\/media?parent=18722"}],"wp:term":[{"taxonomy":"category","embeddable":true,"href":"https:\/\/www.cssr.news\/spanish\/wp-json\/wp\/v2\/categories?post=18722"},{"taxonomy":"post_tag","embeddable":true,"href":"https:\/\/www.cssr.news\/spanish\/wp-json\/wp\/v2\/tags?post=18722"}],"curies":[{"name":"wp","href":"https:\/\/api.w.org\/{rel}","templated":true}]}}