{"id":18726,"date":"2022-10-04T08:46:00","date_gmt":"2022-10-04T06:46:00","guid":{"rendered":"https:\/\/www.cssr.news\/spanish\/?p=18726"},"modified":"2022-10-06T08:54:55","modified_gmt":"2022-10-06T06:54:55","slug":"bratislava-praga-comienza-una-nueva-serie-del-podcast-redentorista","status":"publish","type":"post","link":"https:\/\/www.cssr.news\/spanish\/2022\/10\/bratislava-praga-comienza-una-nueva-serie-del-podcast-redentorista\/","title":{"rendered":"Bratislava-Praga: Comienza una nueva serie del podcast Redentorista"},"content":{"rendered":"\n<p>Despu\u00e9s de dos a\u00f1os de reflexi\u00f3n continua en video sobre el evangelio del d\u00eda, estamos lanzando una nueva serie de nuestro podcast. En ellos queremos ofreceros entrevistas con los Redentoristas y nuestros colaboradores laicos que trabajan en la provincia de Bratislava-Praga. Hablaremos de c\u00f3mo viven su vocaci\u00f3n y el carisma de los Redentoristas.<\/p>\n\n\n\n<p>San Alfonso fund\u00f3 nuestra Congregaci\u00f3n en el siglo XVIII cerca de N\u00e1poles, porque el Se\u00f1or lo llam\u00f3 para anunciar la buena noticia de la redenci\u00f3n abundante a los habitantes pobres y abandonados del campo, que a menudo carec\u00edan incluso de un cuidado espiritual b\u00e1sico. San Clemente, que llev\u00f3 la Congregaci\u00f3n a Europa Central, vivi\u00f3 muy fecundamente nuestro carisma en el siglo XIX incluso entre los estudiantes e intelectuales de Viena. St. John Neumann se dedic\u00f3 a los inmigrantes en los Estados Unidos a mediados del siglo XIX. El Beato Metodista Dominik Tr\u010dka dej\u00f3 su Silesia natal y acept\u00f3 el Rito Oriental para fundar la primera comunidad Redentorista en Eslovaquia en Stropkov en 1921. A\u00fan hoy, los Redentoristas se esfuerzan por permanecer fieles a su misi\u00f3n en la Iglesia, pero al mismo tiempo por responder de manera creativa. a las necesidades actuales, a los signos de los tiempos. Queremos mostrarles poco a poco c\u00f3mo viven actualmente su carisma en nuestro podcast.<\/p>\n\n\n\n<p>Comenzaremos con entrevistas a los Padres Peter Hertel CSsR y Rastislav Dluh\u00fd CSsR, que trabajan en la ciudad lituana de Kaunas, donde los Redentoristas abrieron una comunidad en 2018.<\/p>\n\n\n\n<p><a rel=\"noreferrer noopener\" href=\"https:\/\/redemptoristi.sk\/spustame-nove-serie-podcastu-redemptoristi\/\" target=\"_blank\">Se puede escuchar el podcast en este link<\/a><\/p>\n\n\n\n<p>(redemptoristi.sk)<\/p>\n","protected":false},"excerpt":{"rendered":"<p>Despu\u00e9s de dos a\u00f1os de reflexi\u00f3n continua en video sobre el evangelio del d\u00eda, estamos lanzando una nueva serie de nuestro podcast. En ellos queremos ofreceros entrevistas con los Redentoristas y nuestros colaboradores laicos que trabajan en la provincia de Bratislava-Praga. Hablaremos de c\u00f3mo viven su vocaci\u00f3n y el carisma de los Redentoristas. San Alfonso [&hellip;]<\/p>\n","protected":false},"author":3,"featured_media":18727,"comment_status":"closed","ping_status":"closed","sticky":false,"template":"","format":"standard","meta":[],"categories":[27],"tags":[],"_links":{"self":[{"href":"https:\/\/www.cssr.news\/spanish\/wp-json\/wp\/v2\/posts\/18726"}],"collection":[{"href":"https:\/\/www.cssr.news\/spanish\/wp-json\/wp\/v2\/posts"}],"about":[{"href":"https:\/\/www.cssr.news\/spanish\/wp-json\/wp\/v2\/types\/post"}],"author":[{"embeddable":true,"href":"https:\/\/www.cssr.news\/spanish\/wp-json\/wp\/v2\/users\/3"}],"replies":[{"embeddable":true,"href":"https:\/\/www.cssr.news\/spanish\/wp-json\/wp\/v2\/comments?post=18726"}],"version-history":[{"count":2,"href":"https:\/\/www.cssr.news\/spanish\/wp-json\/wp\/v2\/posts\/18726\/revisions"}],"predecessor-version":[{"id":18729,"href":"https:\/\/www.cssr.news\/spanish\/wp-json\/wp\/v2\/posts\/18726\/revisions\/18729"}],"wp:featuredmedia":[{"embeddable":true,"href":"https:\/\/www.cssr.news\/spanish\/wp-json\/wp\/v2\/media\/18727"}],"wp:attachment":[{"href":"https:\/\/www.cssr.news\/spanish\/wp-json\/wp\/v2\/media?parent=18726"}],"wp:term":[{"taxonomy":"category","embeddable":true,"href":"https:\/\/www.cssr.news\/spanish\/wp-json\/wp\/v2\/categories?post=18726"},{"taxonomy":"post_tag","embeddable":true,"href":"https:\/\/www.cssr.news\/spanish\/wp-json\/wp\/v2\/tags?post=18726"}],"curies":[{"name":"wp","href":"https:\/\/api.w.org\/{rel}","templated":true}]}}