{"id":18733,"date":"2022-10-06T18:24:42","date_gmt":"2022-10-06T16:24:42","guid":{"rendered":"https:\/\/www.cssr.news\/spanish\/?p=18733"},"modified":"2022-10-06T18:24:45","modified_gmt":"2022-10-06T16:24:45","slug":"eucaristia-de-clausura-del-xxvi-capitulo-general","status":"publish","type":"post","link":"https:\/\/www.cssr.news\/spanish\/2022\/10\/eucaristia-de-clausura-del-xxvi-capitulo-general\/","title":{"rendered":"Eucarist\u00eda de clausura del XXVI Cap\u00edtulo General"},"content":{"rendered":"\n<p>La clausura del XXVI Cap\u00edtulo General de la Congregaci\u00f3n del Sant\u00edsimo Redentor ha tenido lugar esta ma\u00f1ana de jueves 6 de octubre con la celebraci\u00f3n de la Eucarist\u00eda en la iglesia de Sant\u2019Alfonso, Santuario de Nuestra Se\u00f1ora del Perpetuo Socorro en Roma.<br>Presidida por el reci\u00e9n elegido Superior General, Padre Rog\u00e9rio Gomes, C.Ss.R. todos los participantes en el cap\u00edtulo concelebraron junto a otros religiosos de la casa de San Alfonso de Via Merulana y de la Academia Alfonsiana.<\/p>\n\n\n\n<figure class=\"wp-block-gallery columns-3 is-cropped\"><ul class=\"blocks-gallery-grid\"><li class=\"blocks-gallery-item\"><figure><a href=\"http:\/\/www.cssr.news\/italian\/wp-content\/uploads\/sites\/2\/2022\/10\/capitolo-chiusura_A7407203.jpg\"><img src=\"http:\/\/www.cssr.news\/italian\/wp-content\/uploads\/sites\/2\/2022\/10\/capitolo-chiusura_A7407203-1024x768.jpg\" alt=\"\" data-id=\"19653\" data-full-url=\"http:\/\/www.cssr.news\/italian\/wp-content\/uploads\/sites\/2\/2022\/10\/capitolo-chiusura_A7407203.jpg\" data-link=\"https:\/\/www.cssr.news\/italian\/?attachment_id=19653\" class=\"wp-image-19653\"\/><\/a><\/figure><\/li><li class=\"blocks-gallery-item\"><figure><a href=\"http:\/\/www.cssr.news\/italian\/wp-content\/uploads\/sites\/2\/2022\/10\/capitolo-chiusura_3Y0A6404.jpg\"><img src=\"http:\/\/www.cssr.news\/italian\/wp-content\/uploads\/sites\/2\/2022\/10\/capitolo-chiusura_3Y0A6404-1024x682.jpg\" alt=\"\" data-id=\"19650\" data-full-url=\"http:\/\/www.cssr.news\/italian\/wp-content\/uploads\/sites\/2\/2022\/10\/capitolo-chiusura_3Y0A6404.jpg\" data-link=\"https:\/\/www.cssr.news\/italian\/?attachment_id=19650\" class=\"wp-image-19650\"\/><\/a><\/figure><\/li><li class=\"blocks-gallery-item\"><figure><a href=\"http:\/\/www.cssr.news\/italian\/wp-content\/uploads\/sites\/2\/2022\/10\/capitolo-chiusura_3Y0A6422.jpg\"><img src=\"http:\/\/www.cssr.news\/italian\/wp-content\/uploads\/sites\/2\/2022\/10\/capitolo-chiusura_3Y0A6422-1024x682.jpg\" alt=\"\" data-id=\"19651\" data-full-url=\"http:\/\/www.cssr.news\/italian\/wp-content\/uploads\/sites\/2\/2022\/10\/capitolo-chiusura_3Y0A6422.jpg\" data-link=\"https:\/\/www.cssr.news\/italian\/?attachment_id=19651\" class=\"wp-image-19651\"\/><\/a><\/figure><\/li><li class=\"blocks-gallery-item\"><figure><a href=\"http:\/\/www.cssr.news\/italian\/wp-content\/uploads\/sites\/2\/2022\/10\/capitolo-chiusura_A7407247.jpg\"><img src=\"http:\/\/www.cssr.news\/italian\/wp-content\/uploads\/sites\/2\/2022\/10\/capitolo-chiusura_A7407247-1024x768.jpg\" alt=\"\" data-id=\"19655\" data-full-url=\"http:\/\/www.cssr.news\/italian\/wp-content\/uploads\/sites\/2\/2022\/10\/capitolo-chiusura_A7407247.jpg\" data-link=\"https:\/\/www.cssr.news\/italian\/?attachment_id=19655\" class=\"wp-image-19655\"\/><\/a><\/figure><\/li><\/ul><\/figure>\n\n\n\n<p>El Padre Rog\u00e9rio invit\u00f3 a los presentes a reflexionar sobre las conclusiones acordadas por el Cap\u00edtulo General a la luz del compromiso de todos: Convertirse en Misioneros de la Esperanza.<br>\u201cLo primero para ser un buen evangelizador, ha dicho el Superior General, es ser disc\u00edpulo. Sin esta condici\u00f3n nos anunciamos a nosotros mismos y no lo esencial: el mensaje salv\u00edfico del Evangelio. El disc\u00edpulo escucha con todo su coraz\u00f3n, con toda su alma, la ense\u00f1anza del Maestro. \u00c9l guarda la palabra en su coraz\u00f3n y con la sabidur\u00eda que viene del Esp\u00edritu la anuncia con alegr\u00eda\u201d.<br>Luego record\u00f3 las palabras del Papa Francisco en la audiencia con los capitulares: \u201cDejad las zonas de confort y salid a la misi\u00f3n, ir a misionar\u201d.<\/p>\n\n\n\n<p>\u201cSi queremos ser significativos en este mundo debemos eliminar algunos \u00eddolos que corroen el coraz\u00f3n de la vida consagrada. Esto de los \u00eddolos nos encanta y nos lleva a las jaulas de oro y nos encarcela. Nos seducen en la zona de confort. El Papa Francisco nos ped\u00eda que busc\u00e1semos la ra\u00edz del confort en cada uno de nosotros y nos invitaba a desprendernos de lo que no nos deja ser libres, lo que no nos deja volar.\u201d<\/p>\n\n\n\n<p>\u201cEl redentorista tiene una identidad particular, es decir, Nuestra identidad es siempre nueva y se renueva cada d\u00eda en la Eucarist\u00eda, en el profundo misterio de la Pasi\u00f3n, Muerte y Resurrecci\u00f3n de Jes\u00fas\u201d, record\u00f3 el padre Rog\u00e9rio.<\/p>\n\n\n\n<figure class=\"wp-block-gallery columns-3 is-cropped\"><ul class=\"blocks-gallery-grid\"><li class=\"blocks-gallery-item\"><figure><a href=\"http:\/\/www.cssr.news\/italian\/wp-content\/uploads\/sites\/2\/2022\/10\/capitolo-chiusura_A7407278.jpg\"><img src=\"http:\/\/www.cssr.news\/italian\/wp-content\/uploads\/sites\/2\/2022\/10\/capitolo-chiusura_A7407278-1024x576.jpg\" alt=\"\" data-id=\"19656\" data-full-url=\"http:\/\/www.cssr.news\/italian\/wp-content\/uploads\/sites\/2\/2022\/10\/capitolo-chiusura_A7407278.jpg\" data-link=\"https:\/\/www.cssr.news\/italian\/?attachment_id=19656\" class=\"wp-image-19656\"\/><\/a><\/figure><\/li><li class=\"blocks-gallery-item\"><figure><a href=\"http:\/\/www.cssr.news\/italian\/wp-content\/uploads\/sites\/2\/2022\/10\/capitolo-chiusura_3Y0A6545.jpg\"><img src=\"http:\/\/www.cssr.news\/italian\/wp-content\/uploads\/sites\/2\/2022\/10\/capitolo-chiusura_3Y0A6545-1024x682.jpg\" alt=\"\" data-id=\"19652\" data-full-url=\"http:\/\/www.cssr.news\/italian\/wp-content\/uploads\/sites\/2\/2022\/10\/capitolo-chiusura_3Y0A6545.jpg\" data-link=\"https:\/\/www.cssr.news\/italian\/?attachment_id=19652\" class=\"wp-image-19652\"\/><\/a><\/figure><\/li><li class=\"blocks-gallery-item\"><figure><a href=\"http:\/\/www.cssr.news\/italian\/wp-content\/uploads\/sites\/2\/2022\/10\/capitolo-chiusura_A7407391.jpg\"><img src=\"http:\/\/www.cssr.news\/italian\/wp-content\/uploads\/sites\/2\/2022\/10\/capitolo-chiusura_A7407391-1024x576.jpg\" alt=\"\" data-id=\"19658\" data-full-url=\"http:\/\/www.cssr.news\/italian\/wp-content\/uploads\/sites\/2\/2022\/10\/capitolo-chiusura_A7407391.jpg\" data-link=\"https:\/\/www.cssr.news\/italian\/?attachment_id=19658\" class=\"wp-image-19658\"\/><\/a><\/figure><\/li><li class=\"blocks-gallery-item\"><figure><a href=\"http:\/\/www.cssr.news\/italian\/wp-content\/uploads\/sites\/2\/2022\/10\/capitolo-chiusura_A7407332.jpg\"><img src=\"http:\/\/www.cssr.news\/italian\/wp-content\/uploads\/sites\/2\/2022\/10\/capitolo-chiusura_A7407332-1024x576.jpg\" alt=\"\" data-id=\"19657\" data-full-url=\"http:\/\/www.cssr.news\/italian\/wp-content\/uploads\/sites\/2\/2022\/10\/capitolo-chiusura_A7407332.jpg\" data-link=\"https:\/\/www.cssr.news\/italian\/?attachment_id=19657\" class=\"wp-image-19657\"\/><\/a><\/figure><\/li><\/ul><\/figure>\n\n\n\n<p><br>Al final de su reflexi\u00f3n invit\u00f3 a todos a llevar el mensaje de este cap\u00edtulo a todo el mundo, es decir, a cada conferencia, a cada unidad, pero a hacerlo con entusiasmo. Porque lo vivido en estos d\u00edas capitulares, al fin y al cabo, no termina con esta celebraci\u00f3n sino que contin\u00faa con el compromiso diario de vivir como redentoristas\u201d.<\/p>\n\n\n\n<p>Al t\u00e9rmino de la ceremonia, se entreg\u00f3 la cruz redentorista a todos los capitulares como signo de env\u00edo misionero.<\/p>\n\n\n\n<p>Scala News<\/p>\n\n\n\n<p><a rel=\"noreferrer noopener\" href=\"http:\/\/www.cssr.news\/spanish\/wp-content\/uploads\/sites\/3\/2022\/10\/HOMILIA-DE-CONCLUSION-DEL-CAPITULO.pdf\" data-type=\"URL\" data-id=\"http:\/\/www.cssr.news\/spanish\/wp-content\/uploads\/sites\/3\/2022\/10\/HOMILIA-DE-CONCLUSION-DEL-CAPITULO.pdf\" target=\"_blank\"><strong>Texto Completo de la Homil\u00eda de la Misa de Clausura<\/strong><\/a><\/p>\n\n\n\n<figure class=\"wp-block-gallery columns-1 is-cropped\"><ul class=\"blocks-gallery-grid\"><li class=\"blocks-gallery-item\"><figure><a href=\"https:\/\/www.cssr.news\/italian\/wp-content\/uploads\/sites\/2\/2022\/10\/A7407545s.jpg\"><img src=\"https:\/\/www.cssr.news\/italian\/wp-content\/uploads\/sites\/2\/2022\/10\/A7407545s-1024x576.jpg\" alt=\"\" data-id=\"19662\" data-full-url=\"https:\/\/www.cssr.news\/italian\/wp-content\/uploads\/sites\/2\/2022\/10\/A7407545s.jpg\" data-link=\"https:\/\/www.cssr.news\/italian\/?attachment_id=19662\" class=\"wp-image-19662\"\/><\/a><\/figure><\/li><\/ul><\/figure>\n","protected":false},"excerpt":{"rendered":"<p>La clausura del XXVI Cap\u00edtulo General de la Congregaci\u00f3n del Sant\u00edsimo Redentor ha tenido lugar esta ma\u00f1ana de jueves 6 de octubre con la celebraci\u00f3n de la Eucarist\u00eda en la iglesia de Sant\u2019Alfonso, Santuario de Nuestra Se\u00f1ora del Perpetuo Socorro en Roma.Presidida por el reci\u00e9n elegido Superior General, Padre Rog\u00e9rio Gomes, C.Ss.R. todos los participantes [&hellip;]<\/p>\n","protected":false},"author":3,"featured_media":18739,"comment_status":"closed","ping_status":"closed","sticky":false,"template":"","format":"standard","meta":[],"categories":[25],"tags":[],"_links":{"self":[{"href":"https:\/\/www.cssr.news\/spanish\/wp-json\/wp\/v2\/posts\/18733"}],"collection":[{"href":"https:\/\/www.cssr.news\/spanish\/wp-json\/wp\/v2\/posts"}],"about":[{"href":"https:\/\/www.cssr.news\/spanish\/wp-json\/wp\/v2\/types\/post"}],"author":[{"embeddable":true,"href":"https:\/\/www.cssr.news\/spanish\/wp-json\/wp\/v2\/users\/3"}],"replies":[{"embeddable":true,"href":"https:\/\/www.cssr.news\/spanish\/wp-json\/wp\/v2\/comments?post=18733"}],"version-history":[{"count":4,"href":"https:\/\/www.cssr.news\/spanish\/wp-json\/wp\/v2\/posts\/18733\/revisions"}],"predecessor-version":[{"id":18741,"href":"https:\/\/www.cssr.news\/spanish\/wp-json\/wp\/v2\/posts\/18733\/revisions\/18741"}],"wp:featuredmedia":[{"embeddable":true,"href":"https:\/\/www.cssr.news\/spanish\/wp-json\/wp\/v2\/media\/18739"}],"wp:attachment":[{"href":"https:\/\/www.cssr.news\/spanish\/wp-json\/wp\/v2\/media?parent=18733"}],"wp:term":[{"taxonomy":"category","embeddable":true,"href":"https:\/\/www.cssr.news\/spanish\/wp-json\/wp\/v2\/categories?post=18733"},{"taxonomy":"post_tag","embeddable":true,"href":"https:\/\/www.cssr.news\/spanish\/wp-json\/wp\/v2\/tags?post=18733"}],"curies":[{"name":"wp","href":"https:\/\/api.w.org\/{rel}","templated":true}]}}