{"id":188,"date":"2015-08-22T10:54:46","date_gmt":"2015-08-22T10:54:46","guid":{"rendered":"http:\/\/www.cssr.news\/spanish\/?p=188"},"modified":"2015-10-22T10:55:04","modified_gmt":"2015-10-22T10:55:04","slug":"online-la-pagina-facebook-de-juventud-redentorista-para-el-dia-mundial-de-la-juventud-redemptor-2016","status":"publish","type":"post","link":"https:\/\/www.cssr.news\/spanish\/2015\/08\/online-la-pagina-facebook-de-juventud-redentorista-para-el-dia-mundial-de-la-juventud-redemptor-2016\/","title":{"rendered":"Online la p\u00e1gina Facebook de Juventud Redentorista para el D\u00eda Mundial de la Juventud \u2013 Redemptor 2016"},"content":{"rendered":"<p style=\"text-align: justify;\">Online la p\u00e1gina oficial Facebook de la Juventud Redentorista en preparaci\u00f3n para el D\u00eda Mundial de la Juventud \u2013 Redemptor 2016<\/p>\n<p style=\"text-align: justify;\">La p\u00e1gina presenta la invitaci\u00f3n y todos los elementos de la preparaci\u00f3n de los j\u00f3venes, en grupos y por di\u00f3cesis para participar a la Jornada Mundial de la Juventud y para la Jornada Alfonsiana 2016.<\/p>\n<p style=\"text-align: justify;\">https:\/\/www.facebook.com\/wyd.redemptor<\/p>\n<p style=\"text-align: justify;\">Si bien no todos entienden la lengua polaca, las fotos y los tantos mensajes fotogr\u00e1ficos hablan por s\u00ed solos.<\/p>\n<p style=\"text-align: justify;\">La p\u00e1gina actualiza constantemente las indicaciones del sitio web creado para esta ocasi\u00f3n:<\/p>\n<p style=\"text-align: justify;\"><a href=\"http:\/\/krakow2016.redemptor.pl\/\" target=\"_blank\">http:\/\/krakow2016.redemptor.pl\/<\/a><\/p>\n<p style=\"text-align: justify;\">Aqu\u00ed se puede leer en 6 idiomas algunas se\u00f1alaciones importantes para este evento internacional.<\/p>\n<p style=\"text-align: justify;\">\u201cBienvenido a nuestro sitio web, que nos llevar\u00e1 a la Jornada Mundial de la Juventud en Cracovia en 2016 \u2013 en particular para los Redentoristas y j\u00f3venes de los Redentoristas.<\/p>\n<p style=\"text-align: justify;\">Durante el D\u00eda Mundial de la Juventud en Cracovia 2016 queremos invitar a los j\u00f3venes de todo el mundo, que est\u00e9n sujetos a la pastoral de los Redentoristas a la reuni\u00f3n conjunta. A nuestro grupo internacional durante la JMJ 2016 lo llamamos Redemptor.\u201d<\/p>\n<p style=\"text-align: justify;\">Con estas palabras nos recibe el sitio que detalla la preparaci\u00f3n del DIA ALFONSIANO para el 27 de julio 2016.<\/p>\n<p style=\"text-align: justify;\">El lugar de la reuni\u00f3n ser\u00e1 la parroquia de Nuestra Se\u00f1ora del Perpetuo Socorro en Cracovia, en la que trabajan los Redentoristas.<\/p>\n<p style=\"text-align: justify;\">Carlos Espinoza<\/p>\n","protected":false},"excerpt":{"rendered":"<p>Online la p\u00e1gina oficial Facebook de la Juventud Redentorista en preparaci\u00f3n para el D\u00eda Mundial de la Juventud \u2013 Redemptor 2016 La p\u00e1gina presenta la invitaci\u00f3n y todos los elementos de la preparaci\u00f3n de los j\u00f3venes, en grupos y por di\u00f3cesis para participar a la Jornada Mundial de la Juventud y para la Jornada Alfonsiana [&hellip;]<\/p>\n","protected":false},"author":1,"featured_media":189,"comment_status":"open","ping_status":"open","sticky":false,"template":"","format":"standard","meta":[],"categories":[19],"tags":[],"_links":{"self":[{"href":"https:\/\/www.cssr.news\/spanish\/wp-json\/wp\/v2\/posts\/188"}],"collection":[{"href":"https:\/\/www.cssr.news\/spanish\/wp-json\/wp\/v2\/posts"}],"about":[{"href":"https:\/\/www.cssr.news\/spanish\/wp-json\/wp\/v2\/types\/post"}],"author":[{"embeddable":true,"href":"https:\/\/www.cssr.news\/spanish\/wp-json\/wp\/v2\/users\/1"}],"replies":[{"embeddable":true,"href":"https:\/\/www.cssr.news\/spanish\/wp-json\/wp\/v2\/comments?post=188"}],"version-history":[{"count":1,"href":"https:\/\/www.cssr.news\/spanish\/wp-json\/wp\/v2\/posts\/188\/revisions"}],"predecessor-version":[{"id":190,"href":"https:\/\/www.cssr.news\/spanish\/wp-json\/wp\/v2\/posts\/188\/revisions\/190"}],"wp:featuredmedia":[{"embeddable":true,"href":"https:\/\/www.cssr.news\/spanish\/wp-json\/wp\/v2\/media\/189"}],"wp:attachment":[{"href":"https:\/\/www.cssr.news\/spanish\/wp-json\/wp\/v2\/media?parent=188"}],"wp:term":[{"taxonomy":"category","embeddable":true,"href":"https:\/\/www.cssr.news\/spanish\/wp-json\/wp\/v2\/categories?post=188"},{"taxonomy":"post_tag","embeddable":true,"href":"https:\/\/www.cssr.news\/spanish\/wp-json\/wp\/v2\/tags?post=188"}],"curies":[{"name":"wp","href":"https:\/\/api.w.org\/{rel}","templated":true}]}}