{"id":22456,"date":"2023-11-20T20:01:45","date_gmt":"2023-11-20T18:01:45","guid":{"rendered":"https:\/\/www.cssr.news\/spanish\/?p=22456"},"modified":"2023-11-20T20:01:47","modified_gmt":"2023-11-20T18:01:47","slug":"reunion-de-la-secretaria-de-finanzas","status":"publish","type":"post","link":"https:\/\/www.cssr.news\/spanish\/2023\/11\/reunion-de-la-secretaria-de-finanzas\/","title":{"rendered":"Reuni\u00f3n de la Secretar\u00eda de Finanzas"},"content":{"rendered":"\n<p>La Secretar\u00eda de Finanzas celebr\u00f3 su reuni\u00f3n bienal del 15 al 17 de noviembre en la Casa San Alfonso de Roma. Estuvieron presentes Vicente Soria Fleitas (Ec\u00f3nomo General), Vincent Vaz (Tesorero Adjunto), Ivel Mendanha (Consultor General), Gerry O&#8217;Connor, Jeffrey Rolle, Ignacio V\u00e1zquez Gued\u00e1n, Kingsley Ifeanyi Anoghala, Johannes R\u00f6melt y Kevin Zubel (Auditor del Gobierno General).<\/p>\n\n\n\n<p>La Secretar\u00eda de Finanzas se re\u00fane dos veces al a\u00f1o para analizar el presupuesto y la presentaci\u00f3n de informes del Gobierno General y de las distintas instituciones bajo su tutela. Adem\u00e1s, formula recomendaciones al Consejo General para la adopci\u00f3n de decisiones relativas a diversas cuestiones financieras.<\/p>\n\n\n\n<figure class=\"wp-block-gallery columns-3 is-cropped\"><ul class=\"blocks-gallery-grid\"><li class=\"blocks-gallery-item\"><figure><a href=\"http:\/\/www.cssr.news\/wp-content\/uploads\/2023\/11\/2023-1103_General-Secretariat-Finances-0123_scaled.jpg\"><img src=\"http:\/\/www.cssr.news\/wp-content\/uploads\/2023\/11\/2023-1103_General-Secretariat-Finances-0123_scaled.jpg\" alt=\"\" data-id=\"29640\" data-link=\"https:\/\/www.cssr.news\/?attachment_id=29640\" class=\"wp-image-29640\"\/><\/a><\/figure><\/li><li class=\"blocks-gallery-item\"><figure><a href=\"http:\/\/www.cssr.news\/wp-content\/uploads\/2023\/11\/2023-1103_General-Secretariat-Finances-0112_scaled.jpg\"><img src=\"http:\/\/www.cssr.news\/wp-content\/uploads\/2023\/11\/2023-1103_General-Secretariat-Finances-0112_scaled.jpg\" alt=\"\" data-id=\"29638\" data-link=\"https:\/\/www.cssr.news\/?attachment_id=29638\" class=\"wp-image-29638\"\/><\/a><\/figure><\/li><li class=\"blocks-gallery-item\"><figure><a href=\"https:\/\/www.cssr.news\/wp-content\/uploads\/2023\/11\/2023-1103_General-Secretariat-Finances-0114_scaled.jpg\"><img src=\"https:\/\/www.cssr.news\/wp-content\/uploads\/2023\/11\/2023-1103_General-Secretariat-Finances-0114_scaled.jpg\" alt=\"\" data-id=\"29644\" data-full-url=\"https:\/\/www.cssr.news\/wp-content\/uploads\/2023\/11\/2023-1103_General-Secretariat-Finances-0114_scaled.jpg\" data-link=\"https:\/\/www.cssr.news\/?attachment_id=29644\" class=\"wp-image-29644\"\/><\/a><\/figure><\/li><li class=\"blocks-gallery-item\"><figure><a href=\"http:\/\/www.cssr.news\/wp-content\/uploads\/2023\/11\/2023-1103_General-Secretariat-Finances-0118_scaled.jpg\"><img src=\"http:\/\/www.cssr.news\/wp-content\/uploads\/2023\/11\/2023-1103_General-Secretariat-Finances-0118_scaled.jpg\" alt=\"\" data-id=\"29639\" data-link=\"https:\/\/www.cssr.news\/?attachment_id=29639\" class=\"wp-image-29639\"\/><\/a><\/figure><\/li><\/ul><\/figure>\n\n\n\n<p>El orden del d\u00eda de este encuentro incluy\u00f3 la presentaci\u00f3n de la cuenta financiera de 2023, la estimaci\u00f3n presupuestaria de 2024, un an\u00e1lisis de las inversiones del Gobierno General, reuniones online con varios potenciales banqueros de inversi\u00f3n y una sesi\u00f3n con consultores para las inversiones del Gobierno General, revisi\u00f3n de los informes financieros y de las contribuciones de las distintas unidades de la Congregaci\u00f3n, la recaudaci\u00f3n de fondos para la Academia Alfonsiana, la presentaci\u00f3n del presupuesto para la reestructuraci\u00f3n y renovaci\u00f3n de la Casa San Alfonso y la recaudaci\u00f3n de fondos para la misma, y \u200b\u200bel programa de formaci\u00f3n sobre Liderazgo Financiero y Administrativo para todos los Superiores Mayores y Ec\u00f3nomos de la Congregaci\u00f3n a nivel Congregacional. Otros temas tratados fueron la seguridad inform\u00e1tica para la Oficina del Ec\u00f3nomo General, los seguros, la seguridad contra incendios para la Academia Alfonsiana y la implementaci\u00f3n de controles financieros en todos los niveles de la Congregaci\u00f3n, empezando por la Oficina del Ec\u00f3nomo General. Luego de discutir estos temas, la Secretar\u00eda de Finanzas hizo un par de recomendaciones al Gobierno General para su decisi\u00f3n e implementaci\u00f3n.<\/p>\n\n\n\n<p>El Padre Rog\u00e9rio Gomes, Superior General, se dirigi\u00f3 al grupo y agradeci\u00f3 a los miembros por el importante trabajo que realiza el Secretariado para ayudar al Gobierno General a gestionar los fondos de la Congregaci\u00f3n. El Padre Ivel, celebrando la Eucarist\u00eda durante el encuentro, reflexion\u00f3 sobre la centralidad del Evangelio en la vida de la Congregaci\u00f3n y de cada miembro y sobre la necesidad de mantener la atenci\u00f3n en la administraci\u00f3n del Evangelio como norma decisiva para la gesti\u00f3n financiera a todos los niveles. . La pr\u00f3xima reuni\u00f3n se celebrar\u00e1 el pr\u00f3ximo a\u00f1o en mayo.<\/p>\n\n\n\n<p>Jos\u00e9 Ivel Mendanha, C.Ss.R.<br>consultor general<\/p>\n","protected":false},"excerpt":{"rendered":"<p>La Secretar\u00eda de Finanzas celebr\u00f3 su reuni\u00f3n bienal del 15 al 17 de noviembre en la Casa San Alfonso de Roma. Estuvieron presentes Vicente Soria Fleitas (Ec\u00f3nomo General), Vincent Vaz (Tesorero Adjunto), Ivel Mendanha (Consultor General), Gerry O&#8217;Connor, Jeffrey Rolle, Ignacio V\u00e1zquez Gued\u00e1n, Kingsley Ifeanyi Anoghala, Johannes R\u00f6melt y Kevin Zubel (Auditor del Gobierno General). [&hellip;]<\/p>\n","protected":false},"author":3,"featured_media":22453,"comment_status":"closed","ping_status":"closed","sticky":false,"template":"","format":"standard","meta":[],"categories":[17],"tags":[],"_links":{"self":[{"href":"https:\/\/www.cssr.news\/spanish\/wp-json\/wp\/v2\/posts\/22456"}],"collection":[{"href":"https:\/\/www.cssr.news\/spanish\/wp-json\/wp\/v2\/posts"}],"about":[{"href":"https:\/\/www.cssr.news\/spanish\/wp-json\/wp\/v2\/types\/post"}],"author":[{"embeddable":true,"href":"https:\/\/www.cssr.news\/spanish\/wp-json\/wp\/v2\/users\/3"}],"replies":[{"embeddable":true,"href":"https:\/\/www.cssr.news\/spanish\/wp-json\/wp\/v2\/comments?post=22456"}],"version-history":[{"count":2,"href":"https:\/\/www.cssr.news\/spanish\/wp-json\/wp\/v2\/posts\/22456\/revisions"}],"predecessor-version":[{"id":22458,"href":"https:\/\/www.cssr.news\/spanish\/wp-json\/wp\/v2\/posts\/22456\/revisions\/22458"}],"wp:featuredmedia":[{"embeddable":true,"href":"https:\/\/www.cssr.news\/spanish\/wp-json\/wp\/v2\/media\/22453"}],"wp:attachment":[{"href":"https:\/\/www.cssr.news\/spanish\/wp-json\/wp\/v2\/media?parent=22456"}],"wp:term":[{"taxonomy":"category","embeddable":true,"href":"https:\/\/www.cssr.news\/spanish\/wp-json\/wp\/v2\/categories?post=22456"},{"taxonomy":"post_tag","embeddable":true,"href":"https:\/\/www.cssr.news\/spanish\/wp-json\/wp\/v2\/tags?post=22456"}],"curies":[{"name":"wp","href":"https:\/\/api.w.org\/{rel}","templated":true}]}}