{"id":22462,"date":"2023-11-20T20:35:30","date_gmt":"2023-11-20T18:35:30","guid":{"rendered":"https:\/\/www.cssr.news\/spanish\/?p=22462"},"modified":"2023-11-22T10:43:17","modified_gmt":"2023-11-22T08:43:17","slug":"filipinas-lanzamiento-del-mes-vocacional-redentorista","status":"publish","type":"post","link":"https:\/\/www.cssr.news\/spanish\/2023\/11\/filipinas-lanzamiento-del-mes-vocacional-redentorista\/","title":{"rendered":"Filipinas: Lanzamiento del Mes Vocacional Redentorista"},"content":{"rendered":"\n<p><strong>El Mes de las Vocaciones Redentoristas fue lanzado el 12 de noviembre en Baclaran por la Viceprovincia de Manila en Filipinas<\/strong><\/p>\n\n\n\n<p>\u00bfQui\u00e9n es el catalizador de nuestra vocaci\u00f3n? No es otro que Dios a trav\u00e9s de Su GRACIA y REPARACI\u00d3N, que se puede sentir a trav\u00e9s de nuestras SITUACIONES de vida, las PERSONAS que vivimos y ENCUENTROS significativos.<\/p>\n\n\n\n<p>A trav\u00e9s de Su GRACIA. Muchas vocaciones exitosas dir\u00edan que tuvieron la suerte de crecer en una familia que puede no ser perfecta pero que se ama unos a otros, extendi\u00e9ndose incluso a los que no son miembros: vecinos, parientes e incluso extra\u00f1os. El ejemplo de nuestros padres, abuelas y todos aquellos que son mayores que nos imparten, influye en nuestro comportamiento para estar al servicio de los dem\u00e1s.<\/p>\n\n\n\n<p>A trav\u00e9s de Su REFUGIO. La realidad es que ninguno de nosotros tiene el privilegio de elegir en qu\u00e9 familia o sociedad nacemos. Desafortunadamente, muchos enfrentan el desaf\u00edo desde la ni\u00f1ez de prosperar gracias a los recursos, el amor, la pertenencia y otras necesidades de desarrollo.<\/p>\n\n\n\n<figure class=\"wp-block-gallery columns-3 is-cropped\"><ul class=\"blocks-gallery-grid\"><li class=\"blocks-gallery-item\"><figure><a href=\"http:\/\/www.cssr.news\/wp-content\/uploads\/2023\/11\/sn2023-1120-Manila-vocation1.jpeg\"><img src=\"http:\/\/www.cssr.news\/wp-content\/uploads\/2023\/11\/sn2023-1120-Manila-vocation1.jpeg\" alt=\"\" data-id=\"29661\" data-full-url=\"http:\/\/www.cssr.news\/wp-content\/uploads\/2023\/11\/sn2023-1120-Manila-vocation1.jpeg\" data-link=\"https:\/\/www.cssr.news\/?attachment_id=29661\" class=\"wp-image-29661\"\/><\/a><\/figure><\/li><li class=\"blocks-gallery-item\"><figure><a href=\"http:\/\/www.cssr.news\/wp-content\/uploads\/2023\/11\/sn2023-1120-Manila-vocation16.jpeg\"><img src=\"http:\/\/www.cssr.news\/wp-content\/uploads\/2023\/11\/sn2023-1120-Manila-vocation16.jpeg\" alt=\"\" data-id=\"29660\" data-full-url=\"http:\/\/www.cssr.news\/wp-content\/uploads\/2023\/11\/sn2023-1120-Manila-vocation16.jpeg\" data-link=\"https:\/\/www.cssr.news\/?attachment_id=29660\" class=\"wp-image-29660\"\/><\/a><\/figure><\/li><li class=\"blocks-gallery-item\"><figure><a href=\"http:\/\/www.cssr.news\/wp-content\/uploads\/2023\/11\/sn2023-1120-Manila-vocation14.jpeg\"><img src=\"http:\/\/www.cssr.news\/wp-content\/uploads\/2023\/11\/sn2023-1120-Manila-vocation14.jpeg\" alt=\"\" data-id=\"29659\" data-full-url=\"http:\/\/www.cssr.news\/wp-content\/uploads\/2023\/11\/sn2023-1120-Manila-vocation14.jpeg\" data-link=\"https:\/\/www.cssr.news\/?attachment_id=29659\" class=\"wp-image-29659\"\/><\/a><\/figure><\/li><li class=\"blocks-gallery-item\"><figure><a href=\"http:\/\/www.cssr.news\/wp-content\/uploads\/2023\/11\/sn2023-1120-Manila-vocation13.jpeg\"><img src=\"http:\/\/www.cssr.news\/wp-content\/uploads\/2023\/11\/sn2023-1120-Manila-vocation13.jpeg\" alt=\"\" data-id=\"29658\" data-full-url=\"http:\/\/www.cssr.news\/wp-content\/uploads\/2023\/11\/sn2023-1120-Manila-vocation13.jpeg\" data-link=\"https:\/\/www.cssr.news\/?attachment_id=29658\" class=\"wp-image-29658\"\/><\/a><\/figure><\/li><li class=\"blocks-gallery-item\"><figure><a href=\"http:\/\/www.cssr.news\/wp-content\/uploads\/2023\/11\/sn2023-1120-Manila-vocation11.jpeg\"><img src=\"http:\/\/www.cssr.news\/wp-content\/uploads\/2023\/11\/sn2023-1120-Manila-vocation11.jpeg\" alt=\"\" data-id=\"29656\" data-full-url=\"http:\/\/www.cssr.news\/wp-content\/uploads\/2023\/11\/sn2023-1120-Manila-vocation11.jpeg\" data-link=\"https:\/\/www.cssr.news\/?attachment_id=29656\" class=\"wp-image-29656\"\/><\/a><\/figure><\/li><li class=\"blocks-gallery-item\"><figure><a href=\"http:\/\/www.cssr.news\/wp-content\/uploads\/2023\/11\/sn2023-1120-Manila-vocation9.jpeg\"><img src=\"http:\/\/www.cssr.news\/wp-content\/uploads\/2023\/11\/sn2023-1120-Manila-vocation9.jpeg\" alt=\"\" data-id=\"29654\" data-full-url=\"http:\/\/www.cssr.news\/wp-content\/uploads\/2023\/11\/sn2023-1120-Manila-vocation9.jpeg\" data-link=\"https:\/\/www.cssr.news\/?attachment_id=29654\" class=\"wp-image-29654\"\/><\/a><\/figure><\/li><li class=\"blocks-gallery-item\"><figure><a href=\"http:\/\/www.cssr.news\/wp-content\/uploads\/2023\/11\/sn2023-1120-Manila-vocation8.jpeg\"><img src=\"http:\/\/www.cssr.news\/wp-content\/uploads\/2023\/11\/sn2023-1120-Manila-vocation8.jpeg\" alt=\"\" data-id=\"29653\" data-full-url=\"http:\/\/www.cssr.news\/wp-content\/uploads\/2023\/11\/sn2023-1120-Manila-vocation8.jpeg\" data-link=\"https:\/\/www.cssr.news\/?attachment_id=29653\" class=\"wp-image-29653\"\/><\/a><\/figure><\/li><li class=\"blocks-gallery-item\"><figure><a href=\"http:\/\/www.cssr.news\/wp-content\/uploads\/2023\/11\/sn2023-1120-Manila-vocation7.jpeg\"><img src=\"http:\/\/www.cssr.news\/wp-content\/uploads\/2023\/11\/sn2023-1120-Manila-vocation7.jpeg\" alt=\"\" data-id=\"29652\" data-full-url=\"http:\/\/www.cssr.news\/wp-content\/uploads\/2023\/11\/sn2023-1120-Manila-vocation7.jpeg\" data-link=\"https:\/\/www.cssr.news\/?attachment_id=29652\" class=\"wp-image-29652\"\/><\/a><\/figure><\/li><li class=\"blocks-gallery-item\"><figure><a href=\"http:\/\/www.cssr.news\/wp-content\/uploads\/2023\/11\/sn2023-1120-Manila-vocation6.jpeg\"><img src=\"http:\/\/www.cssr.news\/wp-content\/uploads\/2023\/11\/sn2023-1120-Manila-vocation6.jpeg\" alt=\"\" data-id=\"29651\" data-full-url=\"http:\/\/www.cssr.news\/wp-content\/uploads\/2023\/11\/sn2023-1120-Manila-vocation6.jpeg\" data-link=\"https:\/\/www.cssr.news\/?attachment_id=29651\" class=\"wp-image-29651\"\/><\/a><\/figure><\/li><li class=\"blocks-gallery-item\"><figure><a href=\"http:\/\/www.cssr.news\/wp-content\/uploads\/2023\/11\/sn2023-1120-Manila-vocation5.jpeg\"><img src=\"http:\/\/www.cssr.news\/wp-content\/uploads\/2023\/11\/sn2023-1120-Manila-vocation5.jpeg\" alt=\"\" data-id=\"29650\" data-full-url=\"http:\/\/www.cssr.news\/wp-content\/uploads\/2023\/11\/sn2023-1120-Manila-vocation5.jpeg\" data-link=\"https:\/\/www.cssr.news\/?attachment_id=29650\" class=\"wp-image-29650\"\/><\/a><\/figure><\/li><li class=\"blocks-gallery-item\"><figure><a href=\"http:\/\/www.cssr.news\/wp-content\/uploads\/2023\/11\/sn2023-1120-Manila-vocation4.jpeg\"><img src=\"http:\/\/www.cssr.news\/wp-content\/uploads\/2023\/11\/sn2023-1120-Manila-vocation4.jpeg\" alt=\"\" data-id=\"29649\" data-full-url=\"http:\/\/www.cssr.news\/wp-content\/uploads\/2023\/11\/sn2023-1120-Manila-vocation4.jpeg\" data-link=\"https:\/\/www.cssr.news\/?attachment_id=29649\" class=\"wp-image-29649\"\/><\/a><\/figure><\/li><li class=\"blocks-gallery-item\"><figure><a href=\"http:\/\/www.cssr.news\/wp-content\/uploads\/2023\/11\/sn2023-1120-Manila-vocation2.jpeg\"><img src=\"http:\/\/www.cssr.news\/wp-content\/uploads\/2023\/11\/sn2023-1120-Manila-vocation2.jpeg\" alt=\"\" data-id=\"29648\" data-full-url=\"http:\/\/www.cssr.news\/wp-content\/uploads\/2023\/11\/sn2023-1120-Manila-vocation2.jpeg\" data-link=\"https:\/\/www.cssr.news\/?attachment_id=29648\" class=\"wp-image-29648\"\/><\/a><\/figure><\/li><\/ul><\/figure>\n\n\n\n<p>Con la Gracia, la experiencia se vuelve m\u00e1s significativa cuando podemos reflexionar sobre nuestros recuerdos m\u00e1s profundos una vez que hemos envejecido lo suficiente como para tener una perspectiva m\u00e1s sabia y reveladora. Y esta experiencia en s\u00ed misma es como las finas l\u00edneas de nuestra palma: distinta de todas las dem\u00e1s. Esta se convierte en nuestra historia que contar, nuestra proclamaci\u00f3n de la presencia de Dios en nuestras vidas.<\/p>\n\n\n\n<p>Esta realizaci\u00f3n es producto de Tambayan: un campamento de promoci\u00f3n vocacional, una actividad para lanzar el Mes Vocacional Redentorista. A la actividad asistieron las distintas Misiones Juveniles Redentoristas (Legazpi, Laoag, Baclaran y Lipa), Comunidades de Formaci\u00f3n, Comunidades de Noviciado, otras organizaciones juveniles, la Familia Redentorista (MPS, BPS, OSR) y j\u00f3venes en discernimiento vocacional.<\/p>\n\n\n\n<p>Desde la tarde hasta el amanecer, el programa ofreci\u00f3 a los j\u00f3venes un camino para discernir y orar. Incluyendo una visita a los stands de Vocaciones, que muestran el carisma redentorista, y otras congregaciones religiosas. Tambi\u00e9n consta de una sesi\u00f3n de capacitaci\u00f3n facilitada por la hermana Clariza Moren, MPS, quien recuerda a los j\u00f3venes que la vocaci\u00f3n proviene de la capacidad de estar disponibles en el llamado de Dios.<\/p>\n\n\n\n<p>Ayudar a los j\u00f3venes en modo de oraci\u00f3n, la alabanza y la adoraci\u00f3n energizan su pasi\u00f3n, y la Adoraci\u00f3n del Sant\u00edsimo Sacramento nutre su alma para estar en contacto con el Se\u00f1or. Todas las actividades son de oraci\u00f3n, discernimiento y disfrute de la presencia de Dios.<\/p>\n\n\n\n<p>Por eso so\u00f1amos con tener m\u00e1s vocaciones en la vida religiosa misionera. Cada vez m\u00e1s j\u00f3venes seguir\u00e1n los pasos del Redentor convirti\u00e9ndose en Misioneros de la Esperanza, Misioneros Redentoristas.<\/p>\n\n\n\n<p>Seguimos orando por nuestra vocaci\u00f3n, especialmente por aquellos que se unieron a nosotros en Tambayan: Una Vigilia-Campamento Vocacional. Sigamos orando por la vocaci\u00f3n redentorista.<\/p>\n\n\n\n<p>Mary Elenor Adagio<br>RYM-Lipa<\/p>\n","protected":false},"excerpt":{"rendered":"<p>El Mes de las Vocaciones Redentoristas fue lanzado el 12 de noviembre en Baclaran por la Viceprovincia de Manila en Filipinas \u00bfQui\u00e9n es el catalizador de nuestra vocaci\u00f3n? No es otro que Dios a trav\u00e9s de Su GRACIA y REPARACI\u00d3N, que se puede sentir a trav\u00e9s de nuestras SITUACIONES de vida, las PERSONAS que vivimos [&hellip;]<\/p>\n","protected":false},"author":3,"featured_media":22463,"comment_status":"closed","ping_status":"closed","sticky":false,"template":"","format":"standard","meta":[],"categories":[31],"tags":[],"_links":{"self":[{"href":"https:\/\/www.cssr.news\/spanish\/wp-json\/wp\/v2\/posts\/22462"}],"collection":[{"href":"https:\/\/www.cssr.news\/spanish\/wp-json\/wp\/v2\/posts"}],"about":[{"href":"https:\/\/www.cssr.news\/spanish\/wp-json\/wp\/v2\/types\/post"}],"author":[{"embeddable":true,"href":"https:\/\/www.cssr.news\/spanish\/wp-json\/wp\/v2\/users\/3"}],"replies":[{"embeddable":true,"href":"https:\/\/www.cssr.news\/spanish\/wp-json\/wp\/v2\/comments?post=22462"}],"version-history":[{"count":3,"href":"https:\/\/www.cssr.news\/spanish\/wp-json\/wp\/v2\/posts\/22462\/revisions"}],"predecessor-version":[{"id":22473,"href":"https:\/\/www.cssr.news\/spanish\/wp-json\/wp\/v2\/posts\/22462\/revisions\/22473"}],"wp:featuredmedia":[{"embeddable":true,"href":"https:\/\/www.cssr.news\/spanish\/wp-json\/wp\/v2\/media\/22463"}],"wp:attachment":[{"href":"https:\/\/www.cssr.news\/spanish\/wp-json\/wp\/v2\/media?parent=22462"}],"wp:term":[{"taxonomy":"category","embeddable":true,"href":"https:\/\/www.cssr.news\/spanish\/wp-json\/wp\/v2\/categories?post=22462"},{"taxonomy":"post_tag","embeddable":true,"href":"https:\/\/www.cssr.news\/spanish\/wp-json\/wp\/v2\/tags?post=22462"}],"curies":[{"name":"wp","href":"https:\/\/api.w.org\/{rel}","templated":true}]}}