{"id":22677,"date":"2023-12-19T09:01:00","date_gmt":"2023-12-19T07:01:00","guid":{"rendered":"https:\/\/www.cssr.news\/spanish\/?p=22677"},"modified":"2023-12-18T11:04:50","modified_gmt":"2023-12-18T09:04:50","slug":"padre-parron-nuevo-rector-del-santuario-de-nuestra-senora-del-perpetuo-socorro-en-curitiba","status":"publish","type":"post","link":"https:\/\/www.cssr.news\/spanish\/2023\/12\/padre-parron-nuevo-rector-del-santuario-de-nuestra-senora-del-perpetuo-socorro-en-curitiba\/","title":{"rendered":"Padre Parron nuevo rector del Santuario de Nuestra Se\u00f1ora del Perpetuo Socorro, en Curitiba"},"content":{"rendered":"\n<p><strong><em>El nombramiento fue indicado por el Provincial de la Congregaci\u00f3n del Sant\u00edsimo Redentor, padre Edilei Silva, y por el Arzobispo Metropolitano, Monse\u00f1or Jos\u00e9 Ant\u00f4nio Peruzzo.<\/em><\/strong><\/p>\n\n\n\n<p>El misionero redentorista Padre Joaquim Parron acaba de ser anunciado por el Consejo Provincial de Curitiba como rector del Santuario de Nuestra Se\u00f1ora del Perpetuo Socorro. El nombramiento fue recomendado por el Provincial de la Congregaci\u00f3n del Sant\u00edsimo Redentor, padre Edilei Silva, y por el Arzobispo Metropolitano, Monse\u00f1or Jos\u00e9 Ant\u00f4nio Peruzzo. Se espera que Parron se haga cargo del trabajo en enero de 2024.<\/p>\n\n\n\n<p>En los \u00faltimos a\u00f1os, el padre Parron se ha dedicado a la formaci\u00f3n de seminaristas en fase de postulantado, en el Seminario S\u00e3o Geraldo Magela, en el barrio de Prado Velho. Al inicio de la pandemia fund\u00f3 el Movimiento SOS Vila Torres, que reaviv\u00f3 la solidaridad de los habitantes de Curitiba para llevar alimentos a los necesitados. El Movimiento creci\u00f3 y se convirti\u00f3 en SOS Combate \u00e0 Fome, que hoy distribuye 2.000 cestas b\u00e1sicas de alimentos al mes en siete comunidades.<\/p>\n\n\n\n<p><strong>El movimiento SOS contin\u00faa<\/strong><br>Preguntado sobre la direcci\u00f3n del Movimiento SOS tras su nombramiento como rector, el padre Parron tranquiliza a los habitantes de Curitiba, garantizando que se fortalecer\u00e1 el trabajo solidario. \u201cEl propio arzobispo me pidi\u00f3 personalmente que mantuviera SOS Combate \u00e0 Fome, por lo que estamos elaborando planes para fortalecer a\u00fan m\u00e1s las acciones en 2024\u201d, dijo.<\/p>\n\n\n\n<p>El Padre Parron fue Superior Provincial de los Redentoristas, Misionero en el interior de Mato Grosso do Sul, rector del Santuario de la Patrona de Paran\u00e1, Nossa Senhora do Rocio y desarrolla una fuerte actividad evangelizadora en las afueras de la capital de Paran\u00e1. Tiene formaci\u00f3n en varias \u00e1reas del conocimiento adem\u00e1s de filosof\u00eda, psicolog\u00eda y teolog\u00eda. Tiene un doctorado en teolog\u00eda moral de la Universidad Cat\u00f3lica de Am\u00e9rica, Estados Unidos, una maestr\u00eda en educaci\u00f3n universitaria de la PUCPR y actualmente ense\u00f1a en el Centro Universitario Claretiano. Tambi\u00e9n ha sido muy devoto de la Madre del Perpetuo Socorro desde ni\u00f1o.<\/p>\n\n\n\n<p>Para el padre Parron, la misi\u00f3n que emprende pertenece, de hecho, a la Comunidad Religiosa Redentorista, ya que todo el trabajo de los congregantes es com\u00fan. \u201cSomos misioneros y vivimos y trabajamos en una comunidad redentorista. Seremos varios hermanos los que trabajaremos en el Santuario del Perpetuo Socorro. El rector es precisamente quien articula y anima a la comunidad misionera, pero la misi\u00f3n es de todos\u201d, afirm\u00f3.<\/p>\n\n\n\n<p>Seg\u00fan los religiosos, cada hermano asumir\u00e1 una dimensi\u00f3n de trabajo en el Santuario, siendo una comunidad misionera. Se har\u00e1 hincapi\u00e9 en la espiritualidad que genera los misioneros laicos comprometidos en los distintos frentes de la Iglesia en la archidi\u00f3cesis de Curitiba. \u201cDebemos llevar a cabo una misi\u00f3n din\u00e1mica y una evangelizaci\u00f3n encarnada en la vida del Pueblo de Dios\u201d, subray\u00f3 el Redentorista.<\/p>\n\n\n\n<p>(bemparana.com.br)<\/p>\n","protected":false},"excerpt":{"rendered":"<p>El nombramiento fue indicado por el Provincial de la Congregaci\u00f3n del Sant\u00edsimo Redentor, padre Edilei Silva, y por el Arzobispo Metropolitano, Monse\u00f1or Jos\u00e9 Ant\u00f4nio Peruzzo. El misionero redentorista Padre Joaquim Parron acaba de ser anunciado por el Consejo Provincial de Curitiba como rector del Santuario de Nuestra Se\u00f1ora del Perpetuo Socorro. El nombramiento fue recomendado [&hellip;]<\/p>\n","protected":false},"author":3,"featured_media":17304,"comment_status":"closed","ping_status":"closed","sticky":false,"template":"","format":"standard","meta":[],"categories":[15],"tags":[],"_links":{"self":[{"href":"https:\/\/www.cssr.news\/spanish\/wp-json\/wp\/v2\/posts\/22677"}],"collection":[{"href":"https:\/\/www.cssr.news\/spanish\/wp-json\/wp\/v2\/posts"}],"about":[{"href":"https:\/\/www.cssr.news\/spanish\/wp-json\/wp\/v2\/types\/post"}],"author":[{"embeddable":true,"href":"https:\/\/www.cssr.news\/spanish\/wp-json\/wp\/v2\/users\/3"}],"replies":[{"embeddable":true,"href":"https:\/\/www.cssr.news\/spanish\/wp-json\/wp\/v2\/comments?post=22677"}],"version-history":[{"count":1,"href":"https:\/\/www.cssr.news\/spanish\/wp-json\/wp\/v2\/posts\/22677\/revisions"}],"predecessor-version":[{"id":22678,"href":"https:\/\/www.cssr.news\/spanish\/wp-json\/wp\/v2\/posts\/22677\/revisions\/22678"}],"wp:featuredmedia":[{"embeddable":true,"href":"https:\/\/www.cssr.news\/spanish\/wp-json\/wp\/v2\/media\/17304"}],"wp:attachment":[{"href":"https:\/\/www.cssr.news\/spanish\/wp-json\/wp\/v2\/media?parent=22677"}],"wp:term":[{"taxonomy":"category","embeddable":true,"href":"https:\/\/www.cssr.news\/spanish\/wp-json\/wp\/v2\/categories?post=22677"},{"taxonomy":"post_tag","embeddable":true,"href":"https:\/\/www.cssr.news\/spanish\/wp-json\/wp\/v2\/tags?post=22677"}],"curies":[{"name":"wp","href":"https:\/\/api.w.org\/{rel}","templated":true}]}}