{"id":22679,"date":"2023-12-21T16:21:19","date_gmt":"2023-12-21T14:21:19","guid":{"rendered":"https:\/\/www.cssr.news\/spanish\/?p=22679"},"modified":"2023-12-21T16:21:20","modified_gmt":"2023-12-21T14:21:20","slug":"primera-ordenacion-en-la-nueva-provincia-madre-del-perpetuo-socorro","status":"publish","type":"post","link":"https:\/\/www.cssr.news\/spanish\/2023\/12\/primera-ordenacion-en-la-nueva-provincia-madre-del-perpetuo-socorro\/","title":{"rendered":"Primera ordenaci\u00f3n en la nueva Provincia Madre Del Perpetuo Socorro"},"content":{"rendered":"\n<p>El pasado viernes 15 de diciembre Su Eminencia Cardenal Leopoldo Jos\u00e9 Brenes, Arzobispo Metropolitano de Managua, presidi\u00f3 la Eucarist\u00eda de Ordenaci\u00f3n Sacerdotal de nuestro cohermano <strong>Bismark Antonio Garmendiz Matus, C.Ss.R.<\/strong> en la Parroquia Sant\u00edsimo Redentor en Managua. <\/p>\n\n\n\n<p>El nuevo sacerdote ha sido nombrado Vicario Parroquial de la Parroquia Sant\u00edsima Trindad en la Zona Oriental y de la Parroquia Sant\u00edsimo Redentor de la Zona Central. <\/p>\n\n\n\n<p>En la celebraci\u00f3n estuvieron presentes el Provincial de los redentoristas P. Raphael Thierry, CSsR y algunos Co-hermanos de la zona. <\/p>\n\n\n\n<p>Que el Redentor bendiga siempre el trabajo de los misioneros redentoristas, en espcial, en esta zona dificil de Centro Am\u00e9rica.<\/p>\n\n\n\n<figure class=\"wp-block-gallery columns-2 is-cropped\"><ul class=\"blocks-gallery-grid\"><li class=\"blocks-gallery-item\"><figure><a href=\"http:\/\/www.cssr.news\/spanish\/wp-content\/uploads\/sites\/3\/2023\/12\/sn2023_nicaragua_dic_ordenacion02.jpg\"><img width=\"540\" height=\"540\" src=\"http:\/\/www.cssr.news\/spanish\/wp-content\/uploads\/sites\/3\/2023\/12\/sn2023_nicaragua_dic_ordenacion02.jpg\" alt=\"\" data-id=\"22683\" data-full-url=\"http:\/\/www.cssr.news\/spanish\/wp-content\/uploads\/sites\/3\/2023\/12\/sn2023_nicaragua_dic_ordenacion02.jpg\" data-link=\"https:\/\/www.cssr.news\/spanish\/?attachment_id=22683\" class=\"wp-image-22683\" srcset=\"https:\/\/www.cssr.news\/spanish\/wp-content\/uploads\/sites\/3\/2023\/12\/sn2023_nicaragua_dic_ordenacion02.jpg 540w, https:\/\/www.cssr.news\/spanish\/wp-content\/uploads\/sites\/3\/2023\/12\/sn2023_nicaragua_dic_ordenacion02-300x300.jpg 300w, https:\/\/www.cssr.news\/spanish\/wp-content\/uploads\/sites\/3\/2023\/12\/sn2023_nicaragua_dic_ordenacion02-150x150.jpg 150w, https:\/\/www.cssr.news\/spanish\/wp-content\/uploads\/sites\/3\/2023\/12\/sn2023_nicaragua_dic_ordenacion02-420x420.jpg 420w\" sizes=\"(max-width: 540px) 100vw, 540px\" \/><\/a><\/figure><\/li><li class=\"blocks-gallery-item\"><figure><a href=\"http:\/\/www.cssr.news\/spanish\/wp-content\/uploads\/sites\/3\/2023\/12\/sn2023_nicaragua_dic_ordenacion03.jpg\"><img width=\"540\" height=\"540\" src=\"http:\/\/www.cssr.news\/spanish\/wp-content\/uploads\/sites\/3\/2023\/12\/sn2023_nicaragua_dic_ordenacion03.jpg\" alt=\"\" data-id=\"22682\" data-full-url=\"http:\/\/www.cssr.news\/spanish\/wp-content\/uploads\/sites\/3\/2023\/12\/sn2023_nicaragua_dic_ordenacion03.jpg\" data-link=\"https:\/\/www.cssr.news\/spanish\/?attachment_id=22682\" class=\"wp-image-22682\" srcset=\"https:\/\/www.cssr.news\/spanish\/wp-content\/uploads\/sites\/3\/2023\/12\/sn2023_nicaragua_dic_ordenacion03.jpg 540w, https:\/\/www.cssr.news\/spanish\/wp-content\/uploads\/sites\/3\/2023\/12\/sn2023_nicaragua_dic_ordenacion03-300x300.jpg 300w, https:\/\/www.cssr.news\/spanish\/wp-content\/uploads\/sites\/3\/2023\/12\/sn2023_nicaragua_dic_ordenacion03-150x150.jpg 150w, https:\/\/www.cssr.news\/spanish\/wp-content\/uploads\/sites\/3\/2023\/12\/sn2023_nicaragua_dic_ordenacion03-420x420.jpg 420w\" sizes=\"(max-width: 540px) 100vw, 540px\" \/><\/a><\/figure><\/li><\/ul><\/figure>\n\n\n\n<p><strong>Bismark Antonio Garmendiz Matus, C.Ss.R.<\/strong><\/p>\n\n\n\n<p>2012 inicia proceso vocacional<br>2014 ingresa al seminario san Clemente, en Costa Rica, luego va a la Univ. Cat\u00f3lica de Costa Rica<br>2017 noviciado en Pie de Cuesta, Santander, Colombia<br>2018 profesi\u00f3n temporal como religioso redentorista en la parroquia Sant\u00edsima Trinidad en Managua, Nicaragua<br>2018 ingresa al Junioriado San Alfonso, en San Salvador donde estudia Teolog\u00eda<br>2020 a\u00f1o pastoral en Barahona, Rep\u00fablica Dominicana<br>2021 regresa a San Salvador<br>2023 va a Managua a prepararse para los votos perpetuos y ministerios<\/p>\n\n\n\n<p>5 marzo 2023 votos perpetuos y el 18 marzo ordenado di\u00e1cono<\/p>\n\n\n\n<p>Equipo de comunicaci\u00f3n de la Provincia Madre del Perpetuo Socorro<\/p>\n","protected":false},"excerpt":{"rendered":"<p>El pasado viernes 15 de diciembre Su Eminencia Cardenal Leopoldo Jos\u00e9 Brenes, Arzobispo Metropolitano de Managua, presidi\u00f3 la Eucarist\u00eda de Ordenaci\u00f3n Sacerdotal de nuestro cohermano Bismark Antonio Garmendiz Matus, C.Ss.R. en la Parroquia Sant\u00edsimo Redentor en Managua. El nuevo sacerdote ha sido nombrado Vicario Parroquial de la Parroquia Sant\u00edsima Trindad en la Zona Oriental y [&hellip;]<\/p>\n","protected":false},"author":3,"featured_media":22684,"comment_status":"closed","ping_status":"closed","sticky":false,"template":"","format":"standard","meta":[],"categories":[15],"tags":[],"_links":{"self":[{"href":"https:\/\/www.cssr.news\/spanish\/wp-json\/wp\/v2\/posts\/22679"}],"collection":[{"href":"https:\/\/www.cssr.news\/spanish\/wp-json\/wp\/v2\/posts"}],"about":[{"href":"https:\/\/www.cssr.news\/spanish\/wp-json\/wp\/v2\/types\/post"}],"author":[{"embeddable":true,"href":"https:\/\/www.cssr.news\/spanish\/wp-json\/wp\/v2\/users\/3"}],"replies":[{"embeddable":true,"href":"https:\/\/www.cssr.news\/spanish\/wp-json\/wp\/v2\/comments?post=22679"}],"version-history":[{"count":6,"href":"https:\/\/www.cssr.news\/spanish\/wp-json\/wp\/v2\/posts\/22679\/revisions"}],"predecessor-version":[{"id":22708,"href":"https:\/\/www.cssr.news\/spanish\/wp-json\/wp\/v2\/posts\/22679\/revisions\/22708"}],"wp:featuredmedia":[{"embeddable":true,"href":"https:\/\/www.cssr.news\/spanish\/wp-json\/wp\/v2\/media\/22684"}],"wp:attachment":[{"href":"https:\/\/www.cssr.news\/spanish\/wp-json\/wp\/v2\/media?parent=22679"}],"wp:term":[{"taxonomy":"category","embeddable":true,"href":"https:\/\/www.cssr.news\/spanish\/wp-json\/wp\/v2\/categories?post=22679"},{"taxonomy":"post_tag","embeddable":true,"href":"https:\/\/www.cssr.news\/spanish\/wp-json\/wp\/v2\/tags?post=22679"}],"curies":[{"name":"wp","href":"https:\/\/api.w.org\/{rel}","templated":true}]}}