{"id":22690,"date":"2023-12-19T10:57:59","date_gmt":"2023-12-19T08:57:59","guid":{"rendered":"https:\/\/www.cssr.news\/spanish\/?p=22690"},"modified":"2023-12-19T10:58:00","modified_gmt":"2023-12-19T08:58:00","slug":"prospectivas-de-nuestro-carisma-y-mision-redentorista-en-una-era-de-cambios","status":"publish","type":"post","link":"https:\/\/www.cssr.news\/spanish\/2023\/12\/prospectivas-de-nuestro-carisma-y-mision-redentorista-en-una-era-de-cambios\/","title":{"rendered":"Prospectivas de nuestro Carisma y Misi\u00f3n Redentorista en una era de cambios"},"content":{"rendered":"\n<p>Los r\u00e1pidos y dram\u00e1ticos cambios del mundo actual han conducido a la Congregaci\u00f3n durante los \u00faltimos a\u00f1os por los caminos del cambio y de la restructuraci\u00f3n. En medio de los condicionamientos hist\u00f3ricos es el Carisma Redentorista, aquello que no cambia, lo que nos da cohesi\u00f3n y unidad. Mientras mantenemos la continuidad y la fidelidad a los ideales fundacionales de San Alfonso, el mundo secularizado nos exige una actitud de fidelidad creativa que conserve la frescura de nuestro carisma y nos permita seguir siendo pregoneros de la vida abundante en el Redentor. Esta ha sido la intuici\u00f3n de los \u00faltimos cap\u00edtulos generales que han visto el surgimiento de nuevas dimensiones en la configuraci\u00f3n de nuestra identidad y de nuestra misi\u00f3n redentorista hoy.<\/p>\n\n\n\n<p>Por esta raz\u00f3n, el Secretariado General para la Evangelizaci\u00f3n ha querido iniciar un camino de reflexi\u00f3n y discernimiento sobre el estado y tendencias de la misi\u00f3n redentorista en el mundo secularizado actual. Es un camino de preparaci\u00f3n para el a\u00f1o Jubilar 2025, un a\u00f1o que tambi\u00e9n est\u00e1 dedicado a la misi\u00f3n, dentro del \u00e1mbito de la familia Redentorista. Para ello, algunos cohermanos, laicos asociados y religiosas comparten sus experiencias en los lugares concretos donde desarrollan la misi\u00f3n redentorista, y comparten tambi\u00e9n sus temores y esperanzas de cara al futuro.<\/p>\n\n\n\n<figure class=\"wp-block-embed is-type-video is-provider-youtube wp-block-embed-youtube wp-embed-aspect-16-9 wp-has-aspect-ratio\"><div class=\"wp-block-embed__wrapper\">\n<iframe title=\"Conversations on Redemptorist Identity and Mission\" width=\"696\" height=\"392\" src=\"https:\/\/www.youtube.com\/embed\/videoseries?list=PL-VYrUYv7Wm4UbV9G4I3yxjzxhy9ti0go\" frameborder=\"0\" allow=\"accelerometer; autoplay; clipboard-write; encrypted-media; gyroscope; picture-in-picture; web-share\" allowfullscreen><\/iframe>\n<\/div><\/figure>\n\n\n\n<p>El adviento y la navidad nos recuerda que vivimos nuestro carisma hoy a la espera de las realidades futuras. La esperanza es el motor de nuestra misi\u00f3n, y hace parte tambi\u00e9n de su contenido, y por eso nos entendemos a nosotros mismos como misioneros de la esperanza que caminan tras las huellas del Redentor. Nuestra historia y nuestro futuro se alimenta de esperanza y entusiasmo, as\u00ed que deseamos que con estas reflexiones podamos hacer una lectura de los signos de los tiempos y podamos seguir llevando a los dem\u00e1s una experiencia vivificante y liberadora del Redentor, especialmente a los m\u00e1s pobres.<\/p>\n\n\n\n<p>El P. Cristian Bueno CSsR<br>Director del Secretariado General para la Evangelizaci\u00f3n<\/p>\n","protected":false},"excerpt":{"rendered":"<p>Los r\u00e1pidos y dram\u00e1ticos cambios del mundo actual han conducido a la Congregaci\u00f3n durante los \u00faltimos a\u00f1os por los caminos del cambio y de la restructuraci\u00f3n. En medio de los condicionamientos hist\u00f3ricos es el Carisma Redentorista, aquello que no cambia, lo que nos da cohesi\u00f3n y unidad. Mientras mantenemos la continuidad y la fidelidad a [&hellip;]<\/p>\n","protected":false},"author":23,"featured_media":15067,"comment_status":"closed","ping_status":"closed","sticky":false,"template":"","format":"standard","meta":[],"categories":[29],"tags":[],"_links":{"self":[{"href":"https:\/\/www.cssr.news\/spanish\/wp-json\/wp\/v2\/posts\/22690"}],"collection":[{"href":"https:\/\/www.cssr.news\/spanish\/wp-json\/wp\/v2\/posts"}],"about":[{"href":"https:\/\/www.cssr.news\/spanish\/wp-json\/wp\/v2\/types\/post"}],"author":[{"embeddable":true,"href":"https:\/\/www.cssr.news\/spanish\/wp-json\/wp\/v2\/users\/23"}],"replies":[{"embeddable":true,"href":"https:\/\/www.cssr.news\/spanish\/wp-json\/wp\/v2\/comments?post=22690"}],"version-history":[{"count":1,"href":"https:\/\/www.cssr.news\/spanish\/wp-json\/wp\/v2\/posts\/22690\/revisions"}],"predecessor-version":[{"id":22691,"href":"https:\/\/www.cssr.news\/spanish\/wp-json\/wp\/v2\/posts\/22690\/revisions\/22691"}],"wp:featuredmedia":[{"embeddable":true,"href":"https:\/\/www.cssr.news\/spanish\/wp-json\/wp\/v2\/media\/15067"}],"wp:attachment":[{"href":"https:\/\/www.cssr.news\/spanish\/wp-json\/wp\/v2\/media?parent=22690"}],"wp:term":[{"taxonomy":"category","embeddable":true,"href":"https:\/\/www.cssr.news\/spanish\/wp-json\/wp\/v2\/categories?post=22690"},{"taxonomy":"post_tag","embeddable":true,"href":"https:\/\/www.cssr.news\/spanish\/wp-json\/wp\/v2\/tags?post=22690"}],"curies":[{"name":"wp","href":"https:\/\/api.w.org\/{rel}","templated":true}]}}