{"id":22692,"date":"2023-12-20T21:58:59","date_gmt":"2023-12-20T19:58:59","guid":{"rendered":"https:\/\/www.cssr.news\/spanish\/?p=22692"},"modified":"2023-12-21T20:34:38","modified_gmt":"2023-12-21T18:34:38","slug":"este-abierto-al-mensaje-del-pesebre-de-jesus","status":"publish","type":"post","link":"https:\/\/www.cssr.news\/spanish\/2023\/12\/este-abierto-al-mensaje-del-pesebre-de-jesus\/","title":{"rendered":"Abrirse al mensaje del pesebre de Jes\u00fas"},"content":{"rendered":"\n<p class=\"has-text-align-right\">del Blog de la Academia Alfonsiana<\/p>\n\n\n\n<p>Al preparar el bel\u00e9n esta Navidad, podremos expresar algunas verdades fundamentales de nuestra fe de una manera evocadora. Francisco de As\u00eds inici\u00f3 esta tradici\u00f3n en Greccio hace ochocientos a\u00f1os, representando bellamente la cercan\u00eda del Dios encarnado que se ha vuelto uno con la humanidad y camina junto a nosotros. De hecho, &#8220;con la sencillez de aquel signo san Francisco realiz\u00f3 una gran obra de evangelizaci\u00f3n&#8221;.<\/p>\n\n\n\n<p>\u00abGracias a san Francisco, el pueblo cristiano pudo percibir que en Navidad Dios se convirti\u00f3 verdaderamente en \u201cEmanuel\u201d, el Dios-con-nosotros del que ninguna barrera ni distancia puede separarnos. As\u00ed, en ese Ni\u00f1o, Dios se hizo cercano a cada uno de nosotros, tan cercano que podemos hablarle \u00edntimamente y formar con \u00c9l una relaci\u00f3n de confianza y de profundo afecto, como lo hacemos con cada reci\u00e9n nacido&#8221;.<\/p>\n\n\n\n<p>En ese humilde pesebre, acurrucado entre el buey y el asno, Francisco de As\u00eds invita a todos a &#8220;sentir&#8221; y &#8220;tocar con las manos&#8221; la cercan\u00eda, la pobreza y la ternura del Ni\u00f1o Jes\u00fas que puso &#8220;su hogar entre nosotros&#8221; (Jn 1,14). \u201cDios aparece como un ni\u00f1o, para ser recogido. Detr\u00e1s de la debilidad y la fragilidad se esconde su poder.&#8221; En efecto, &#8220;en el ni\u00f1o Jes\u00fas, Dios se hizo dependiente, necesitado del amor humano&#8221;.<\/p>\n\n\n\n<p>El Papa Francisco reconoce el poder evocador del bel\u00e9n(nacimiento), que \u00abnos ayuda a imaginar la escena. Toca nuestros corazones y nos introduce en la historia de la salvaci\u00f3n&#8221;. A menudo incorpora personajes y elementos de los diferentes contextos culturales en los que se exhibe, lo que permite a los observadores sentirse &#8220;contempor\u00e1neos del evento&#8221; y experimentarlo como v\u00edvido y real.<\/p>\n\n\n\n<p>El bel\u00e9n puede servir, por ejemplo, para expresar que formamos parte de una gran familia c\u00f3smica y que debemos derribar barreras y prejuicios. Utilizamos &#8220;los m\u00e1s diversos materiales&#8221;, demostrando as\u00ed que nadie debe quedar excluido. A menudo \u201cincluimos ruinas de casas o edificios antiguos\u201d que sirven como \u201csignos visibles de la humanidad ca\u00edda\u201d y al mismo tiempo nos animan a reconocer a Jes\u00fas como el Salvador que vino \u201ca sanar y reconstruir, a restaurar el mundo y nuestra vida.&#8221;<\/p>\n\n\n\n<p>La presencia de pastores, mendigos y otras personas humildes nos recuerda que &#8220;son los humildes y los pobres quienes saludan el acontecimiento de la Encarnaci\u00f3n&#8221;, mientras &#8220;vemos al fondo el palacio de Herodes, cerrado y sordo a las miradas que anuncian la alegr\u00eda&#8221;.<\/p>\n\n\n\n<p>Al ver estos humildes personajes de diferentes profesiones, tambi\u00e9n nosotros estamos invitados a abrazar la m\u00edstica de la vida ordinaria, que se centra en las relaciones cotidianas, crece &#8220;a trav\u00e9s de peque\u00f1os gestos&#8221; y anima a &#8220;realizar acciones ordinarias de manera extraordinaria&#8221;. Muchas personas \u201cdesconocidas u olvidadas\u201d han encarnado este estilo de santidad.<\/p>\n\n\n\n<p>Al celebrar el bel\u00e9n en Greccio, Francisco transmite algunas de sus profundas convicciones e invita a todos a vivir de primera mano el misterio del nacimiento de Cristo, m\u00e1s all\u00e1 de cualquier celebraci\u00f3n formal del mismo. Acogiendo su invitaci\u00f3n, este a\u00f1o celebramos el misterio de la Navidad con alegr\u00eda y creatividad, para poder ver el cielo estrellado en la oscuridad de la noche.<\/p>\n\n\n\n<p class=\"has-text-align-right\"><em>Mart\u00edn Carbajo-N\u00fa\u00f1ez, OFM<\/em><\/p>\n\n\n\n<p>(el texto original en ingl\u00e9s se puede leer en el sitio de la Academia Alfonsiana)<\/p>\n","protected":false},"excerpt":{"rendered":"<p>del Blog de la Academia Alfonsiana Al preparar el bel\u00e9n esta Navidad, podremos expresar algunas verdades fundamentales de nuestra fe de una manera evocadora. Francisco de As\u00eds inici\u00f3 esta tradici\u00f3n en Greccio hace ochocientos a\u00f1os, representando bellamente la cercan\u00eda del Dios encarnado que se ha vuelto uno con la humanidad y camina junto a nosotros. [&hellip;]<\/p>\n","protected":false},"author":3,"featured_media":22693,"comment_status":"closed","ping_status":"closed","sticky":false,"template":"","format":"standard","meta":[],"categories":[28],"tags":[],"_links":{"self":[{"href":"https:\/\/www.cssr.news\/spanish\/wp-json\/wp\/v2\/posts\/22692"}],"collection":[{"href":"https:\/\/www.cssr.news\/spanish\/wp-json\/wp\/v2\/posts"}],"about":[{"href":"https:\/\/www.cssr.news\/spanish\/wp-json\/wp\/v2\/types\/post"}],"author":[{"embeddable":true,"href":"https:\/\/www.cssr.news\/spanish\/wp-json\/wp\/v2\/users\/3"}],"replies":[{"embeddable":true,"href":"https:\/\/www.cssr.news\/spanish\/wp-json\/wp\/v2\/comments?post=22692"}],"version-history":[{"count":2,"href":"https:\/\/www.cssr.news\/spanish\/wp-json\/wp\/v2\/posts\/22692\/revisions"}],"predecessor-version":[{"id":22709,"href":"https:\/\/www.cssr.news\/spanish\/wp-json\/wp\/v2\/posts\/22692\/revisions\/22709"}],"wp:featuredmedia":[{"embeddable":true,"href":"https:\/\/www.cssr.news\/spanish\/wp-json\/wp\/v2\/media\/22693"}],"wp:attachment":[{"href":"https:\/\/www.cssr.news\/spanish\/wp-json\/wp\/v2\/media?parent=22692"}],"wp:term":[{"taxonomy":"category","embeddable":true,"href":"https:\/\/www.cssr.news\/spanish\/wp-json\/wp\/v2\/categories?post=22692"},{"taxonomy":"post_tag","embeddable":true,"href":"https:\/\/www.cssr.news\/spanish\/wp-json\/wp\/v2\/tags?post=22692"}],"curies":[{"name":"wp","href":"https:\/\/api.w.org\/{rel}","templated":true}]}}