{"id":22701,"date":"2023-12-20T15:50:00","date_gmt":"2023-12-20T13:50:00","guid":{"rendered":"https:\/\/www.cssr.news\/spanish\/?p=22701"},"modified":"2023-12-21T15:53:57","modified_gmt":"2023-12-21T13:53:57","slug":"primera-reunion-pospandemia-del-grupo-de-historiadores-redentoristas-de-america-del-norte","status":"publish","type":"post","link":"https:\/\/www.cssr.news\/spanish\/2023\/12\/primera-reunion-pospandemia-del-grupo-de-historiadores-redentoristas-de-america-del-norte\/","title":{"rendered":"Primera reuni\u00f3n pospandemia del Grupo de Historiadores Redentoristas de Am\u00e9rica del Norte"},"content":{"rendered":"\n<p>Quince personas interesadas en la historia de la Congregaci\u00f3n del Sant\u00edsimo Redentor participaron en la primera reuni\u00f3n pospandemia del Instituto de Estudios Hist\u00f3ricos Redentoristas\/Am\u00e9rica del Norte el 14 de noviembre. Desde historiadores y archiveros redentoristas hasta Socios en la Misi\u00f3n y ex alumnos y Amigos, el grupo resucitado planea reunirse nuevamente por Zoom despu\u00e9s del A\u00f1o Nuevo y comenzar los preparativos para una conferencia propuesta en 2025.<\/p>\n\n\n\n<p>En 1987, un grupo de archiveros e historiadores Redentoristas de toda Am\u00e9rica del Norte se reunieron en el Monte San Alfonso en Esopus \u2013 en parte para cumplir el sue\u00f1o que el Superior General Juan Manuel Lasso de la Vega y Miranda expres\u00f3 en una reuni\u00f3n de historiadores Redentoristas que convoc\u00f3 en Roma en el verano de 1986. Los ret\u00f3 a escribir la historia de la Congregaci\u00f3n.<\/p>\n\n\n\n<p>En ese momento, imagin\u00f3 una mirada retrospectiva para detectar las corrientes de inter\u00e9s que guiaron a los Redentoristas en el pasado.<\/p>\n\n\n\n<p>\u201cNo queremos repetir el pasado en el presente\u201d, dijo, \u201cpero queremos conocer los hechos del pasado y lo que los motiv\u00f3, para descubrir nuestra propia manera de ser y actuar en el mundo\u2026 permaneciendo siempre fiel a lo duradero y al desarrollo de la creatividad, esencial a la fidelidad\u201d.<\/p>\n\n\n\n<p>Los reunidos compart\u00edan el amor por la historia redentorista en Am\u00e9rica del Norte y esperaban compartir su riqueza de conocimientos. Aunque el grupo ha pasado por varios nombres diferentes desde entonces, el deseo de estudiar y compartir la historia redentorista de Am\u00e9rica del Norte permanece. A lo largo de los a\u00f1os, el grupo ha compartido esa historia de diversas maneras.<\/p>\n\n\n\n<p>Publicaron el Bolet\u00edn Redentorista de Historia de Am\u00e9rica del Norte. La primera edici\u00f3n se public\u00f3 en abril de 1994 y desde entonces el bolet\u00edn se ha publicado peri\u00f3dicamente. El bolet\u00edn ofrece art\u00edculos interesantes sobre la presencia redentorista en Am\u00e9rica del Norte.<\/p>\n\n\n\n<p>Publicaron varios trabajos adicionales, que van desde &#8220;Trabajando para la redenci\u00f3n abundante&#8221;. Una historia de la Viceprovincia Redentorista de Nueva Orleans\u201d por el P. Gerry Bass a \u201cEl diario de la guerra civil del reverendo James Sheeran, C.Ss.R.: capell\u00e1n confederado y redentorista\u201d.<\/p>\n\n\n\n<p>Desde 1999, el grupo ha ofrecido ocho conferencias p\u00fablicas sobre la historia redentorista de Am\u00e9rica del Norte. La \u00faltima conferencia fue en 2019 en el Centro de Retiros Redentorista en Oconomowoc. La pr\u00f3xima conferencia ya est\u00e1 programada para el 20 y 22 de mayo de 2025 en el Centro de Retiros Nuestra Se\u00f1ora del Perpetuo Socorro en Houston.<\/p>\n\n\n\n<p><em>por Rich Luberti, C.Ss.R.,<\/em><br>(Denverlink, edici\u00f3n del 15 de diciembre de 2023)<\/p>\n","protected":false},"excerpt":{"rendered":"<p>Quince personas interesadas en la historia de la Congregaci\u00f3n del Sant\u00edsimo Redentor participaron en la primera reuni\u00f3n pospandemia del Instituto de Estudios Hist\u00f3ricos Redentoristas\/Am\u00e9rica del Norte el 14 de noviembre. Desde historiadores y archiveros redentoristas hasta Socios en la Misi\u00f3n y ex alumnos y Amigos, el grupo resucitado planea reunirse nuevamente por Zoom despu\u00e9s del [&hellip;]<\/p>\n","protected":false},"author":3,"featured_media":22702,"comment_status":"closed","ping_status":"closed","sticky":false,"template":"","format":"standard","meta":[],"categories":[2],"tags":[],"_links":{"self":[{"href":"https:\/\/www.cssr.news\/spanish\/wp-json\/wp\/v2\/posts\/22701"}],"collection":[{"href":"https:\/\/www.cssr.news\/spanish\/wp-json\/wp\/v2\/posts"}],"about":[{"href":"https:\/\/www.cssr.news\/spanish\/wp-json\/wp\/v2\/types\/post"}],"author":[{"embeddable":true,"href":"https:\/\/www.cssr.news\/spanish\/wp-json\/wp\/v2\/users\/3"}],"replies":[{"embeddable":true,"href":"https:\/\/www.cssr.news\/spanish\/wp-json\/wp\/v2\/comments?post=22701"}],"version-history":[{"count":1,"href":"https:\/\/www.cssr.news\/spanish\/wp-json\/wp\/v2\/posts\/22701\/revisions"}],"predecessor-version":[{"id":22703,"href":"https:\/\/www.cssr.news\/spanish\/wp-json\/wp\/v2\/posts\/22701\/revisions\/22703"}],"wp:featuredmedia":[{"embeddable":true,"href":"https:\/\/www.cssr.news\/spanish\/wp-json\/wp\/v2\/media\/22702"}],"wp:attachment":[{"href":"https:\/\/www.cssr.news\/spanish\/wp-json\/wp\/v2\/media?parent=22701"}],"wp:term":[{"taxonomy":"category","embeddable":true,"href":"https:\/\/www.cssr.news\/spanish\/wp-json\/wp\/v2\/categories?post=22701"},{"taxonomy":"post_tag","embeddable":true,"href":"https:\/\/www.cssr.news\/spanish\/wp-json\/wp\/v2\/tags?post=22701"}],"curies":[{"name":"wp","href":"https:\/\/api.w.org\/{rel}","templated":true}]}}