{"id":22710,"date":"2023-12-22T10:31:00","date_gmt":"2023-12-22T08:31:00","guid":{"rendered":"https:\/\/www.cssr.news\/spanish\/?p=22710"},"modified":"2023-12-22T12:13:18","modified_gmt":"2023-12-22T10:13:18","slug":"dios-se-manifiesta-a-nosotros-a-traves-de-su-hijo-jesus","status":"publish","type":"post","link":"https:\/\/www.cssr.news\/spanish\/2023\/12\/dios-se-manifiesta-a-nosotros-a-traves-de-su-hijo-jesus\/","title":{"rendered":"Dios se manifiesta a nosotros a trav\u00e9s de su Hijo Jes\u00fas"},"content":{"rendered":"\n<p>A todos nuestros queridos Hermanos, Obispos Redentoristas, Formandos, Laicos asociados de nuestra Misi\u00f3n y Oblatos Redentoristas, Juventud Misionera Redentorista, Familia Redentorista y ex Seminaristas Redentoristas, con gran alegr\u00eda, el Gobierno General les desea un mensaje navide\u00f1o de paz, alegr\u00eda y amor en esta Navidad 2023.<\/p>\n\n\n\n<p><strong>El P. Rog\u00e9rio Gomes, C.Ss.R, Superior General<\/strong>, nos saluda con su mensaje:<\/p>\n\n\n\n<p>Hemos llegado a la gran Fiesta de Navidad, festividad que toca profundamente la espiritualidad de nuestra Familia Redentorista. Navidad es un mensaje siempre nuevo, siempre sorprendente, porque supera nuestras m\u00e1s audaces esperanzas, especialmente, porque no es s\u00f3lo un anuncio: es un acontecimiento, Dios se nos manifiesta a trav\u00e9s de su Hijo Jes\u00fas, por medio de Mar\u00eda. El Hijo de Dios no nace solo, le acompa\u00f1an sus padres y los pastores de Bel\u00e9n. \u00c9l es el centro de la peque\u00f1a comunidad. Por eso, en este a\u00f1o dedicado a la comunidad, no debemos olvidar la centralidad de Jesucristo en nuestras vidas y tambi\u00e9n la forma de relacionarnos con nuestros hermanos y hermanas en comunidad. \u00a1Lo divino y lo humano van de la mano en nuestras vidas!<\/p>\n\n\n\n<p>Quiero invitar a cada Cohermano a que realice su propio diagn\u00f3stico m\u00e9dico (<em>medical check up<\/em>) a todo nivel, ya que nuestro bienestar f\u00edsico, psicol\u00f3gico y espiritual es fundamental para el trabajo misionero. \u00a1Necesitamos cuidarnos como personas y como comunidad para poder atender a los m\u00e1s pobres y abandonados! Tal como lo refiere el Papa Francisco dej\u00e9monos maravillar por el acontecimiento impensable de Dios que se hace hombre para nuestra salvaci\u00f3n. Dej\u00e9monos conmover por el amor de Dios y sigamos a Jes\u00fas, que se despoj\u00f3 de su gloria para hacernos part\u00edcipes de su plenitud.<\/p>\n\n\n\n<p>\u00a1Feliz Navidad y Buen A\u00f1o Nuevo!<\/p>\n\n\n\n<figure class=\"wp-block-embed is-type-video is-provider-youtube wp-block-embed-youtube wp-embed-aspect-16-9 wp-has-aspect-ratio\"><div class=\"wp-block-embed__wrapper\">\nhttps:\/\/www.youtube.com\/watch?v=LYJKhz0b3n8\n<\/div><\/figure>\n\n\n\n<p><a rel=\"noreferrer noopener\" href=\"https:\/\/www.youtube.com\/watch?v=LYJKhz0b3n8\" data-type=\"URL\" data-id=\"https:\/\/www.youtube.com\/watch?v=LYJKhz0b3n8\" target=\"_blank\"><strong>Video del Mensaje y Saludo Navide\u00f1o del Gobierno General:<\/strong><\/a><\/p>\n\n\n\n<p><strong>El P. Zdzis\u0142aw Francois Stanula, C.Ss.R.,<\/strong> desea a todos una feliz Navidad, que sea la celebraci\u00f3n de la esperanza, la celebraci\u00f3n de la vida, la celebraci\u00f3n de la redenci\u00f3n. Dios se complace en las cosas peque\u00f1as a los ojos del mundo para confundir a los grandes con su presunci\u00f3n y sus discursos presuntuosos. La Navidad es la fiesta de los peque\u00f1os y de los pobres, pero ricos de gran fe, que viven de esperanza. Que \u00e9sta sea tambi\u00e9n nuestra celebraci\u00f3n, no tanto mundana sino de cambio interior, comunitaria y digna de la familia del mismo Cristo Redentor. Si la esperanza de la salvaci\u00f3n proviene del Ni\u00f1o colocado en el pesebre, entonces amemos la pobreza evang\u00e9lica, \u00a1gran don de Dios a cada uno de nosotros!<\/p>\n\n\n\n<p><strong>El P. Nicol\u00e1s Issifi Ayouba Martin, C.Ss.R.,<\/strong> dice: La Navidad es la alegr\u00eda inmensa y profunda de que Dios naci\u00f3 para hacernos hijos suyos: hermanos y hermanas en Jes\u00fas, Emmanuel, Dios con Nosotros. Que estas celebraciones navide\u00f1as fortalezcan vuestra fe, os traigan paz, alegr\u00eda y prosperidad y que todos vuestros m\u00e1s queridos deseos se hagan realidad. En este a\u00f1o dedicado a la Comunidad, aprovechemos este momento propicio para recargar baterias juntos en comunidad. Os deseo a todos toda la felicidad, salud y prosperidad para que Dios, por intercesi\u00f3n de Mar\u00eda, nuestra Madre del Perpetuo Socorro, os llene de su gracia y os bendiga abundantemente.<\/p>\n\n\n\n<p><strong>P. Jairo D\u00edaz Rodr\u00edguez, C.Ss.R.<\/strong>, Hoy les ha nacido un Salvador \u2026<br>\u201cEl bel\u00e9n habla del amor de Dios, el Dios que se ha hecho ni\u00f1o para decirnos lo cerca que est\u00e1 de todo ser humano, cualquiera que sea su condici\u00f3n\u201d<br>Dios nos visita hoy en nuestras familias y en nuestras comunidades. Dios viene a nosotros en las personas que conocemos y en los extra\u00f1os que pueden venir a nuestra puerta en busca de ayuda.<br>Que en esta Navidad, reconozcamos lo que es realmente importante, que Jes\u00fas viene como nuestro Redentor, y como nuestro hermano, y que todos nosotros somos hermanos y hermanas.<br>Como dice el Papa Francisco, en este tiempo del a\u00f1o, cuando vemos el nacimiento, a este peque\u00f1o ni\u00f1o all\u00ed, confiado a Mar\u00eda y Jos\u00e9, vemos el amor de Dios que se hace carne y no conoce l\u00edmites, no conoce obst\u00e1culos para comunicarse con nosotros.<br>En este a\u00f1o de la Vida Comunitaria, que Dios los bendiga y que todos ustedes pueden amar con la paz y la alegr\u00eda, la reconciliaci\u00f3n y la esperanza a sus familias y comunidades.<br>Feliz Navidad.<\/p>\n\n\n\n<p><strong>El P. Joseph Ivel Mendanha, C.Ss.R.<\/strong>, recuerda los 800 a\u00f1os del primer bel\u00e9n en Greccio de Francisco de As\u00eds, que vuelve a la vida en la Plaza de San Pedro, en el bel\u00e9n vaticano donde San Francisco mira con asombro y maravillado el peque\u00f1o ni\u00f1o de Bel\u00e9n, don de Dios, gloria de Dios en el ser humano, en el peque\u00f1o ni\u00f1o, nuestro Salvador y Redentor.<br>El P. Mendanha contin\u00faa con el mensaje del Papa Francisco diciendo: \u201cEl bel\u00e9n lleva el Evangelio a los lugares de nuestras vidas: nuestros hogares, escuelas, lugares de trabajo, centros comunitarios, hospitales y cl\u00ednicas, prisiones y plazas, y para nosotros los Redentoristas en nuestras comunidades.&#8221; En el bel\u00e9n el Se\u00f1or manifest\u00f3 su amor por nosotros al nacer como uno de nosotros. Hacer un bel\u00e9n \u201ces celebrar la cercan\u00eda de Dios, y redescubrir que \u00c9l es real, concreto y vivo\u201d, y el ni\u00f1o Jes\u00fas con los brazos abiertos nos dice que Dios ha venido a abrazarnos en nuestra humanidad.<br>Desea que toda esta Navidad sea el Dios que experimentamos como nuestro Redentor en el peque\u00f1o ni\u00f1o, nuestro Dios venga a estar con nosotros, nacido ser humano como nosotros, y que nos siga acompa\u00f1ando en nuestra vida todos los d\u00edas y durante todo el 2024.<\/p>\n\n\n\n<p><strong>Hermano Laurence John Lujan Angel, C.Ss.R.<\/strong> Saludos desde Roma. Quiero desear a todos ustedes bendiciones, alegr\u00eda y luz en este tiempo santo. Que el Se\u00f1or Jes\u00fas, nacido en este d\u00eda, sea para todos ustedes una luz en su camino, para que puedan continuar sirvi\u00e9ndole con alegr\u00eda, mientras siguen sus huellas. Ha nacido Cristo. \u00a1Glorif\u00edcale con tu vida y ministerio para que todos conozcan la abundante redenci\u00f3n!<\/p>\n\n\n\n<p><strong>Para el p. Paul Lu&#8217;u Quang B\u00e0o Vinh, C.Ss.R., <\/strong>La Navidad es tiempo de alegr\u00eda, amor y paz porque Dios est\u00e1 con nosotros. Deseamos a todos y a nuestras comunidades, nuestras familias y nuestros amigos una Navidad muy placentera y tranquila. Su deseo es que cada uno de nosotros seamos una estrella de Cristo que irradie su luz de alegr\u00eda, amor y paz a todos los que encontramos, especialmente a los pobres.<\/p>\n\n\n\n<p>\u00a1Feliz Navidad y pr\u00f3spero A\u00f1o Nuevo 2024!<\/p>\n","protected":false},"excerpt":{"rendered":"<p>A todos nuestros queridos Hermanos, Obispos Redentoristas, Formandos, Laicos asociados de nuestra Misi\u00f3n y Oblatos Redentoristas, Juventud Misionera Redentorista, Familia Redentorista y ex Seminaristas Redentoristas, con gran alegr\u00eda, el Gobierno General les desea un mensaje navide\u00f1o de paz, alegr\u00eda y amor en esta Navidad 2023. El P. Rog\u00e9rio Gomes, C.Ss.R, Superior General, nos saluda con [&hellip;]<\/p>\n","protected":false},"author":3,"featured_media":22696,"comment_status":"closed","ping_status":"closed","sticky":false,"template":"","format":"standard","meta":[],"categories":[17],"tags":[],"_links":{"self":[{"href":"https:\/\/www.cssr.news\/spanish\/wp-json\/wp\/v2\/posts\/22710"}],"collection":[{"href":"https:\/\/www.cssr.news\/spanish\/wp-json\/wp\/v2\/posts"}],"about":[{"href":"https:\/\/www.cssr.news\/spanish\/wp-json\/wp\/v2\/types\/post"}],"author":[{"embeddable":true,"href":"https:\/\/www.cssr.news\/spanish\/wp-json\/wp\/v2\/users\/3"}],"replies":[{"embeddable":true,"href":"https:\/\/www.cssr.news\/spanish\/wp-json\/wp\/v2\/comments?post=22710"}],"version-history":[{"count":3,"href":"https:\/\/www.cssr.news\/spanish\/wp-json\/wp\/v2\/posts\/22710\/revisions"}],"predecessor-version":[{"id":22719,"href":"https:\/\/www.cssr.news\/spanish\/wp-json\/wp\/v2\/posts\/22710\/revisions\/22719"}],"wp:featuredmedia":[{"embeddable":true,"href":"https:\/\/www.cssr.news\/spanish\/wp-json\/wp\/v2\/media\/22696"}],"wp:attachment":[{"href":"https:\/\/www.cssr.news\/spanish\/wp-json\/wp\/v2\/media?parent=22710"}],"wp:term":[{"taxonomy":"category","embeddable":true,"href":"https:\/\/www.cssr.news\/spanish\/wp-json\/wp\/v2\/categories?post=22710"},{"taxonomy":"post_tag","embeddable":true,"href":"https:\/\/www.cssr.news\/spanish\/wp-json\/wp\/v2\/tags?post=22710"}],"curies":[{"name":"wp","href":"https:\/\/api.w.org\/{rel}","templated":true}]}}