{"id":22720,"date":"2023-12-23T20:21:50","date_gmt":"2023-12-23T18:21:50","guid":{"rendered":"https:\/\/www.cssr.news\/spanish\/?p=22720"},"modified":"2023-12-23T20:21:51","modified_gmt":"2023-12-23T18:21:51","slug":"el-gracias-al-senor-desde-la-provincia-napolitana","status":"publish","type":"post","link":"https:\/\/www.cssr.news\/spanish\/2023\/12\/el-gracias-al-senor-desde-la-provincia-napolitana\/","title":{"rendered":"El &#8220;gracias&#8221; al Se\u00f1or desde la Provincia Napolitana"},"content":{"rendered":"\n<p>El 15 de diciembre de 2023, en la Bas\u00edlica de San Alfonso de Pagani, cerca de los restos de nuestro Fundador, la Provincia Redentorista Napolitana elev\u00f3 su Te Deum de acci\u00f3n de gracias por la misi\u00f3n realizada a partir del 2 de julio de 1841, cuando Gregorio XVI con el decreto Presbiterorum saecularium Congregationem dividi\u00f3 la Congregaci\u00f3n en seis Provincias: tres en Italia (romana, napolitana, siciliana) y tres m\u00e1s all\u00e1 de los Alpes (austriaca, belga, suiza).<\/p>\n\n\n\n<p>Tuvimos que esperar algunos a\u00f1os m\u00e1s -debido a las vicisitudes pol\u00edticas que marcaron la historia en Italia- para que los Redentoristas del sur de Italia tuvieran la necesaria libertad y autonom\u00eda de acci\u00f3n, pero sabemos que la historia tambi\u00e9n est\u00e1 hecha de s\u00edmbolos, y la fecha de inicio de 1841 se puede contar entre ellos.<\/p>\n\n\n\n<p>Lo cierto es que dentro de poco m\u00e1s de un mes, es decir, a partir del 25 de enero de 2024, la Provincia de N\u00e1poles se unir\u00e1 a las de Roma, Madrid, Lisboa y Francia, para formar una \u00fanica nueva Provincia, la de Europa del Sur. Gennaro Sorrentino tomar\u00e1 posesi\u00f3n ese d\u00eda y junto con su Consejo ayudar\u00e1 a los cohermanos y a las comunidades a mirar con una nueva mirada la misi\u00f3n redentorista, ante los desaf\u00edos que implica la evangelizaci\u00f3n en el siglo XXI.<\/p>\n\n\n\n<p>Mientras tanto, un sentimiento de gratitud anima los corazones de los Redentoristas del Sur de Italia, y con ellos los numerosos laicos que participan de diversas maneras en su misi\u00f3n: a nivel de amistad, se estima, de colaboraci\u00f3n, de actividad y compromiso generoso.<\/p>\n\n\n\n<figure class=\"wp-block-gallery columns-3 is-cropped\"><ul class=\"blocks-gallery-grid\"><li class=\"blocks-gallery-item\"><figure><a href=\"http:\/\/www.cssr.news\/italian\/wp-content\/uploads\/sites\/2\/2023\/12\/2023-1223-Napoli11_scaled.jpg\"><img src=\"http:\/\/www.cssr.news\/italian\/wp-content\/uploads\/sites\/2\/2023\/12\/2023-1223-Napoli11_scaled-1024x576.jpg\" alt=\"\" data-id=\"23879\" data-full-url=\"http:\/\/www.cssr.news\/italian\/wp-content\/uploads\/sites\/2\/2023\/12\/2023-1223-Napoli11_scaled.jpg\" data-link=\"https:\/\/www.cssr.news\/italian\/2023-1223-napoli11_scaled\/\" class=\"wp-image-23879\"\/><\/a><\/figure><\/li><li class=\"blocks-gallery-item\"><figure><a href=\"http:\/\/www.cssr.news\/italian\/wp-content\/uploads\/sites\/2\/2023\/12\/2023-1223-Napoli13_scaled.jpg\"><img src=\"http:\/\/www.cssr.news\/italian\/wp-content\/uploads\/sites\/2\/2023\/12\/2023-1223-Napoli13_scaled.jpg\" alt=\"\" data-id=\"23881\" data-full-url=\"http:\/\/www.cssr.news\/italian\/wp-content\/uploads\/sites\/2\/2023\/12\/2023-1223-Napoli13_scaled.jpg\" data-link=\"https:\/\/www.cssr.news\/italian\/2023-1223-napoli13_scaled\/\" class=\"wp-image-23881\"\/><\/a><\/figure><\/li><li class=\"blocks-gallery-item\"><figure><a href=\"http:\/\/www.cssr.news\/italian\/wp-content\/uploads\/sites\/2\/2023\/12\/2023-1223-Napoli14_scaled.jpg\"><img src=\"http:\/\/www.cssr.news\/italian\/wp-content\/uploads\/sites\/2\/2023\/12\/2023-1223-Napoli14_scaled-1024x576.jpg\" alt=\"\" data-id=\"23877\" data-full-url=\"http:\/\/www.cssr.news\/italian\/wp-content\/uploads\/sites\/2\/2023\/12\/2023-1223-Napoli14_scaled.jpg\" data-link=\"https:\/\/www.cssr.news\/italian\/2023-1223-napoli14_scaled\/\" class=\"wp-image-23877\"\/><\/a><\/figure><\/li><li class=\"blocks-gallery-item\"><figure><a href=\"http:\/\/www.cssr.news\/italian\/wp-content\/uploads\/sites\/2\/2023\/12\/2023-1223-Napoli16_scaled.jpg\"><img src=\"http:\/\/www.cssr.news\/italian\/wp-content\/uploads\/sites\/2\/2023\/12\/2023-1223-Napoli16_scaled-1024x576.jpg\" alt=\"\" data-id=\"23876\" data-full-url=\"http:\/\/www.cssr.news\/italian\/wp-content\/uploads\/sites\/2\/2023\/12\/2023-1223-Napoli16_scaled.jpg\" data-link=\"https:\/\/www.cssr.news\/italian\/2023-1223-napoli16_scaled\/\" class=\"wp-image-23876\"\/><\/a><\/figure><\/li><li class=\"blocks-gallery-item\"><figure><a href=\"http:\/\/www.cssr.news\/italian\/wp-content\/uploads\/sites\/2\/2023\/12\/2023-1223-Napoli15_scaled.jpg\"><img src=\"http:\/\/www.cssr.news\/italian\/wp-content\/uploads\/sites\/2\/2023\/12\/2023-1223-Napoli15_scaled-1024x576.jpg\" alt=\"\" data-id=\"23878\" data-full-url=\"http:\/\/www.cssr.news\/italian\/wp-content\/uploads\/sites\/2\/2023\/12\/2023-1223-Napoli15_scaled.jpg\" data-link=\"https:\/\/www.cssr.news\/italian\/2023-1223-napoli15_scaled\/\" class=\"wp-image-23878\"\/><\/a><\/figure><\/li><\/ul><\/figure>\n\n\n\n<p>Ese sentimiento se expres\u00f3 precisamente el 15 de diciembre: un programa sencillo fue vivido con intensidad y emoci\u00f3n por los presentes. Una introducci\u00f3n ofrecida por el Superior Provincial en ejercicio, P. Serafino Fiore ayud\u00f3 a los presentes a comprender lo que la reconfiguraci\u00f3n exige hoy a la Congregaci\u00f3n y, dentro de ella, a la Provincia Napolitana. Tambi\u00e9n las palabras del Coordinador CRE p. Johannes R\u00f6melt, record\u00f3 el camino recorrido recientemente por los Redentoristas para poner las estructuras al servicio de la misi\u00f3n. A continuaci\u00f3n se realiz\u00f3 un informe hist\u00f3rico propuesto por el profesor Giovanni Pepe, que repas\u00f3 primero los &#8220;antecedentes&#8221; de la creaci\u00f3n de la Provincia y luego las principales etapas de su camino. Esta primera parte se enriqueci\u00f3 con la interpretaci\u00f3n al piano de tres piezas de m\u00fasica cl\u00e1sica del maestro Davide Cesarano.<\/p>\n\n\n\n<p>Todo concluy\u00f3 con la celebraci\u00f3n eucar\u00edstica, durante la cual dos matrimonios de laicos se comprometieron como Asociados Redentoristas. Y luego un hermoso y sabroso pastel, acompa\u00f1ado de vino espumoso, marc\u00f3 un momento de importancia hist\u00f3rica con notas de celebraci\u00f3n y amistad.<\/p>\n\n\n\n<p>\u00a1La misi\u00f3n Redentorista contin\u00faa! Los nombres cambian, las estructuras cambian, sin embargo el encanto de anunciar la Copiosa Redemptio a este mundo contin\u00faa y nos llama a cada uno de nosotros a una mayor generosidad, celo y creatividad misionera.<\/p>\n\n\n\n<p>p. Serafino Fiore CSsR<\/p>\n","protected":false},"excerpt":{"rendered":"<p>El 15 de diciembre de 2023, en la Bas\u00edlica de San Alfonso de Pagani, cerca de los restos de nuestro Fundador, la Provincia Redentorista Napolitana elev\u00f3 su Te Deum de acci\u00f3n de gracias por la misi\u00f3n realizada a partir del 2 de julio de 1841, cuando Gregorio XVI con el decreto Presbiterorum saecularium Congregationem dividi\u00f3 [&hellip;]<\/p>\n","protected":false},"author":3,"featured_media":22721,"comment_status":"closed","ping_status":"closed","sticky":false,"template":"","format":"standard","meta":[],"categories":[11],"tags":[],"_links":{"self":[{"href":"https:\/\/www.cssr.news\/spanish\/wp-json\/wp\/v2\/posts\/22720"}],"collection":[{"href":"https:\/\/www.cssr.news\/spanish\/wp-json\/wp\/v2\/posts"}],"about":[{"href":"https:\/\/www.cssr.news\/spanish\/wp-json\/wp\/v2\/types\/post"}],"author":[{"embeddable":true,"href":"https:\/\/www.cssr.news\/spanish\/wp-json\/wp\/v2\/users\/3"}],"replies":[{"embeddable":true,"href":"https:\/\/www.cssr.news\/spanish\/wp-json\/wp\/v2\/comments?post=22720"}],"version-history":[{"count":1,"href":"https:\/\/www.cssr.news\/spanish\/wp-json\/wp\/v2\/posts\/22720\/revisions"}],"predecessor-version":[{"id":22722,"href":"https:\/\/www.cssr.news\/spanish\/wp-json\/wp\/v2\/posts\/22720\/revisions\/22722"}],"wp:featuredmedia":[{"embeddable":true,"href":"https:\/\/www.cssr.news\/spanish\/wp-json\/wp\/v2\/media\/22721"}],"wp:attachment":[{"href":"https:\/\/www.cssr.news\/spanish\/wp-json\/wp\/v2\/media?parent=22720"}],"wp:term":[{"taxonomy":"category","embeddable":true,"href":"https:\/\/www.cssr.news\/spanish\/wp-json\/wp\/v2\/categories?post=22720"},{"taxonomy":"post_tag","embeddable":true,"href":"https:\/\/www.cssr.news\/spanish\/wp-json\/wp\/v2\/tags?post=22720"}],"curies":[{"name":"wp","href":"https:\/\/api.w.org\/{rel}","templated":true}]}}