{"id":22723,"date":"2023-12-23T20:32:31","date_gmt":"2023-12-23T18:32:31","guid":{"rendered":"https:\/\/www.cssr.news\/spanish\/?p=22723"},"modified":"2023-12-23T20:32:34","modified_gmt":"2023-12-23T18:32:34","slug":"el-padre-stanislav-pribyl-cssr-nombrado-obispo-de-la-diocesis-de-litomerice","status":"publish","type":"post","link":"https:\/\/www.cssr.news\/spanish\/2023\/12\/el-padre-stanislav-pribyl-cssr-nombrado-obispo-de-la-diocesis-de-litomerice\/","title":{"rendered":"El padre Stanislav P\u0159ibyl CSsR nombrado obispo de la di\u00f3cesis de Litom\u011b\u0159ice"},"content":{"rendered":"\n<p>El s\u00e1bado 23 de diciembre de 2023, el Papa Francisco nombr\u00f3 un nuevo obispo para la di\u00f3cesis de Litom\u011b\u0159ice (Rep\u00fablica Checa). El 21\u00ba obispo de Litom\u011b\u0159ice ser\u00e1 el redentorista <strong>P. Stanislav P\u0159ibyl CSsR, <\/strong>actual secretario general de la Conferencia Episcopal Checa y administrador del lugar de peregrinaci\u00f3n Horn\u00ed Police en la di\u00f3cesis de Litom\u011b\u0159ice. El nuevo obispo ser\u00e1 investido el 2 de marzo de 2024, cuando tambi\u00e9n recibir\u00e1 la consagraci\u00f3n episcopal.<\/p>\n\n\n\n<p>La noticia del nuevo obispo fue anunciada el 23 de diciembre en la catedral de San Esteban de Litom\u011b\u0159ice, en presencia del actual obispo de Litom\u011b\u0159ice, Jan Baxant, sacerdotes y fieles, por el Consejero de la Nunciatura Apost\u00f3lica en la Rep\u00fablica Checa, Mons. Giuseppe Silvestrini, que represent\u00f3 al nuncio apost\u00f3lico en la Rep\u00fablica Checa, Jude Thaddeus Okol. Particip\u00f3 en la Santa Misa celebrada por las v\u00edctimas de la tragedia en la Facultad de Letras de la Universidad Carolina en la Catedral de Praga.<\/p>\n\n\n\n<figure class=\"wp-block-image size-large\"><a href=\"https:\/\/www.cssr.news\/spanish\/wp-content\/uploads\/sites\/3\/2023\/12\/pribyl3.jpg\"><img width=\"1024\" height=\"683\" src=\"https:\/\/www.cssr.news\/spanish\/wp-content\/uploads\/sites\/3\/2023\/12\/pribyl3.jpg\" alt=\"\" class=\"wp-image-22725\" srcset=\"https:\/\/www.cssr.news\/spanish\/wp-content\/uploads\/sites\/3\/2023\/12\/pribyl3.jpg 1024w, https:\/\/www.cssr.news\/spanish\/wp-content\/uploads\/sites\/3\/2023\/12\/pribyl3-300x200.jpg 300w, https:\/\/www.cssr.news\/spanish\/wp-content\/uploads\/sites\/3\/2023\/12\/pribyl3-768x512.jpg 768w, https:\/\/www.cssr.news\/spanish\/wp-content\/uploads\/sites\/3\/2023\/12\/pribyl3-696x464.jpg 696w, https:\/\/www.cssr.news\/spanish\/wp-content\/uploads\/sites\/3\/2023\/12\/pribyl3-630x420.jpg 630w\" sizes=\"(max-width: 1024px) 100vw, 1024px\" \/><\/a><\/figure>\n\n\n\n<p>El nuevo obispo de Litom\u011b\u0159ice, Stanislav P\u0159ibyl, declar\u00f3: \u201cEntre el nombramiento y el anuncio sucedieron muchas cosas. En primer lugar, los tr\u00e1gicos acontecimientos ocurridos en la Facultad de Filosof\u00eda de la Universidad Carolina, donde soy estudiante de doctorado, me afectan muy de cerca. En la Galer\u00eda de los Uffizi de Florencia hay un cuadro de la Natividad del Se\u00f1or realizado por un maestro holand\u00e9s. Las figuras, que est\u00e1n en la oscuridad, se inclinan sobre el Ni\u00f1o Jes\u00fas, que brilla. Es quiz\u00e1s un s\u00edmbolo de esta Navidad, marcada por tanta oscuridad de violencia, dolor y tristeza. \u00c9l es quien trae la luz, \u00e9l es la Luz, \u00e9l es el guardi\u00e1n de la luz, \u00e9l es peque\u00f1o, pero esta peque\u00f1a chispa enciende una gran luz. Esta luz, sin embargo, se propaga de Dios al hombre y de hombre a hombre, encendiendo quiz\u00e1s las velas de cada uno. Jes\u00fas es el Dios de consuelo que se hizo hombre para poder mirarme a los ojos\u2026 y a m\u00ed a los ojos. \u00bfHay algo m\u00e1s reconfortante que poder mirar a los ojos a alguien que me ama? El P. Stanislav Pribyl dijo y a\u00f1adi\u00f3: \u201cMe enter\u00e9 de mi nombramiento el tercer domingo de Adviento. Estoy feliz y al mismo tiempo lleno de asombro de que Dios me haya mirado en una misi\u00f3n de tanta responsabilidad. Por lo tanto, el anuncio del nombramiento de hoy puede considerarse como un regalo de Navidad: sin duda es un gran regalo para m\u00ed y, espero, para toda la di\u00f3cesis, de la que me enamor\u00e9 hace 15 a\u00f1os cuando llegu\u00e9 a Litom\u011b\u0159ice como vicario general. Despu\u00e9s de Dios, quiero expresar mi agradecimiento por la confianza en el Papa Francisco y en Mons. John Baxant, mi predecesor, por su ministerio. Miro a los que me ser\u00e1n confiados: \u00a1estoy aqu\u00ed con vosotros y estoy aqu\u00ed para vosotros!\u00bb.<\/p>\n\n\n\n<p><strong>Monse\u00f1or Stanislav Pribyl CSsR <\/strong>naci\u00f3 el 16 de noviembre de 1971 en Praga \u2013 Strasnice. Se gradu\u00f3 de la Escuela Secundaria de Geodesia. Despu\u00e9s de graduarse de la escuela secundaria, ingres\u00f3 al noviciado redentorista en Lubaszowa, Polonia (1990-1991) y posteriormente tom\u00f3 los votos religiosos en la Congregaci\u00f3n Redentorista. De 1991 a 1996 estudi\u00f3 en la Facultad de Filosof\u00eda de la Universidad Carolina y al mismo tiempo complet\u00f3 sus estudios en el Seminario Arzobispal de Praga. Despu\u00e9s de su ordenaci\u00f3n sacerdotal en 1996, fue vicario parroquial en Svat\u00e1 Hora (1996-1999) y p\u00e1rroco (1999-2008). De 2002 a 2011 ocup\u00f3 el cargo de Provincial de la Provincia Redentorista de Praga.<\/p>\n\n\n\n<p>En 2004 se convirti\u00f3 en presidente de la Caridad Arquidiocesana de Praga. Sirvi\u00f3 hasta finales de 2008. Ese mismo a\u00f1o fue nombrado miembro del Consejo Presbiteral de la Arquidi\u00f3cesis de Praga. En 2012 obtuvo la licenciatura en teolog\u00eda por la Facultad Teol\u00f3gica Cat\u00f3lica de la Universidad Carolina de Praga y en 2014 el doctorado en teolog\u00eda por la misma universidad. En 2019 obtuvo una Maestr\u00eda en Finanzas y Gesti\u00f3n en la Facultad de Ciencias Sociales y Econ\u00f3micas de la Universidad Jan Evangelista Purkyn\u011b en \u00dast\u00ed nad Labem. Actualmente estudia Historia del Arte en la Facultad de Letras y Filosof\u00eda de la Universidad Carolina, con especial atenci\u00f3n a la personalidad del tercer arzobispo de Praga, Juan de Jen\u0161tejn.<\/p>\n\n\n\n<p>De 2009 a 2016 fue vicario general de la di\u00f3cesis de Litom\u011b\u0159ice. Desde el 1 de octubre de 2016 es secretario general de la Conferencia Episcopal Checa; dirige la secretar\u00eda de esta organizaci\u00f3n, que representa las actividades de la Iglesia cat\u00f3lica en la Rep\u00fablica Checa y habla en su nombre en los medios de comunicaci\u00f3n.<\/p>\n\n\n\n<p>Entre sus actividades favoritas se encuentran la m\u00fasica, especialmente tocar el \u00f3rgano, y la fotograf\u00eda. Se comunica en distintos grados en polaco, alem\u00e1n, ingl\u00e9s, italiano y franc\u00e9s.<\/p>\n\n\n\n<p>La di\u00f3cesis de Litom\u011b\u0159ice fue creada mediante bula del Papa Alejandro VII del 3 de julio de 1655 y fue separada del territorio de la archidi\u00f3cesis de Praga. Tiene una superficie de 9.393 km\u00b2, cuenta con 10 vicariatos, 384 parroquias y 1.265 iglesias y capillas independientes. El vig\u00e9simo obispo de la di\u00f3cesis desde 2008 es Jan Baxant, que cumpli\u00f3 75 a\u00f1os de edad can\u00f3nica el 8 de octubre de 2023 y renunci\u00f3 al cargo de obispo residente en favor del Papa.<\/p>\n\n\n\n<p>\u00a1Os pedimos que rec\u00e9is por nuestro hermano, el nuevo obispo de la di\u00f3cesis de Litom\u011b\u0159ice!<\/p>\n\n\n\n<p>(fuente: cirkev.cz \/ redemptoristi.sk)<\/p>\n","protected":false},"excerpt":{"rendered":"<p>El s\u00e1bado 23 de diciembre de 2023, el Papa Francisco nombr\u00f3 un nuevo obispo para la di\u00f3cesis de Litom\u011b\u0159ice (Rep\u00fablica Checa). El 21\u00ba obispo de Litom\u011b\u0159ice ser\u00e1 el redentorista P. Stanislav P\u0159ibyl CSsR, actual secretario general de la Conferencia Episcopal Checa y administrador del lugar de peregrinaci\u00f3n Horn\u00ed Police en la di\u00f3cesis de Litom\u011b\u0159ice. El [&hellip;]<\/p>\n","protected":false},"author":3,"featured_media":22724,"comment_status":"closed","ping_status":"closed","sticky":false,"template":"","format":"standard","meta":[],"categories":[15],"tags":[],"_links":{"self":[{"href":"https:\/\/www.cssr.news\/spanish\/wp-json\/wp\/v2\/posts\/22723"}],"collection":[{"href":"https:\/\/www.cssr.news\/spanish\/wp-json\/wp\/v2\/posts"}],"about":[{"href":"https:\/\/www.cssr.news\/spanish\/wp-json\/wp\/v2\/types\/post"}],"author":[{"embeddable":true,"href":"https:\/\/www.cssr.news\/spanish\/wp-json\/wp\/v2\/users\/3"}],"replies":[{"embeddable":true,"href":"https:\/\/www.cssr.news\/spanish\/wp-json\/wp\/v2\/comments?post=22723"}],"version-history":[{"count":1,"href":"https:\/\/www.cssr.news\/spanish\/wp-json\/wp\/v2\/posts\/22723\/revisions"}],"predecessor-version":[{"id":22726,"href":"https:\/\/www.cssr.news\/spanish\/wp-json\/wp\/v2\/posts\/22723\/revisions\/22726"}],"wp:featuredmedia":[{"embeddable":true,"href":"https:\/\/www.cssr.news\/spanish\/wp-json\/wp\/v2\/media\/22724"}],"wp:attachment":[{"href":"https:\/\/www.cssr.news\/spanish\/wp-json\/wp\/v2\/media?parent=22723"}],"wp:term":[{"taxonomy":"category","embeddable":true,"href":"https:\/\/www.cssr.news\/spanish\/wp-json\/wp\/v2\/categories?post=22723"},{"taxonomy":"post_tag","embeddable":true,"href":"https:\/\/www.cssr.news\/spanish\/wp-json\/wp\/v2\/tags?post=22723"}],"curies":[{"name":"wp","href":"https:\/\/api.w.org\/{rel}","templated":true}]}}