{"id":22782,"date":"2024-01-09T08:36:00","date_gmt":"2024-01-09T06:36:00","guid":{"rendered":"https:\/\/www.cssr.news\/spanish\/?p=22782"},"modified":"2024-01-10T08:39:22","modified_gmt":"2024-01-10T06:39:22","slug":"ecologia-y-evangelizacion","status":"publish","type":"post","link":"https:\/\/www.cssr.news\/spanish\/2024\/01\/ecologia-y-evangelizacion\/","title":{"rendered":"Ecolog\u00eda y evangelizaci\u00f3n"},"content":{"rendered":"\n<p class=\"has-text-align-right\">(del Blog de la Academia Alfonsiana)<\/p>\n\n\n\n<p>La ecolog\u00eda tiene que estar presente en la evangelizaci\u00f3n de la Iglesia. Evangelizar es testimoniar una vida coherente con el evangelio, incluyendo nuestro comportamiento en el \u00e1mbito de la ecolog\u00eda. En efecto, \u201cvivir la vocaci\u00f3n de ser protectores de la obra de Dios es parte esencial de una existencia virtuosa\u201d<a href=\"https:\/\/www.alfonsiana.org\/blog\/2024\/01\/09\/ecologia-y-evangelizacion\/#_edn1\">[1]<\/a>.<\/p>\n\n\n\n<p>La perspectiva tiene que ser integral, pues formamos una gran familia y todo est\u00e1 relacionado. En consecuencia, \u201cla acci\u00f3n de la Iglesia no s\u00f3lo intenta recordar el deber de cuidar la naturaleza, sino que al mismo tiempo debe proteger sobre todo al hombre contra la destrucci\u00f3n de s\u00ed mismo\u201d (<em>LS&nbsp;<\/em>79;&nbsp;<em>CV<\/em>&nbsp;51).<\/p>\n\n\n\n<p>Ese anuncio evangelizador \u201cabraza todas las dimensiones de la existencia\u201d humana (<em>EG<\/em>&nbsp;181). Comentando un texto de las&nbsp;<em>Confesiones<\/em>&nbsp;(X 6,8) de San Agust\u00edn, J. Moltmann muestra una espiritualidad encarnada, que incluye todos los sentidos.<\/p>\n\n\n\n<p>\u201cCuando yo amo a Dios, entonces yo amo la belleza de los cuerpos, el ritmo de los movimientos, el brillo de los ojos, los abrazos, los sentimientos, los perfumes, los sonidos de esta creaci\u00f3n variopinta. Todo quisiera yo abrazarlo cuando yo, Dios m\u00edo, te amo a ti, porque yo te amo con todos mis sentidos puestos en las criaturas de tu amor. T\u00fa me esperas en todas las cosas que se encuentran conmigo\u201d<a href=\"https:\/\/www.alfonsiana.org\/blog\/2024\/01\/09\/ecologia-y-evangelizacion\/#_edn2\">[2]<\/a>.<\/p>\n\n\n\n<p>El evangelio de Marcos concluye con estas palabras: \u201cProclamad la Buena Nueva a toda la creaci\u00f3n\u201d (Mc 16,15), indicando as\u00ed que el anuncio evangelizador se dirige tambi\u00e9n a las dem\u00e1s criaturas. La tierra \u201cespera ansiosamente esta revelaci\u00f3n\u201d (Rm 9,19) y, anhel\u00e1ndola, su gemido se une al grito de los pobres y abandonados. Ambos son inseparables. El profeta Oseas lo expresa con estas palabras:<\/p>\n\n\n\n<p>\u201cNo hay ya fidelidad ni amor, ni conocimiento de Dios en esta tierra; sino perjurio y mentira, asesinato y robo, adulterio y violencia, sangre que sucede a sangre. Por eso, la tierra est\u00e1 en duelo, y se marchita cuanto en ella habita, con las bestias del campo y las aves del cielo; y hasta los peces del mar desaparecen\u201d (Os 4,1-3).<\/p>\n\n\n\n<p>La evangelizaci\u00f3n no es tanto un proceso lineal de transmisi\u00f3n de contenidos, sino un proceso interactivo, din\u00e1mico, una b\u00fasqueda rec\u00edproca de las \u201csemillas del Verbo\u201d ya presentes en todos los hombres. Esa interactividad debe darse tambi\u00e9n, en cierto modo, con las dem\u00e1s criaturas, pues cada una de ellas \u201clleva en s\u00ed una estructura propiamente trinitaria\u201d y, por tanto, podemos \u201cleer la realidad en clave trinitaria\u201d (<em>LS&nbsp;<\/em>239).<\/p>\n\n\n\n<p>Francisco de As\u00eds ha vivido plenamente esta reciprocidad. Las criaturas \u201cbarruntaban el dulc\u00edsimo amor que sent\u00eda por ellas\u201d<a href=\"https:\/\/www.alfonsiana.org\/blog\/2024\/01\/09\/ecologia-y-evangelizacion\/#_edn3\">[3]<\/a>. Por otra parte, Francisco se beneficia de la ayuda que las criaturas le ofrecen. Uni\u00e9ndose a su canto de alabanza, Francisco logra vencer su propia indignidad, porque \u201cning\u00fan hombre es digno de hacer de ti menci\u00f3n\u201d (<em>C\u00e1nt<\/em>&nbsp;2). En efecto, \u201cnosotros, miserables y pecadores, no somos dignos de nombrarte\u201d (<em>Rnb<\/em>&nbsp;23,5), mientras que \u201ctodas las criaturas que hay bajo el cielo, de por s\u00ed, sirven, conocen y obedecen a su Creador mejor que t\u00fa\u201d (<em>Adm<\/em>&nbsp;5,2). As\u00ed pues, \u201c<em>con<\/em>\u201d todas las criaturas (<em>C\u00e1nt.<\/em>&nbsp;3) y \u201c<em>por<\/em>\u201d medio de ellas (<em>C\u00e1nt<\/em>&nbsp;5-9), Francisco alaba al Creador.<\/p>\n\n\n\n<p>Todas las criaturas existen en el Amor divino y lo proclaman con el simple hecho de ser ellas mismas. Nosotros estamos llamados a unirnos a ese canto de alabanza, mientras intentamos anticipar la llegada de los cielos nuevos y la tierra nueva (2Pt 3,13). &nbsp;<\/p>\n\n\n\n<p class=\"has-text-align-right\"><em>Mart\u00edn Carbajo-N\u00fa\u00f1ez, OFM<\/em><\/p>\n\n\n\n<hr class=\"wp-block-separator\"\/>\n\n\n\n<p><a href=\"https:\/\/www.alfonsiana.org\/blog\/2024\/01\/09\/ecologia-y-evangelizacion\/#_ednref1\">[1]<\/a>&nbsp;<em>LS&nbsp;<\/em>217. Parte del contenido de estosp\u00e1rrafos est\u00e1 tomado del n\u00famero monogr\u00e1fico: M. Carbajo-N\u00fa\u00f1ez, \u00ab\u201cProclamad la Buena Nueva a toda la creaci\u00f3n\u201d (Mc 16,15). Ecolog\u00eda integral y evangelizaci\u00f3n\u00bb (N\u00famero monogr\u00e1fico), en&nbsp;<em>Frontera Hegian<\/em>. Cuadernos de Formaci\u00f3n Permanente de VR, n. 121\/3 (2023) 91 p\u00e1ginas.<\/p>\n\n\n\n<p><a href=\"https:\/\/www.alfonsiana.org\/blog\/2024\/01\/09\/ecologia-y-evangelizacion\/#_ednref2\">[2]<\/a>&nbsp;J. Moltmann,&nbsp;<em>Lo Spirito della vita. Per una pneumatologia integrale<\/em>, Brescia 1994, 119.<\/p>\n\n\n\n<p><a href=\"https:\/\/www.alfonsiana.org\/blog\/2024\/01\/09\/ecologia-y-evangelizacion\/#_ednref3\">[3]<\/a>&nbsp;<em>1Cel<\/em>&nbsp;59. Abreviaciones franciscanas:&nbsp;<em>Adm<\/em>, Admonici\u00f3n;&nbsp;<em>C\u00e1nt<\/em>, C\u00e1ntico del hermano sol;&nbsp;<em>Rnb<\/em>, Regla no bulada;&nbsp;<em>1Cel<\/em>, Vida primera; en: Guerra J.A. (ed.),&nbsp;<em>San Francisco de As\u00eds. Escritos, biograf\u00edas, documentos de la \u00e9poca<\/em>, BAC, Madrid 2013.<\/p>\n","protected":false},"excerpt":{"rendered":"<p>(del Blog de la Academia Alfonsiana) La ecolog\u00eda tiene que estar presente en la evangelizaci\u00f3n de la Iglesia. Evangelizar es testimoniar una vida coherente con el evangelio, incluyendo nuestro comportamiento en el \u00e1mbito de la ecolog\u00eda. En efecto, \u201cvivir la vocaci\u00f3n de ser protectores de la obra de Dios es parte esencial de una existencia [&hellip;]<\/p>\n","protected":false},"author":3,"featured_media":22783,"comment_status":"closed","ping_status":"closed","sticky":false,"template":"","format":"standard","meta":[],"categories":[28],"tags":[],"_links":{"self":[{"href":"https:\/\/www.cssr.news\/spanish\/wp-json\/wp\/v2\/posts\/22782"}],"collection":[{"href":"https:\/\/www.cssr.news\/spanish\/wp-json\/wp\/v2\/posts"}],"about":[{"href":"https:\/\/www.cssr.news\/spanish\/wp-json\/wp\/v2\/types\/post"}],"author":[{"embeddable":true,"href":"https:\/\/www.cssr.news\/spanish\/wp-json\/wp\/v2\/users\/3"}],"replies":[{"embeddable":true,"href":"https:\/\/www.cssr.news\/spanish\/wp-json\/wp\/v2\/comments?post=22782"}],"version-history":[{"count":1,"href":"https:\/\/www.cssr.news\/spanish\/wp-json\/wp\/v2\/posts\/22782\/revisions"}],"predecessor-version":[{"id":22784,"href":"https:\/\/www.cssr.news\/spanish\/wp-json\/wp\/v2\/posts\/22782\/revisions\/22784"}],"wp:featuredmedia":[{"embeddable":true,"href":"https:\/\/www.cssr.news\/spanish\/wp-json\/wp\/v2\/media\/22783"}],"wp:attachment":[{"href":"https:\/\/www.cssr.news\/spanish\/wp-json\/wp\/v2\/media?parent=22782"}],"wp:term":[{"taxonomy":"category","embeddable":true,"href":"https:\/\/www.cssr.news\/spanish\/wp-json\/wp\/v2\/categories?post=22782"},{"taxonomy":"post_tag","embeddable":true,"href":"https:\/\/www.cssr.news\/spanish\/wp-json\/wp\/v2\/tags?post=22782"}],"curies":[{"name":"wp","href":"https:\/\/api.w.org\/{rel}","templated":true}]}}