{"id":22788,"date":"2024-01-10T10:37:04","date_gmt":"2024-01-10T08:37:04","guid":{"rendered":"https:\/\/www.cssr.news\/spanish\/?p=22788"},"modified":"2024-01-10T10:38:41","modified_gmt":"2024-01-10T08:38:41","slug":"la-provincia-jose-maria-benito-serra-de-las-oblatas-estrena-pagina-web","status":"publish","type":"post","link":"https:\/\/www.cssr.news\/spanish\/2024\/01\/la-provincia-jose-maria-benito-serra-de-las-oblatas-estrena-pagina-web\/","title":{"rendered":"La Provincia Jos\u00e9 Mar\u00eda Benito Serra de las Oblatas estrena p\u00e1gina web"},"content":{"rendered":"\n<p>La provincia Jos\u00e9 Mar\u00eda Benito Serra, de las <strong>Hermanas Oblatas del Sant\u00edsimo Redentor,<\/strong> estrena\u00a0<a href=\"https:\/\/oblataspjmbs.org\/\">p\u00e1gina web<\/a>, perfil de Instagram:\u00a0<a href=\"https:\/\/www.instagram.com\/oblataspjmbs\/?hl=es\">oblataspjmbs<\/a>, y p\u00e1gina de Facebook:\u00a0<a href=\"https:\/\/www.facebook.com\/oblataspjmbs\">Provincia Jos\u00e9 Mar\u00eda Benito Serra<\/a>.<\/p>\n\n\n\n<p>La provincia engloba las comunidades y proyectos de M\u00e9xico, Guatemala, Puerto Rico, Rep\u00fablica Dominicana, Estados Unidos, Filipinas, Colombia y Venezuela.<\/p>\n\n\n\n<p>Las secciones que se pueden visitar en la nueva web son: Inicio, Oblatas, Actividades, Nuestra provincia, Donaciones, Cont\u00e1ctenos. Igualmente, se puede acceder desde la home a los perfiles de redes sociales (Instagram y Facebook) y a las \u00faltimas noticias destacadas.<\/p>\n\n\n\n<p>En el&nbsp;<a href=\"https:\/\/hermanasoblatas.org\/noticias\/provincia-jose-maria-benito-serra\">Cap\u00edtulo<\/a>&nbsp;de la Provincia, celebrado el pasado mes de mayo en Bogot\u00e1, las hermanas eligieron un nuevo el Equipo de Animaci\u00f3n y Gobierno para el pr\u00f3ximo trienio 2023-2026.<\/p>\n\n\n\n<p>As\u00ed se ha impulsado la renovaci\u00f3n de la comunicaci\u00f3n y creaci\u00f3n de la p\u00e1gina web y redes sociales. Asimismo, el Equipo de Comunicaci\u00f3n de la Provincia se encuentra actualmente implicado en el proceso de renovaci\u00f3n de la imagen institucional de Hermanas Oblatas del Sant\u00edsimo Redentor.<\/p>\n\n\n\n<p>(hermanasoblatas.org)<\/p>\n\n\n\n<p>Se puede acceder al sito <a rel=\"noreferrer noopener\" href=\"https:\/\/oblataspjmbs.org\/\" target=\"_blank\">https:\/\/oblataspjmbs.org\/<\/a><\/p>\n\n\n\n<figure class=\"wp-block-image size-large\"><a href=\"https:\/\/oblataspjmbs.org\/\"><img width=\"1024\" height=\"539\" src=\"http:\/\/www.cssr.news\/spanish\/wp-content\/uploads\/sites\/3\/2024\/01\/sn2024_web-provincia-jmbs_oblatas-1024x539.jpg\" alt=\"\" class=\"wp-image-22789\" srcset=\"https:\/\/www.cssr.news\/spanish\/wp-content\/uploads\/sites\/3\/2024\/01\/sn2024_web-provincia-jmbs_oblatas-1024x539.jpg 1024w, https:\/\/www.cssr.news\/spanish\/wp-content\/uploads\/sites\/3\/2024\/01\/sn2024_web-provincia-jmbs_oblatas-300x158.jpg 300w, https:\/\/www.cssr.news\/spanish\/wp-content\/uploads\/sites\/3\/2024\/01\/sn2024_web-provincia-jmbs_oblatas-768x404.jpg 768w, https:\/\/www.cssr.news\/spanish\/wp-content\/uploads\/sites\/3\/2024\/01\/sn2024_web-provincia-jmbs_oblatas-1536x809.jpg 1536w, https:\/\/www.cssr.news\/spanish\/wp-content\/uploads\/sites\/3\/2024\/01\/sn2024_web-provincia-jmbs_oblatas-696x367.jpg 696w, https:\/\/www.cssr.news\/spanish\/wp-content\/uploads\/sites\/3\/2024\/01\/sn2024_web-provincia-jmbs_oblatas-1068x562.jpg 1068w, https:\/\/www.cssr.news\/spanish\/wp-content\/uploads\/sites\/3\/2024\/01\/sn2024_web-provincia-jmbs_oblatas-797x420.jpg 797w, https:\/\/www.cssr.news\/spanish\/wp-content\/uploads\/sites\/3\/2024\/01\/sn2024_web-provincia-jmbs_oblatas.jpg 1893w\" sizes=\"(max-width: 1024px) 100vw, 1024px\" \/><\/a><\/figure>\n\n\n\n<p><\/p>\n","protected":false},"excerpt":{"rendered":"<p>La provincia Jos\u00e9 Mar\u00eda Benito Serra, de las Hermanas Oblatas del Sant\u00edsimo Redentor, estrena\u00a0p\u00e1gina web, perfil de Instagram:\u00a0oblataspjmbs, y p\u00e1gina de Facebook:\u00a0Provincia Jos\u00e9 Mar\u00eda Benito Serra. La provincia engloba las comunidades y proyectos de M\u00e9xico, Guatemala, Puerto Rico, Rep\u00fablica Dominicana, Estados Unidos, Filipinas, Colombia y Venezuela. Las secciones que se pueden visitar en la nueva [&hellip;]<\/p>\n","protected":false},"author":3,"featured_media":22790,"comment_status":"closed","ping_status":"closed","sticky":false,"template":"","format":"standard","meta":[],"categories":[22],"tags":[],"_links":{"self":[{"href":"https:\/\/www.cssr.news\/spanish\/wp-json\/wp\/v2\/posts\/22788"}],"collection":[{"href":"https:\/\/www.cssr.news\/spanish\/wp-json\/wp\/v2\/posts"}],"about":[{"href":"https:\/\/www.cssr.news\/spanish\/wp-json\/wp\/v2\/types\/post"}],"author":[{"embeddable":true,"href":"https:\/\/www.cssr.news\/spanish\/wp-json\/wp\/v2\/users\/3"}],"replies":[{"embeddable":true,"href":"https:\/\/www.cssr.news\/spanish\/wp-json\/wp\/v2\/comments?post=22788"}],"version-history":[{"count":2,"href":"https:\/\/www.cssr.news\/spanish\/wp-json\/wp\/v2\/posts\/22788\/revisions"}],"predecessor-version":[{"id":22793,"href":"https:\/\/www.cssr.news\/spanish\/wp-json\/wp\/v2\/posts\/22788\/revisions\/22793"}],"wp:featuredmedia":[{"embeddable":true,"href":"https:\/\/www.cssr.news\/spanish\/wp-json\/wp\/v2\/media\/22790"}],"wp:attachment":[{"href":"https:\/\/www.cssr.news\/spanish\/wp-json\/wp\/v2\/media?parent=22788"}],"wp:term":[{"taxonomy":"category","embeddable":true,"href":"https:\/\/www.cssr.news\/spanish\/wp-json\/wp\/v2\/categories?post=22788"},{"taxonomy":"post_tag","embeddable":true,"href":"https:\/\/www.cssr.news\/spanish\/wp-json\/wp\/v2\/tags?post=22788"}],"curies":[{"name":"wp","href":"https:\/\/api.w.org\/{rel}","templated":true}]}}