{"id":22794,"date":"2024-01-10T16:11:00","date_gmt":"2024-01-10T14:11:00","guid":{"rendered":"https:\/\/www.cssr.news\/spanish\/?p=22794"},"modified":"2024-01-12T12:48:57","modified_gmt":"2024-01-12T10:48:57","slug":"comienza-la-segunda-parte-del-noviciado-en-colombia","status":"publish","type":"post","link":"https:\/\/www.cssr.news\/spanish\/2024\/01\/comienza-la-segunda-parte-del-noviciado-en-colombia\/","title":{"rendered":"Comienza el Segundo Noviciado en Colombia"},"content":{"rendered":"\n<p>El Segundo Noviciado, un periodo de preparaci\u00f3n a los votos perpetuos, comenz\u00f3 el pasado lunes 8 de enero, en Piedecuesta, Colombia, con la Misa de apertura presidida por el Maestro de novicios, Padre Ronaldo Mendon\u00e7a, C.Ss.R., de la Provincia de Curitiba, y concelebrada por los Padres Carlos P\u00e9rez. Trivino, C.Ss.R, de la Provincia Pedro Donders, y F\u00e1bio C\u00e1rdenas, C.Ss.R, de la Provincia Andino-Caribe\u00f1a. Estuvieron presentes los Misioneros Redentoristas de Casa Mantilla y tambi\u00e9n los j\u00f3venes del Noviciado de San Alfonso.<\/p>\n\n\n\n<p>El curso de preparaci\u00f3n a los votos perpetuos, de 40 d\u00edas de duraci\u00f3n, re\u00fane a 19 j\u00f3venes de diversas Unidades Redentoristas de Am\u00e9rica Latina y el Caribe. De la Provincia Nossa Senhora Aparecida, p. Tiago Costa, C.Ss.R., p. Guilherme Dias, C.Ss.R. y P. Jo\u00edlson Ramos, C.Ss.R. participan en esta etapa de formaci\u00f3n. <\/p>\n\n\n\n<p>Hasta el 18 de febrero, los j\u00f3venes profundizar\u00e1n sus experiencias como Redentoristas consagrados y se dedicar\u00e1n m\u00e1s intensamente a su vocaci\u00f3n, retomando elementos importantes de la misi\u00f3n y espiritualidad Redentorista. El objetivo del curso es ayudar a los j\u00f3venes a preparar una s\u00edntesis personal y existencial de sus vidas, promover la integraci\u00f3n con el carisma redentorista y fortalecer el dinamismo misionero.<\/p>\n\n\n\n<p>Oramos para que el camino espiritual de los j\u00f3venes Redentoristas siga creciendo en el esp\u00edritu de San Alfonso y que Mar\u00eda, nuestra Madre del Perpetuo Socorro, interceda por ellos.<\/p>\n\n\n\n<p>(provinciadorio.org.br)<\/p>\n","protected":false},"excerpt":{"rendered":"<p>El Segundo Noviciado, un periodo de preparaci\u00f3n a los votos perpetuos, comenz\u00f3 el pasado lunes 8 de enero, en Piedecuesta, Colombia, con la Misa de apertura presidida por el Maestro de novicios, Padre Ronaldo Mendon\u00e7a, C.Ss.R., de la Provincia de Curitiba, y concelebrada por los Padres Carlos P\u00e9rez. Trivino, C.Ss.R, de la Provincia Pedro Donders, [&hellip;]<\/p>\n","protected":false},"author":3,"featured_media":22795,"comment_status":"closed","ping_status":"closed","sticky":false,"template":"","format":"standard","meta":[],"categories":[16],"tags":[],"_links":{"self":[{"href":"https:\/\/www.cssr.news\/spanish\/wp-json\/wp\/v2\/posts\/22794"}],"collection":[{"href":"https:\/\/www.cssr.news\/spanish\/wp-json\/wp\/v2\/posts"}],"about":[{"href":"https:\/\/www.cssr.news\/spanish\/wp-json\/wp\/v2\/types\/post"}],"author":[{"embeddable":true,"href":"https:\/\/www.cssr.news\/spanish\/wp-json\/wp\/v2\/users\/3"}],"replies":[{"embeddable":true,"href":"https:\/\/www.cssr.news\/spanish\/wp-json\/wp\/v2\/comments?post=22794"}],"version-history":[{"count":4,"href":"https:\/\/www.cssr.news\/spanish\/wp-json\/wp\/v2\/posts\/22794\/revisions"}],"predecessor-version":[{"id":22814,"href":"https:\/\/www.cssr.news\/spanish\/wp-json\/wp\/v2\/posts\/22794\/revisions\/22814"}],"wp:featuredmedia":[{"embeddable":true,"href":"https:\/\/www.cssr.news\/spanish\/wp-json\/wp\/v2\/media\/22795"}],"wp:attachment":[{"href":"https:\/\/www.cssr.news\/spanish\/wp-json\/wp\/v2\/media?parent=22794"}],"wp:term":[{"taxonomy":"category","embeddable":true,"href":"https:\/\/www.cssr.news\/spanish\/wp-json\/wp\/v2\/categories?post=22794"},{"taxonomy":"post_tag","embeddable":true,"href":"https:\/\/www.cssr.news\/spanish\/wp-json\/wp\/v2\/tags?post=22794"}],"curies":[{"name":"wp","href":"https:\/\/api.w.org\/{rel}","templated":true}]}}