{"id":22800,"date":"2024-01-11T16:55:36","date_gmt":"2024-01-11T14:55:36","guid":{"rendered":"https:\/\/www.cssr.news\/spanish\/?p=22800"},"modified":"2024-01-11T17:06:19","modified_gmt":"2024-01-11T15:06:19","slug":"padre-levytskyi-y-padre-heleta-empiezo-la-oracion-con-ellos-en-mente-palabras-del-nuncio-apostolico-en-ucrania","status":"publish","type":"post","link":"https:\/\/www.cssr.news\/spanish\/2024\/01\/padre-levytskyi-y-padre-heleta-empiezo-la-oracion-con-ellos-en-mente-palabras-del-nuncio-apostolico-en-ucrania\/","title":{"rendered":"Padre Levytskyi y padre Heleta&#8230;&#8221;Empiezo la oraci\u00f3n con ellos en mente&#8221;, palabras del nuncio apost\u00f3lico en Ucrania"},"content":{"rendered":"\n<p>En nombre de tantos Redentoristas que trabajan en situaciones de tensi\u00f3n pol\u00edtica o entre los m\u00e1s abandonados, agradecemos las palabras del arzobispo Visvaldas Kulbokas, nuncio apost\u00f3lico en Ucrania, que celebr\u00f3 la Misa de Navidad en Kharkiv, en zona de guerra, a 50 kil\u00f3metros de la frontera con Rusia.<\/p>\n\n\n\n<p>En una entrevista con Vatican News, dijo que las alertas a\u00e9reas &#8220;sonaron precisamente en los momentos m\u00e1s altos de la celebraci\u00f3n, cuando est\u00e1bamos frente a Jes\u00fas&#8221;.<\/p>\n\n\n\n<p>El nuncio dijo a los medios vaticanos que &#8220;incluso durante el per\u00edodo navide\u00f1o, la guerra no ha desaparecido, la guerra contin\u00faa&#8221;.<\/p>\n\n\n\n<p>El arzobispo dijo que reza constantemente por los ni\u00f1os, pero tambi\u00e9n por los prisioneros porque &#8220;no saben a cu\u00e1ntos conozco personalmente, a cu\u00e1ntas familias tienen a sus seres queridos en alg\u00fan lugar de Rusia, no sabemos d\u00f3nde est\u00e1n, ni siquiera son soldados: son m\u00e9dicos, son civiles, incluso tenemos a nuestros dos sacerdotes cat\u00f3licos redentoristas, el padre Ivan Levytskyi y el padre Bohdan Heleta\u2026 Yo empiezo la oraci\u00f3n con ellos en mi mente\u201d.<\/p>\n\n\n\n<p>Pod\u00e9is encontrar la entrevista completa en las p\u00e1ginas de los medios vaticanos, bajo el t\u00edtulo:<\/p>\n\n\n\n<p><strong>\u201cNatale sotto le bombe a Kyiv. La testimonianza del nunzio apostolico\u201d<\/strong>, en el <strong>L\u2019Osservatore Romano:<\/strong><br>\u201c<a rel=\"noreferrer noopener\" href=\"https:\/\/www.osservatoreromano.va\/it\/news\/2024-01\/quo-003\/la-luce-di-gesu-risplende-anche-nel-buio-della-guerra.html\" target=\"_blank\">https:\/\/www.osservatoreromano.va\/it\/news\/2024-01\/quo-003\/la-luce-di-gesu-risplende-anche-nel-buio-della-guerra.html<\/a><\/p>\n\n\n\n<p>&#8220;<strong>Kulbokas: En Ucrania la luz de Jes\u00fas brilla incluso en la oscuridad de la guerra&#8221;<\/strong>, en <strong>Vatican News:<\/strong> <br><a rel=\"noreferrer noopener\" href=\"https:\/\/www.vaticannews.va\/es\/vaticano\/news\/2024-01\/nuncio-apostolico-ucrania-misa-navidad-guerra-paz-ninos-2024.html\" target=\"_blank\">https:\/\/www.vaticannews.va\/es\/vaticano\/news\/2024-01\/nuncio-apostolico-ucrania-misa-navidad-guerra-paz-ninos-2024.html<\/a><\/p>\n","protected":false},"excerpt":{"rendered":"<p>En nombre de tantos Redentoristas que trabajan en situaciones de tensi\u00f3n pol\u00edtica o entre los m\u00e1s abandonados, agradecemos las palabras del arzobispo Visvaldas Kulbokas, nuncio apost\u00f3lico en Ucrania, que celebr\u00f3 la Misa de Navidad en Kharkiv, en zona de guerra, a 50 kil\u00f3metros de la frontera con Rusia. En una entrevista con Vatican News, dijo [&hellip;]<\/p>\n","protected":false},"author":3,"featured_media":22801,"comment_status":"closed","ping_status":"closed","sticky":false,"template":"","format":"standard","meta":[],"categories":[2],"tags":[],"_links":{"self":[{"href":"https:\/\/www.cssr.news\/spanish\/wp-json\/wp\/v2\/posts\/22800"}],"collection":[{"href":"https:\/\/www.cssr.news\/spanish\/wp-json\/wp\/v2\/posts"}],"about":[{"href":"https:\/\/www.cssr.news\/spanish\/wp-json\/wp\/v2\/types\/post"}],"author":[{"embeddable":true,"href":"https:\/\/www.cssr.news\/spanish\/wp-json\/wp\/v2\/users\/3"}],"replies":[{"embeddable":true,"href":"https:\/\/www.cssr.news\/spanish\/wp-json\/wp\/v2\/comments?post=22800"}],"version-history":[{"count":2,"href":"https:\/\/www.cssr.news\/spanish\/wp-json\/wp\/v2\/posts\/22800\/revisions"}],"predecessor-version":[{"id":22803,"href":"https:\/\/www.cssr.news\/spanish\/wp-json\/wp\/v2\/posts\/22800\/revisions\/22803"}],"wp:featuredmedia":[{"embeddable":true,"href":"https:\/\/www.cssr.news\/spanish\/wp-json\/wp\/v2\/media\/22801"}],"wp:attachment":[{"href":"https:\/\/www.cssr.news\/spanish\/wp-json\/wp\/v2\/media?parent=22800"}],"wp:term":[{"taxonomy":"category","embeddable":true,"href":"https:\/\/www.cssr.news\/spanish\/wp-json\/wp\/v2\/categories?post=22800"},{"taxonomy":"post_tag","embeddable":true,"href":"https:\/\/www.cssr.news\/spanish\/wp-json\/wp\/v2\/tags?post=22800"}],"curies":[{"name":"wp","href":"https:\/\/api.w.org\/{rel}","templated":true}]}}