{"id":22829,"date":"2024-02-01T07:09:00","date_gmt":"2024-02-01T05:09:00","guid":{"rendered":"https:\/\/www.cssr.news\/spanish\/?p=22829"},"modified":"2024-02-01T10:35:29","modified_gmt":"2024-02-01T08:35:29","slug":"encuentro-virtual-formacion-permanente-o-frustracion-permanente","status":"publish","type":"post","link":"https:\/\/www.cssr.news\/spanish\/2024\/02\/encuentro-virtual-formacion-permanente-o-frustracion-permanente\/","title":{"rendered":"Encuentro virtual: Formaci\u00f3n permanente o frustraci\u00f3n permanente"},"content":{"rendered":"\n<p><strong>El viernes 2 de febrero de 2024, a las 14:00 h (hora de Roma) con motivo de la Jornada Mundial de la Vida Consagrada y la publicaci\u00f3n de la primera Communicanda del Gobierno General (sexenio 2022-2028) se tendr\u00e1 un webinar con el Padre Amadeo Cencini, sacerdote canosiano experto en psicolog\u00eda y formaci\u00f3n de la Vida Religiosa, autor reconocido por diversas publicaciones de formaci\u00f3n inicial, permanente y aspectos psicoterap\u00e9uticos en la vida consagrada.<\/strong><\/p>\n\n\n\n<p>El tema del encuentro es: Formaci\u00f3n permanente o frustraci\u00f3n permanente. Dicha reflexi\u00f3n est\u00e1 muy relacionada con nuestra formaci\u00f3n continua y sus desaf\u00edos en las circunstancias actuales de nuestra sociedad. <\/p>\n\n\n\n<p><strong>Programa de la Jornada de la Vida Consagrada 2024<\/strong>: Saludo del Padre General, que estar\u00e1 acompa\u00f1ado por el Consejo General, Bienvenida y presentaci\u00f3n del P. Amadeo Cencini por el P. General, luego la Conferencia del P. Amadeo Cencini. Enseguida un Momento de oraci\u00f3n y finalmente la Presentaci\u00f3n de Communicanda 1 &#8220;\u00a1Vosotros sois la luz del mundo!&#8221;(Mt 5,14): Nuestra vida consagrada al servicio de la Misi\u00f3n del Redentor.<\/p>\n\n\n\n<p>La presentaci\u00f3n ser\u00e1 realizada en los idiomas oficiales de la Congregaci\u00f3n.<\/p>\n\n\n\n<p><strong>El encuentro estar\u00e1 <strong>tambi\u00e9n<\/strong><\/strong> <strong>online en <a rel=\"noreferrer noopener\" href=\"https:\/\/www.youtube.com\/channel\/UCFqZkE0fUPeDbRhKN6Qs-eQ\" data-type=\"URL\" data-id=\"https:\/\/www.youtube.com\/channel\/UCFqZkE0fUPeDbRhKN6Qs-eQ\" target=\"_blank\">nuestro canal de YouTube.<\/a><\/strong><\/p>\n\n\n\n<p><\/p>\n\n\n\n<figure class=\"wp-block-image size-large\"><a href=\"http:\/\/www.cssr.news\/spanish\/wp-content\/uploads\/sites\/3\/2024\/01\/02.02.2024-ES_scaled.jpg\"><img width=\"723\" height=\"1024\" src=\"http:\/\/www.cssr.news\/spanish\/wp-content\/uploads\/sites\/3\/2024\/01\/02.02.2024-ES_scaled-723x1024.jpg\" alt=\"\" class=\"wp-image-22831\" srcset=\"https:\/\/www.cssr.news\/spanish\/wp-content\/uploads\/sites\/3\/2024\/01\/02.02.2024-ES_scaled-723x1024.jpg 723w, https:\/\/www.cssr.news\/spanish\/wp-content\/uploads\/sites\/3\/2024\/01\/02.02.2024-ES_scaled-212x300.jpg 212w, https:\/\/www.cssr.news\/spanish\/wp-content\/uploads\/sites\/3\/2024\/01\/02.02.2024-ES_scaled-768x1087.jpg 768w, https:\/\/www.cssr.news\/spanish\/wp-content\/uploads\/sites\/3\/2024\/01\/02.02.2024-ES_scaled-696x985.jpg 696w, https:\/\/www.cssr.news\/spanish\/wp-content\/uploads\/sites\/3\/2024\/01\/02.02.2024-ES_scaled-297x420.jpg 297w, https:\/\/www.cssr.news\/spanish\/wp-content\/uploads\/sites\/3\/2024\/01\/02.02.2024-ES_scaled.jpg 904w\" sizes=\"(max-width: 723px) 100vw, 723px\" \/><\/a><\/figure>\n","protected":false},"excerpt":{"rendered":"<p>El viernes 2 de febrero de 2024, a las 14:00 h (hora de Roma) con motivo de la Jornada Mundial de la Vida Consagrada y la publicaci\u00f3n de la primera Communicanda del Gobierno General (sexenio 2022-2028) se tendr\u00e1 un webinar con el Padre Amadeo Cencini, sacerdote canosiano experto en psicolog\u00eda y formaci\u00f3n de la Vida [&hellip;]<\/p>\n","protected":false},"author":23,"featured_media":22830,"comment_status":"closed","ping_status":"closed","sticky":false,"template":"","format":"standard","meta":[],"categories":[16],"tags":[],"_links":{"self":[{"href":"https:\/\/www.cssr.news\/spanish\/wp-json\/wp\/v2\/posts\/22829"}],"collection":[{"href":"https:\/\/www.cssr.news\/spanish\/wp-json\/wp\/v2\/posts"}],"about":[{"href":"https:\/\/www.cssr.news\/spanish\/wp-json\/wp\/v2\/types\/post"}],"author":[{"embeddable":true,"href":"https:\/\/www.cssr.news\/spanish\/wp-json\/wp\/v2\/users\/23"}],"replies":[{"embeddable":true,"href":"https:\/\/www.cssr.news\/spanish\/wp-json\/wp\/v2\/comments?post=22829"}],"version-history":[{"count":3,"href":"https:\/\/www.cssr.news\/spanish\/wp-json\/wp\/v2\/posts\/22829\/revisions"}],"predecessor-version":[{"id":23014,"href":"https:\/\/www.cssr.news\/spanish\/wp-json\/wp\/v2\/posts\/22829\/revisions\/23014"}],"wp:featuredmedia":[{"embeddable":true,"href":"https:\/\/www.cssr.news\/spanish\/wp-json\/wp\/v2\/media\/22830"}],"wp:attachment":[{"href":"https:\/\/www.cssr.news\/spanish\/wp-json\/wp\/v2\/media?parent=22829"}],"wp:term":[{"taxonomy":"category","embeddable":true,"href":"https:\/\/www.cssr.news\/spanish\/wp-json\/wp\/v2\/categories?post=22829"},{"taxonomy":"post_tag","embeddable":true,"href":"https:\/\/www.cssr.news\/spanish\/wp-json\/wp\/v2\/tags?post=22829"}],"curies":[{"name":"wp","href":"https:\/\/api.w.org\/{rel}","templated":true}]}}