{"id":23027,"date":"2024-02-03T07:22:57","date_gmt":"2024-02-03T05:22:57","guid":{"rendered":"https:\/\/www.cssr.news\/spanish\/?p=23027"},"modified":"2024-02-12T10:55:21","modified_gmt":"2024-02-12T08:55:21","slug":"vosotros-sois-la-luz-del-mundo-el-gobierno-general-publico-la-primera-communicanda","status":"publish","type":"post","link":"https:\/\/www.cssr.news\/spanish\/2024\/02\/vosotros-sois-la-luz-del-mundo-el-gobierno-general-publico-la-primera-communicanda\/","title":{"rendered":"Vosotros sois la luz del mundo &#8211; el Gobierno General public\u00f3 la primera Communicanda"},"content":{"rendered":"\n<p>En la Jornada Mundial de la Vida Consagrada, el 2 de febrero, durante una reuni\u00f3n en l\u00ednea a la que asistieron un gran n\u00famero de cohermanos, el Gobierno General de la Congregaci\u00f3n del Sant\u00edsimo Redentor present\u00f3 su primera Communicanda para el sexenio 2022-2028, titulada &#8220;Vosotros sois la luz del mundo: Nuestra vida consagrada al servicio de la Misi\u00f3n del Redentor&#8221;.<\/p>\n\n\n\n<p>Esta primera Communicanda sobre la Vida Consagrada hoy es una herramienta que esperamos nos permita revitalizar nuestra Vida Apost\u00f3lica&#8221;, dijo el P. Jairo Diaz CSsR, que present\u00f3 el nuevo documento en espa\u00f1ol. Vivimos en una \u00e9poca de cambio que requiere compromiso y valent\u00eda por nuestra parte.<\/p>\n\n\n\n<figure class=\"wp-block-embed is-type-video is-provider-youtube wp-block-embed-youtube wp-embed-aspect-16-9 wp-has-aspect-ratio\"><div class=\"wp-block-embed__wrapper\">\nhttps:\/\/youtu.be\/VzXQ_afsQ98\n<\/div><\/figure>\n\n\n\n<p>La finalidad de esta Communicanda, fruto de la reflexi\u00f3n de todo el Consejo General, surge como resultado de la situaci\u00f3n particular que estamos viviendo como Congregaci\u00f3n: el proceso de reestructuraci\u00f3n y reconfiguraci\u00f3n, la b\u00fasqueda de nuestra identidad, la reflexi\u00f3n sobre la Vida Consagrada Redentorista puesta de relieve por el \u00faltimo Cap\u00edtulo General.<\/p>\n\n\n\n<p>Esta Communicanda no pretende dar respuestas precisas a todas nuestras inquietudes, sino que es m\u00e1s bien una provocaci\u00f3n y una exhortaci\u00f3n a cada cohermano para que airee su coraz\u00f3n (cf. Lc 24,32) y se anime a buscar su primer amor (cf. Ap 2,4). Es una invitaci\u00f3n a cada hermano \/ a recuperar el entusiasmo por su vocaci\u00f3n y la alegr\u00eda de ser misionero redentorista. Al mismo tiempo, es una invitaci\u00f3n a buscar la luz propia del Redentor y a reconocer el bien que surge de la luz producida por cada misionero redentorista consagrado, parte de un \u00fanico cuerpo misionero (cf. Const. 2).<\/p>\n\n\n\n<p>La Communicanda se divide en cinco partes. En primer lugar, comienza con una reflexi\u00f3n sobre el mismo Redentor. \u00c9l es nuestra Luz. De \u00c9l tomamos nuestra Luz. En la segunda secci\u00f3n, reflexionamos sobre la Luz que soporta las tormentas. En la tercera secci\u00f3n, reflexionamos brevemente sobre la Par\u00e1bola de las v\u00edrgenes (Mt 25,1-13). La secci\u00f3n siguiente (n\u00famero cuatro), es una invitaci\u00f3n a examinar las diversas l\u00e1mparas que necesitamos como Redentores estar atentos a la hora, al tiempo, a la venida del Redentor. En la \u00faltima secci\u00f3n de Communicanda, titulada &#8220;Preguntas para nuestra vida consagrada redentorista&#8221;, proponemos algunas preguntas que nos guiar\u00e1n personal y comunitariamente \/ para reflexionar sobre la fuerza (potencial) de nuestra luz.<\/p>\n\n\n\n<p>Los temas aqu\u00ed abordados, con preguntas para la reflexi\u00f3n y textos importantes tomados de las Escrituras, de nuestra espiritualidad redentorista y de recientes documentos pontificios, son aspectos centrales de nuestra Vida Apost\u00f3lica, tales como: Formaci\u00f3n Inicial y Permanente, Misi\u00f3n y Disposici\u00f3n Misionera, Reestructuraci\u00f3n para la Misi\u00f3n, Liderazgo Servicial para la Misi\u00f3n, Fieles Laicos Asociados a nuestra Misi\u00f3n, la Vocaci\u00f3n del Hermano Redentorista y, finalmente, la Espiritualidad como Fuente de nuestra Luz.<\/p>\n\n\n\n<p>Scala News<\/p>\n\n\n\n<p>Puede leer la Communicanda en formato PDF<\/p>\n\n\n\n<div class=\"wp-block-file\"><a href=\"http:\/\/www.cssr.news\/spanish\/wp-content\/uploads\/sites\/3\/2024\/02\/ES-USTEDES-SON-LA-LUZ-DEL-MUNDO.pdf\">ES-USTEDES-SON-LA-LUZ-DEL-MUNDO<\/a><a href=\"http:\/\/www.cssr.news\/spanish\/wp-content\/uploads\/sites\/3\/2024\/02\/ES-USTEDES-SON-LA-LUZ-DEL-MUNDO.pdf\" class=\"wp-block-file__button\" download>Download<\/a><\/div>\n","protected":false},"excerpt":{"rendered":"<p>En la Jornada Mundial de la Vida Consagrada, el 2 de febrero, durante una reuni\u00f3n en l\u00ednea a la que asistieron un gran n\u00famero de cohermanos, el Gobierno General de la Congregaci\u00f3n del Sant\u00edsimo Redentor present\u00f3 su primera Communicanda para el sexenio 2022-2028, titulada &#8220;Vosotros sois la luz del mundo: Nuestra vida consagrada al servicio [&hellip;]<\/p>\n","protected":false},"author":23,"featured_media":23028,"comment_status":"closed","ping_status":"closed","sticky":false,"template":"","format":"standard","meta":[],"categories":[12],"tags":[],"_links":{"self":[{"href":"https:\/\/www.cssr.news\/spanish\/wp-json\/wp\/v2\/posts\/23027"}],"collection":[{"href":"https:\/\/www.cssr.news\/spanish\/wp-json\/wp\/v2\/posts"}],"about":[{"href":"https:\/\/www.cssr.news\/spanish\/wp-json\/wp\/v2\/types\/post"}],"author":[{"embeddable":true,"href":"https:\/\/www.cssr.news\/spanish\/wp-json\/wp\/v2\/users\/23"}],"replies":[{"embeddable":true,"href":"https:\/\/www.cssr.news\/spanish\/wp-json\/wp\/v2\/comments?post=23027"}],"version-history":[{"count":3,"href":"https:\/\/www.cssr.news\/spanish\/wp-json\/wp\/v2\/posts\/23027\/revisions"}],"predecessor-version":[{"id":23112,"href":"https:\/\/www.cssr.news\/spanish\/wp-json\/wp\/v2\/posts\/23027\/revisions\/23112"}],"wp:featuredmedia":[{"embeddable":true,"href":"https:\/\/www.cssr.news\/spanish\/wp-json\/wp\/v2\/media\/23028"}],"wp:attachment":[{"href":"https:\/\/www.cssr.news\/spanish\/wp-json\/wp\/v2\/media?parent=23027"}],"wp:term":[{"taxonomy":"category","embeddable":true,"href":"https:\/\/www.cssr.news\/spanish\/wp-json\/wp\/v2\/categories?post=23027"},{"taxonomy":"post_tag","embeddable":true,"href":"https:\/\/www.cssr.news\/spanish\/wp-json\/wp\/v2\/tags?post=23027"}],"curies":[{"name":"wp","href":"https:\/\/api.w.org\/{rel}","templated":true}]}}