{"id":23040,"date":"2024-02-06T08:45:00","date_gmt":"2024-02-06T06:45:00","guid":{"rendered":"https:\/\/www.cssr.news\/spanish\/?p=23040"},"modified":"2024-02-07T08:50:38","modified_gmt":"2024-02-07T06:50:38","slug":"mensaje-del-santo-padre-francisco-para-la-cuaresma-2024","status":"publish","type":"post","link":"https:\/\/www.cssr.news\/spanish\/2024\/02\/mensaje-del-santo-padre-francisco-para-la-cuaresma-2024\/","title":{"rendered":"Mensaje del Santo Padre Francisco para la cuaresma 2024"},"content":{"rendered":"\n<p class=\"has-text-align-center\"><strong><em>A trav\u00e9s del desierto Dios nos gu\u00eda a la libertad<\/em><\/strong><\/p>\n\n\n\n<p>Es hora de sacudirnos esa &#8220;inexplicable a\u00f1oranza por la esclavitud&#8221; que llevamos dentro y abandonar las &#8220;ataduras opresoras&#8221; que nos paralizan y nos impiden so\u00f1ar con un mundo distinto. Lo escribe el Papa Francisco en su Mensaje para la Cuaresma 2024.<\/p>\n\n\n\n<p>\u201cDel mismo modo que Israel en el desierto lleva todav\u00eda a Egipto dentro de s\u00ed \u2015en efecto, a menudo echa de menos el pasado y murmura contra el cielo y contra Mois\u00e9s\u2015, tambi\u00e9n hoy el pueblo de Dios lleva dentro de s\u00ed ataduras opresoras que debe decidirse a abandonar\u201d. Esta constataci\u00f3n es planteada por el Papa Francisco en su&nbsp;<a rel=\"noreferrer noopener\" href=\"https:\/\/www.vatican.va\/content\/francesco\/es\/messages\/lent\/documents\/20231203-messaggio-quaresima2024.html\" data-type=\"URL\" data-id=\"https:\/\/www.vatican.va\/content\/francesco\/es\/messages\/lent\/documents\/20231203-messaggio-quaresima2024.html\" target=\"_blank\"><strong>mensaje<\/strong>&nbsp;<strong>para la Cuaresma 2024, titulado \u201cA trav\u00e9s del desierto Dios nos gu\u00eda a la libertad\u201d<\/strong><\/a> y publicado el jueves 1 de febrero, a 13 d\u00edas del inicio del tiempo lit\u00fargico el 13 de febrero, Mi\u00e9rcoles de Ceniza.<\/p>\n\n\n\n<p>El Santo Padre subraya que nos damos cuenta de ello \u201ccuando nos falta esperanza y vagamos por la vida como en un p\u00e1ramo desolado, sin una tierra prometida hacia la cual encaminarnos juntos\u201d. En este sentido, recuerda que \u201cla Cuaresma es el tiempo de gracia en el que el desierto vuelve a ser \u2015como anuncia el profeta Oseas\u2015 el lugar del primer amor\u201d (cf.&nbsp;<em>Os<\/em>&nbsp;2,16-17).<\/p>\n\n\n\n<p>(Fuente: vaticannews.va)<\/p>\n\n\n\n<p><strong><a href=\"https:\/\/www.vatican.va\/content\/francesco\/es\/messages\/lent\/documents\/20231203-messaggio-quaresima2024.html\" data-type=\"URL\" data-id=\"https:\/\/www.vatican.va\/content\/francesco\/es\/messages\/lent\/documents\/20231203-messaggio-quaresima2024.html\" target=\"_blank\" rel=\"noreferrer noopener\">Mensaje del Santo Padre Francisco para la cuaresma 2024<\/a><\/strong><\/p>\n","protected":false},"excerpt":{"rendered":"<p>A trav\u00e9s del desierto Dios nos gu\u00eda a la libertad Es hora de sacudirnos esa &#8220;inexplicable a\u00f1oranza por la esclavitud&#8221; que llevamos dentro y abandonar las &#8220;ataduras opresoras&#8221; que nos paralizan y nos impiden so\u00f1ar con un mundo distinto. Lo escribe el Papa Francisco en su Mensaje para la Cuaresma 2024. \u201cDel mismo modo que [&hellip;]<\/p>\n","protected":false},"author":3,"featured_media":23039,"comment_status":"closed","ping_status":"closed","sticky":false,"template":"","format":"standard","meta":[],"categories":[10],"tags":[],"_links":{"self":[{"href":"https:\/\/www.cssr.news\/spanish\/wp-json\/wp\/v2\/posts\/23040"}],"collection":[{"href":"https:\/\/www.cssr.news\/spanish\/wp-json\/wp\/v2\/posts"}],"about":[{"href":"https:\/\/www.cssr.news\/spanish\/wp-json\/wp\/v2\/types\/post"}],"author":[{"embeddable":true,"href":"https:\/\/www.cssr.news\/spanish\/wp-json\/wp\/v2\/users\/3"}],"replies":[{"embeddable":true,"href":"https:\/\/www.cssr.news\/spanish\/wp-json\/wp\/v2\/comments?post=23040"}],"version-history":[{"count":2,"href":"https:\/\/www.cssr.news\/spanish\/wp-json\/wp\/v2\/posts\/23040\/revisions"}],"predecessor-version":[{"id":23042,"href":"https:\/\/www.cssr.news\/spanish\/wp-json\/wp\/v2\/posts\/23040\/revisions\/23042"}],"wp:featuredmedia":[{"embeddable":true,"href":"https:\/\/www.cssr.news\/spanish\/wp-json\/wp\/v2\/media\/23039"}],"wp:attachment":[{"href":"https:\/\/www.cssr.news\/spanish\/wp-json\/wp\/v2\/media?parent=23040"}],"wp:term":[{"taxonomy":"category","embeddable":true,"href":"https:\/\/www.cssr.news\/spanish\/wp-json\/wp\/v2\/categories?post=23040"},{"taxonomy":"post_tag","embeddable":true,"href":"https:\/\/www.cssr.news\/spanish\/wp-json\/wp\/v2\/tags?post=23040"}],"curies":[{"name":"wp","href":"https:\/\/api.w.org\/{rel}","templated":true}]}}