{"id":23046,"date":"2024-02-06T09:02:00","date_gmt":"2024-02-06T07:02:00","guid":{"rendered":"https:\/\/www.cssr.news\/spanish\/?p=23046"},"modified":"2024-02-07T09:43:35","modified_gmt":"2024-02-07T07:43:35","slug":"formacion-permanente-para-misioneros-laicos-del-santisimo-redentor-y-redentoristas","status":"publish","type":"post","link":"https:\/\/www.cssr.news\/spanish\/2024\/02\/formacion-permanente-para-misioneros-laicos-del-santisimo-redentor-y-redentoristas\/","title":{"rendered":"Formaci\u00f3n Permanente para Misioneros Laicos del Sant\u00edsimo Redentor y Redentoristas"},"content":{"rendered":"\n<p>La serie de sesiones de formaci\u00f3n permanente 2023-2024 para los Misioneros Laicos del Sant\u00edsimo Redentor y Redentoristas profesos de la Conferencia de Am\u00e9rica del Norte continu\u00f3 el domingo 4 de febrero con la presentaci\u00f3n del Superior General, el P. Rog\u00e9rio Gomes, CSsR. P. Rog\u00e9rio dirigi\u00f3 a los participantes en la reflexi\u00f3n y discusi\u00f3n sobre el tema: La Familia Redentorista: Esperanzas, Sue\u00f1os, Desaf\u00edos y Caminos a Seguir.<\/p>\n\n\n\n<p>P. Rog\u00e9rio comenz\u00f3 con una invitaci\u00f3n a ampliar nuestra comprensi\u00f3n de \u201cfamilia\u201d, diciendo que \u201choy, el concepto de familia se ha expandido de ser simplemente un grupo de personas unidas por sangre (relaciones biol\u00f3gicas) o por lazos de parentesco independientes de las relaciones biol\u00f3gicas\u201d. M\u00e1s bien, nos pidi\u00f3 que consider\u00e1ramos a la familia como \u201cuna microsociedad de personas que se re\u00fanen con un prop\u00f3sito espec\u00edfico y brindan apoyo emocional, social y econ\u00f3mico a sus miembros\u201d, una realidad cuya expresi\u00f3n difiere de un continente a otro y de una sociedad a otra. Esto allan\u00f3 el camino para una exploraci\u00f3n de \u201cLa familia redentorista: esperanzas, sue\u00f1os, desaf\u00edos y caminos a seguir\u201d.<\/p>\n\n\n\n<ol><li><strong>Familia Redentorista<\/strong><\/li><\/ol>\n\n\n\n<p>P. Rog\u00e9rio describi\u00f3 a la familia Redentorista en t\u00e9rminos generales como \u201cpersonas que beben directamente del carisma o que tienen una relaci\u00f3n carism\u00e1tica muy fuerte con la fuente original, San Alfonso, o con un instituto fundado por un Redentorista en el que se conservan huellas del carisma y de la espiritualidad Redentorista, y donde el carisma est\u00e1 presente\u201d. Es una Familia Carism\u00e1tica con v\u00ednculos espirituales y misioneros, que engloba a la Congregaci\u00f3n del Sant\u00edsimo Redentor, la Orden del Sant\u00edsimo Redentor, las Congregaciones fundadas por Redentoristas, o que est\u00e1n vinculadas a nuestro carisma, y a todos los fieles laicos que beben de nuestra espiritualidad. P. Rog\u00e9rio luego plante\u00f3 varias preguntas clave.<\/p>\n\n\n\n<p>\u00bfQu\u00e9 apoyo nos damos unos a otros como familia Redentorista? \u00bfCu\u00e1l es la naturaleza de la relaci\u00f3n entre los profesos y los laicos que beben de nuestra espiritualidad? \u00bfBrindamos apoyo formativo, espiritual y emocional como cuerpo misionero? Desde su perspectiva, tenemos un largo camino por recorrer, no s\u00f3lo como Congregaci\u00f3n, sino como comunidad eclesial.<\/p>\n\n\n\n<ol start=\"2\"><li><strong>Esperanzas<\/strong><\/li><\/ol>\n\n\n\n<p>A continuaci\u00f3n, el P. Rog\u00e9rio explor\u00f3 la invitaci\u00f3n del XXVI Cap\u00edtulo General, llam\u00e1ndonos a ser misioneros de la esperanza tras las huellas del Redentor. Los participantes se sintieron conmovidos por este llamado: \u201cComo Familia Redentorista, el horizonte de esperanza es para nosotros un desaf\u00edo para abrir otras ventanas en la realidad en la que nos encontramos. Si no es posible abrir ventanas, al menos abrir un agujero por el que pueda entrar un soplo de esperanza a trav\u00e9s de la fidelidad creativa\u201d. Esto requiere que los Redentoristas y Socios en la Misi\u00f3n profesos trabajen juntos, dialogando y buscando nuevas formas de servir a la evangelizaci\u00f3n, teniendo en cuenta a todos y el principio de armon\u00eda, que describi\u00f3 como \u201c\u2026un don del Esp\u00edritu. No uniformiza a la gente, pero hace posible la sinfon\u00eda\u201d.<\/p>\n\n\n\n<ol start=\"3\"><li><strong>Sue\u00f1os<\/strong><\/li><\/ol>\n\n\n\n<p>Volviendo a los sue\u00f1os, el P. Rog\u00e9rio nos record\u00f3 que el concepto \u201cfamilia redentorista\u201d es nuevo. El XXVI Cap\u00edtulo General nos inst\u00f3 a \u201creimaginar\u201d c\u00f3mo podr\u00edamos continuar la misi\u00f3n del Redentor. Record\u00f3 el n. 78 del documento de trabajo para la primera fase del XXVI Cap\u00edtulo General, que dec\u00eda: \u201cSomos \u201cagentes\u201d de la misi\u00f3n. Pero no somos los \u00fanicos agentes de la misi\u00f3n. Hemos escuchado muchos llamados a una mayor cooperaci\u00f3n con los laicos, particularmente con nuestros Socios en Misi\u00f3n (PIM). Tambi\u00e9n hemos escuchado un llamado a colaborar con otras congregaciones religiosas y grupos seculares que comparten nuestros objetivos\u201d.<\/p>\n\n\n\n<p>Luego, P. Rog\u00e9rio comparti\u00f3 brevemente sus pensamientos sobre los desaf\u00edos del clericalismo y el \u00e9nfasis en el ministerio sacramental a expensas del ejercicio de nuestro papel prof\u00e9tico. Nos inst\u00f3, como Familia Redentorista, a trabajar juntos para desarrollar nuevas formas de formaci\u00f3n para la misi\u00f3n, un liderazgo abierto y compartido, y expresiones creativas de la misi\u00f3n com\u00fan. Por \u00faltimo, nos desafi\u00f3 conmovedoramente a alimentar nuestros sue\u00f1os, en lugar de nuestras pesadillas, diciendo: \u201cLos sue\u00f1os nos permiten ver m\u00e1s all\u00e1 de las monta\u00f1as, ver horizontes. Las pesadillas nos asustan y paralizan\u201d.<\/p>\n\n\n\n<ol start=\"4\"><li><strong>Desaf\u00edos y caminos a seguir<\/strong><\/li><\/ol>\n\n\n\n<p>En la opini\u00f3n de p. Rog\u00e9rio, crear un nuevo lenguaje para comunicarnos con la sociedad actual es quiz\u00e1s el mayor desaf\u00edo al que nos enfrentamos hoy.<\/p>\n\n\n\n<p>Un segundo desaf\u00edo es que, en la Iglesia y en nuestra Familia Redentorista, \u201ctodav\u00eda somos islas; Tenemos que admitir que nos resulta muy dif\u00edcil trabajar juntos. No dialogamos con otros carismas. Todav\u00eda tenemos dificultades para involucrar a los laicos en nuestra misi\u00f3n\u201d.<\/p>\n\n\n\n<p>Un tercer desaf\u00edo identificado por el P. Rog\u00e9rio radica en nuestra capacidad y compromiso de pensar juntos la misi\u00f3n. Record\u00f3 que esto \u201crequiere un cambio de mentalidad, de m\u00e9todos y de horizontes misioneros, y superar el complejo de omnipotencia que tenemos.<\/p>\n\n\n\n<p>Entonces, \u00bfqu\u00e9 direcciones podemos tomar?<\/p>\n\n\n\n<p>P. Rog\u00e9rio ofreci\u00f3 cinco direcciones:<\/p>\n\n\n\n<p>\u2013 Profundizar en nuestro carisma, identidad y misi\u00f3n como Familia Redentorista y ver d\u00f3nde podemos encontrarnos. En este encuentro reside una misi\u00f3n com\u00fan.<\/p>\n\n\n\n<p>\u2013 Identificar las Congregaciones e Institutos que beben de nuestro carisma y promover encuentros online a trav\u00e9s de conferencias y, en alg\u00fan momento, encuentros presenciales.<\/p>\n\n\n\n<p>\u2013 Reflexionar sobre \u00e1reas de colaboraci\u00f3n misionera entre la Familia Redentorista y los laicos.<\/p>\n\n\n\n<p>\u2013 Mejorar la comunicaci\u00f3n entre nosotros como Familia Redentorista.<\/p>\n\n\n\n<p>\u2013 Invitar a miembros de otras Congregaciones e Institutos de la Familia Redentorista a participar en los Secretariados y Comisiones de nuestras (Vice)Provincias.<\/p>\n\n\n\n<p>Al final P. Rog\u00e9rio dedic\u00f3 un tiempo a responder preguntas y entablar conversaci\u00f3n con los participantes. Fue un encuentro valioso y esclarecedor y agradecemos a nuestro Superior General su generosidad y apertura al ponerse a disposici\u00f3n para este momento de encuentro.<\/p>\n\n\n\n<p>Anne M. Walsh<\/p>\n","protected":false},"excerpt":{"rendered":"<p>La serie de sesiones de formaci\u00f3n permanente 2023-2024 para los Misioneros Laicos del Sant\u00edsimo Redentor y Redentoristas profesos de la Conferencia de Am\u00e9rica del Norte continu\u00f3 el domingo 4 de febrero con la presentaci\u00f3n del Superior General, el P. Rog\u00e9rio Gomes, CSsR. P. Rog\u00e9rio dirigi\u00f3 a los participantes en la reflexi\u00f3n y discusi\u00f3n sobre el [&hellip;]<\/p>\n","protected":false},"author":3,"featured_media":23047,"comment_status":"closed","ping_status":"closed","sticky":false,"template":"","format":"standard","meta":[],"categories":[19],"tags":[],"_links":{"self":[{"href":"https:\/\/www.cssr.news\/spanish\/wp-json\/wp\/v2\/posts\/23046"}],"collection":[{"href":"https:\/\/www.cssr.news\/spanish\/wp-json\/wp\/v2\/posts"}],"about":[{"href":"https:\/\/www.cssr.news\/spanish\/wp-json\/wp\/v2\/types\/post"}],"author":[{"embeddable":true,"href":"https:\/\/www.cssr.news\/spanish\/wp-json\/wp\/v2\/users\/3"}],"replies":[{"embeddable":true,"href":"https:\/\/www.cssr.news\/spanish\/wp-json\/wp\/v2\/comments?post=23046"}],"version-history":[{"count":2,"href":"https:\/\/www.cssr.news\/spanish\/wp-json\/wp\/v2\/posts\/23046\/revisions"}],"predecessor-version":[{"id":23049,"href":"https:\/\/www.cssr.news\/spanish\/wp-json\/wp\/v2\/posts\/23046\/revisions\/23049"}],"wp:featuredmedia":[{"embeddable":true,"href":"https:\/\/www.cssr.news\/spanish\/wp-json\/wp\/v2\/media\/23047"}],"wp:attachment":[{"href":"https:\/\/www.cssr.news\/spanish\/wp-json\/wp\/v2\/media?parent=23046"}],"wp:term":[{"taxonomy":"category","embeddable":true,"href":"https:\/\/www.cssr.news\/spanish\/wp-json\/wp\/v2\/categories?post=23046"},{"taxonomy":"post_tag","embeddable":true,"href":"https:\/\/www.cssr.news\/spanish\/wp-json\/wp\/v2\/tags?post=23046"}],"curies":[{"name":"wp","href":"https:\/\/api.w.org\/{rel}","templated":true}]}}