{"id":23057,"date":"2024-02-07T11:18:24","date_gmt":"2024-02-07T09:18:24","guid":{"rendered":"https:\/\/www.cssr.news\/spanish\/?p=23057"},"modified":"2024-02-07T11:18:25","modified_gmt":"2024-02-07T09:18:25","slug":"votos-perpetuos-diaconado-y-ordenacion-sacerdotal-en-uagadugu-burkina-faso","status":"publish","type":"post","link":"https:\/\/www.cssr.news\/spanish\/2024\/02\/votos-perpetuos-diaconado-y-ordenacion-sacerdotal-en-uagadugu-burkina-faso\/","title":{"rendered":"Votos perpetuos, diaconado y ordenaci\u00f3n sacerdotal en Uagadug\u00fa, Burkina Faso"},"content":{"rendered":"\n<p>Los hermanos Basile Wendkouni SAWADOGO, Relwend\u00e9 J\u00e9r\u00f4me PASSOULE, Komlan Bad\u00e9ra Walter MAGNISETING y Pierre KIEMA fueron acogidos el viernes 19 de enero de 2024 en la Congregaci\u00f3n del Sant\u00edsimo Redentor en nombre de la Viceprovincia de \u00c1frica Occidental, en Uagadug\u00fa, Burkina Faso. En el Escolasticado Redentorista, Casa San Gerardo.<\/p>\n\n\n\n<figure class=\"wp-block-gallery columns-3 is-cropped\"><ul class=\"blocks-gallery-grid\"><li class=\"blocks-gallery-item\"><figure><a href=\"http:\/\/www.cssr.news\/wp-content\/uploads\/2024\/02\/Picture1.jpg\"><img src=\"http:\/\/www.cssr.news\/wp-content\/uploads\/2024\/02\/Picture1.jpg\" alt=\"\" data-id=\"30615\" data-full-url=\"http:\/\/www.cssr.news\/wp-content\/uploads\/2024\/02\/Picture1.jpg\" data-link=\"https:\/\/www.cssr.news\/?attachment_id=30615\" class=\"wp-image-30615\"\/><\/a><\/figure><\/li><li class=\"blocks-gallery-item\"><figure><a href=\"http:\/\/www.cssr.news\/wp-content\/uploads\/2024\/02\/Picture2.jpg\"><img src=\"http:\/\/www.cssr.news\/wp-content\/uploads\/2024\/02\/Picture2.jpg\" alt=\"\" data-id=\"30616\" data-full-url=\"http:\/\/www.cssr.news\/wp-content\/uploads\/2024\/02\/Picture2.jpg\" data-link=\"https:\/\/www.cssr.news\/?attachment_id=30616\" class=\"wp-image-30616\"\/><\/a><\/figure><\/li><li class=\"blocks-gallery-item\"><figure><a href=\"http:\/\/www.cssr.news\/wp-content\/uploads\/2024\/02\/Picture3.jpg\"><img src=\"http:\/\/www.cssr.news\/wp-content\/uploads\/2024\/02\/Picture3.jpg\" alt=\"\" data-id=\"30617\" data-full-url=\"http:\/\/www.cssr.news\/wp-content\/uploads\/2024\/02\/Picture3.jpg\" data-link=\"https:\/\/www.cssr.news\/?attachment_id=30617\" class=\"wp-image-30617\"\/><\/a><\/figure><\/li><\/ul><\/figure>\n\n\n\n<p>Despu\u00e9s de un mes de segundo noviciado con nuestras Hermanas Redentoristas en Diabo, regresaron a Ouagadougou el 16 de enero para los preparativos inmediatos en la di\u00f3cesis de Fada N&#8217;Gourma. As\u00ed, la tarde del 19 de enero a las 18.30 horas, durante una celebraci\u00f3n eucar\u00edstica, emitieron sus votos perpetuos en presencia del padre viceprovincial, el padre Nobila Olivier SAWADOGO. Celebraci\u00f3n abierta a los fieles laicos que participan en nuestra misa ordinaria y dominical. <\/p>\n\n\n\n<p>A la celebraci\u00f3n asistieron los hermanos presentes en la primera sesi\u00f3n del cap\u00edtulo del cuatrienio, religiosos y religiosas de diferentes congregaciones, junto con algunos sacerdotes diocesanos, fieles y amigos.<\/p>\n\n\n\n<figure class=\"wp-block-gallery columns-3 is-cropped\"><ul class=\"blocks-gallery-grid\"><li class=\"blocks-gallery-item\"><figure><a href=\"http:\/\/www.cssr.news\/wp-content\/uploads\/2024\/02\/Picture4.jpg\"><img src=\"http:\/\/www.cssr.news\/wp-content\/uploads\/2024\/02\/Picture4.jpg\" alt=\"\" data-id=\"30618\" data-full-url=\"http:\/\/www.cssr.news\/wp-content\/uploads\/2024\/02\/Picture4.jpg\" data-link=\"https:\/\/www.cssr.news\/?attachment_id=30618\" class=\"wp-image-30618\"\/><\/a><\/figure><\/li><li class=\"blocks-gallery-item\"><figure><a href=\"http:\/\/www.cssr.news\/wp-content\/uploads\/2024\/02\/Picture5.jpg\"><img src=\"http:\/\/www.cssr.news\/wp-content\/uploads\/2024\/02\/Picture5.jpg\" alt=\"\" data-id=\"30619\" data-full-url=\"http:\/\/www.cssr.news\/wp-content\/uploads\/2024\/02\/Picture5.jpg\" data-link=\"https:\/\/www.cssr.news\/?attachment_id=30619\" class=\"wp-image-30619\"\/><\/a><\/figure><\/li><li class=\"blocks-gallery-item\"><figure><a href=\"http:\/\/www.cssr.news\/wp-content\/uploads\/2024\/02\/Picture6.jpg\"><img src=\"http:\/\/www.cssr.news\/wp-content\/uploads\/2024\/02\/Picture6.jpg\" alt=\"\" data-id=\"30620\" data-full-url=\"http:\/\/www.cssr.news\/wp-content\/uploads\/2024\/02\/Picture6.jpg\" data-link=\"https:\/\/www.cssr.news\/?attachment_id=30620\" class=\"wp-image-30620\"\/><\/a><\/figure><\/li><li class=\"blocks-gallery-item\"><figure><a href=\"http:\/\/www.cssr.news\/wp-content\/uploads\/2024\/02\/Picture9.png\"><img src=\"http:\/\/www.cssr.news\/wp-content\/uploads\/2024\/02\/Picture9.png\" alt=\"\" data-id=\"30623\" data-full-url=\"http:\/\/www.cssr.news\/wp-content\/uploads\/2024\/02\/Picture9.png\" data-link=\"https:\/\/www.cssr.news\/?attachment_id=30623\" class=\"wp-image-30623\"\/><\/a><\/figure><\/li><li class=\"blocks-gallery-item\"><figure><a href=\"http:\/\/www.cssr.news\/wp-content\/uploads\/2024\/02\/Picture7.png\"><img src=\"http:\/\/www.cssr.news\/wp-content\/uploads\/2024\/02\/Picture7.png\" alt=\"\" data-id=\"30621\" data-full-url=\"http:\/\/www.cssr.news\/wp-content\/uploads\/2024\/02\/Picture7.png\" data-link=\"https:\/\/www.cssr.news\/?attachment_id=30621\" class=\"wp-image-30621\"\/><\/a><\/figure><\/li><\/ul><\/figure>\n\n\n\n<p>La Misa fue presidida por el Provincial de Francia, Padre Desiderio ZANTE y Christmas SOTTIMA, Coordinador de COREAM, predic\u00f3 durante la Misa. No dej\u00f3 de recordar a los elegidos del d\u00eda el significado de los Consejos Evang\u00e9licos, que son votos de pobreza, castidad y obediencia. Tambi\u00e9n los anim\u00f3 en la elecci\u00f3n de comprometerse para siempre con Cristo Redentor, porque por \u00e9l &#8220;hay alegr\u00eda en servir a Dios&#8221;.<\/p>\n\n\n\n<p>Despu\u00e9s de sus votos perpetuos el 19 de enero de 2024, en la Casa San Gerardo, los cuatro hermanos profesos perpetuos fueron presentados a monse\u00f1or L\u00e9opold M\u00e9dard OUEDRAGO, obispo de la di\u00f3cesis de Manga, para conferirles el sagrado orden del diaconado.<\/p>\n\n\n\n<figure class=\"wp-block-gallery columns-3 is-cropped\"><ul class=\"blocks-gallery-grid\"><li class=\"blocks-gallery-item\"><figure><a href=\"http:\/\/www.cssr.news\/wp-content\/uploads\/2024\/02\/Picture13.png\"><img src=\"http:\/\/www.cssr.news\/wp-content\/uploads\/2024\/02\/Picture13.png\" alt=\"\" data-id=\"30626\" data-full-url=\"http:\/\/www.cssr.news\/wp-content\/uploads\/2024\/02\/Picture13.png\" data-link=\"https:\/\/www.cssr.news\/?attachment_id=30626\" class=\"wp-image-30626\"\/><\/a><\/figure><\/li><li class=\"blocks-gallery-item\"><figure><a href=\"http:\/\/www.cssr.news\/wp-content\/uploads\/2024\/02\/Picture12.png\"><img src=\"http:\/\/www.cssr.news\/wp-content\/uploads\/2024\/02\/Picture12.png\" alt=\"\" data-id=\"30625\" data-full-url=\"http:\/\/www.cssr.news\/wp-content\/uploads\/2024\/02\/Picture12.png\" data-link=\"https:\/\/www.cssr.news\/?attachment_id=30625\" class=\"wp-image-30625\"\/><\/a><\/figure><\/li><li class=\"blocks-gallery-item\"><figure><a href=\"http:\/\/www.cssr.news\/wp-content\/uploads\/2024\/02\/Picture17.png\"><img src=\"http:\/\/www.cssr.news\/wp-content\/uploads\/2024\/02\/Picture17.png\" alt=\"\" data-id=\"30630\" data-full-url=\"http:\/\/www.cssr.news\/wp-content\/uploads\/2024\/02\/Picture17.png\" data-link=\"https:\/\/www.cssr.news\/?attachment_id=30630\" class=\"wp-image-30630\"\/><\/a><\/figure><\/li><li class=\"blocks-gallery-item\"><figure><a href=\"http:\/\/www.cssr.news\/wp-content\/uploads\/2024\/02\/Picture16.png\"><img src=\"http:\/\/www.cssr.news\/wp-content\/uploads\/2024\/02\/Picture16.png\" alt=\"\" data-id=\"30629\" data-full-url=\"http:\/\/www.cssr.news\/wp-content\/uploads\/2024\/02\/Picture16.png\" data-link=\"https:\/\/www.cssr.news\/?attachment_id=30629\" class=\"wp-image-30629\"\/><\/a><\/figure><\/li><li class=\"blocks-gallery-item\"><figure><a href=\"http:\/\/www.cssr.news\/wp-content\/uploads\/2024\/02\/Picture11.png\"><img src=\"http:\/\/www.cssr.news\/wp-content\/uploads\/2024\/02\/Picture11.png\" alt=\"\" data-id=\"30624\" data-full-url=\"http:\/\/www.cssr.news\/wp-content\/uploads\/2024\/02\/Picture11.png\" data-link=\"https:\/\/www.cssr.news\/?attachment_id=30624\" class=\"wp-image-30624\"\/><\/a><\/figure><\/li><li class=\"blocks-gallery-item\"><figure><a href=\"http:\/\/www.cssr.news\/wp-content\/uploads\/2024\/02\/Picture14.png\"><img src=\"http:\/\/www.cssr.news\/wp-content\/uploads\/2024\/02\/Picture14.png\" alt=\"\" data-id=\"30627\" data-full-url=\"http:\/\/www.cssr.news\/wp-content\/uploads\/2024\/02\/Picture14.png\" data-link=\"https:\/\/www.cssr.news\/?attachment_id=30627\" class=\"wp-image-30627\"\/><\/a><\/figure><\/li><\/ul><\/figure>\n\n\n\n<p>As\u00ed, junto con los religiosos de la Divina Providencia, com\u00fanmente conocidos como Don Orione, fueron ordenados di\u00e1conos, incluso con otros candidatos, este s\u00e1bado 20 de enero de 2024, en la parroquia de Nuestra Se\u00f1ora del Perpetuo Socorro en Kossodo, parroquia dirigida por los Redentoristas. .<\/p>\n\n\n\n<p>Despu\u00e9s de ordenar a los di\u00e1conos, Monse\u00f1or procedi\u00f3 a la ordenaci\u00f3n sacerdotal del candidato al presbiterio, el hermano Val\u00e8re Jean-Fran\u00e7ois R\u00e9gis OUEDRAOGO. El hermano Val\u00e8re emiti\u00f3 sus votos perpetuos el 27 de junio antes de ser ordenado di\u00e1cono el 29 de junio de 2023. As\u00ed, despu\u00e9s de seis meses de servicio diaconal de transici\u00f3n, recibi\u00f3 las sagradas \u00f3rdenes del presbiterio el 20 de enero de 2024. Fue entonces cuando entr\u00f3 parte del grupo de sus compa\u00f1eros, Casimir POUISSI y Edmond EGBIDI, que lo precedieron y fueron investidos de la gracia del sacerdocio el 16 de diciembre de 2023, en su di\u00f3cesis, en Kara, Togo.<\/p>\n\n\n\n<p>P. Marc Toguyeni, CSsR<\/p>\n","protected":false},"excerpt":{"rendered":"<p>Los hermanos Basile Wendkouni SAWADOGO, Relwend\u00e9 J\u00e9r\u00f4me PASSOULE, Komlan Bad\u00e9ra Walter MAGNISETING y Pierre KIEMA fueron acogidos el viernes 19 de enero de 2024 en la Congregaci\u00f3n del Sant\u00edsimo Redentor en nombre de la Viceprovincia de \u00c1frica Occidental, en Uagadug\u00fa, Burkina Faso. En el Escolasticado Redentorista, Casa San Gerardo. Despu\u00e9s de un mes de segundo [&hellip;]<\/p>\n","protected":false},"author":3,"featured_media":23058,"comment_status":"closed","ping_status":"closed","sticky":false,"template":"","format":"standard","meta":[],"categories":[15],"tags":[],"_links":{"self":[{"href":"https:\/\/www.cssr.news\/spanish\/wp-json\/wp\/v2\/posts\/23057"}],"collection":[{"href":"https:\/\/www.cssr.news\/spanish\/wp-json\/wp\/v2\/posts"}],"about":[{"href":"https:\/\/www.cssr.news\/spanish\/wp-json\/wp\/v2\/types\/post"}],"author":[{"embeddable":true,"href":"https:\/\/www.cssr.news\/spanish\/wp-json\/wp\/v2\/users\/3"}],"replies":[{"embeddable":true,"href":"https:\/\/www.cssr.news\/spanish\/wp-json\/wp\/v2\/comments?post=23057"}],"version-history":[{"count":1,"href":"https:\/\/www.cssr.news\/spanish\/wp-json\/wp\/v2\/posts\/23057\/revisions"}],"predecessor-version":[{"id":23059,"href":"https:\/\/www.cssr.news\/spanish\/wp-json\/wp\/v2\/posts\/23057\/revisions\/23059"}],"wp:featuredmedia":[{"embeddable":true,"href":"https:\/\/www.cssr.news\/spanish\/wp-json\/wp\/v2\/media\/23058"}],"wp:attachment":[{"href":"https:\/\/www.cssr.news\/spanish\/wp-json\/wp\/v2\/media?parent=23057"}],"wp:term":[{"taxonomy":"category","embeddable":true,"href":"https:\/\/www.cssr.news\/spanish\/wp-json\/wp\/v2\/categories?post=23057"},{"taxonomy":"post_tag","embeddable":true,"href":"https:\/\/www.cssr.news\/spanish\/wp-json\/wp\/v2\/tags?post=23057"}],"curies":[{"name":"wp","href":"https:\/\/api.w.org\/{rel}","templated":true}]}}