{"id":23065,"date":"2024-02-08T10:41:06","date_gmt":"2024-02-08T08:41:06","guid":{"rendered":"https:\/\/www.cssr.news\/spanish\/?p=23065"},"modified":"2024-02-08T10:42:47","modified_gmt":"2024-02-08T08:42:47","slug":"oblatas-del-santisimo-redentor-un-ejemplo-en-la-jornada-mundial-de-oracion-contra-la-trata","status":"publish","type":"post","link":"https:\/\/www.cssr.news\/spanish\/2024\/02\/oblatas-del-santisimo-redentor-un-ejemplo-en-la-jornada-mundial-de-oracion-contra-la-trata\/","title":{"rendered":"Oblatas del Sant\u00edsimo Redentor, un ejemplo en la Jornada Mundial de Oraci\u00f3n contra la trata"},"content":{"rendered":"\n<p>Hoy, 8 de febrero, celebramos la <strong>Jornada Mundial de Oraci\u00f3n contra la trata: &#8220;Caminando por la dignidad&#8221;<\/strong>, y las <strong><a href=\"https:\/\/hermanasoblatas.org\/\" data-type=\"URL\" data-id=\"https:\/\/hermanasoblatas.org\/\" target=\"_blank\" rel=\"noreferrer noopener\">Hermanas Oblatas del Sant\u00edsimo Redentor<\/a><\/strong> conmemoramos este d\u00eda en toda nuestra red, extendida por 15 pa\u00edses.<\/p>\n\n\n\n<p>&#8220;Caminando por la dignidad. Escuchar. So\u00f1ar. Actuar&#8221;. Este es el tema de la d\u00e9cima Jornada Mundial de Oraci\u00f3n y Reflexi\u00f3n contra la Trata, que se celebra el 8 de febrero, una Jornada instaurada en 2015 por el Papa Francisco con motivo de la festividad de Santa Josefina Bakhita, la religiosa sudanesa v\u00edctima de la trata y s\u00edmbolo universal del compromiso de la Iglesia contra esta lacra. En el \u00c1ngelus de este domingo pasado, el Santo Padre invit\u00f3 a unirse \u201cpara luchar contra el dram\u00e1tico fen\u00f3meno global&#8221;.<\/p>\n\n\n\n<figure class=\"wp-block-image size-large\"><a href=\"https:\/\/www.cssr.news\/spanish\/wp-content\/uploads\/sites\/3\/2024\/02\/sn2024_contro_trata.jpg\"><img width=\"1024\" height=\"515\" src=\"https:\/\/www.cssr.news\/spanish\/wp-content\/uploads\/sites\/3\/2024\/02\/sn2024_contro_trata-1024x515.jpg\" alt=\"\" class=\"wp-image-23069\" srcset=\"https:\/\/www.cssr.news\/spanish\/wp-content\/uploads\/sites\/3\/2024\/02\/sn2024_contro_trata-1024x515.jpg 1024w, https:\/\/www.cssr.news\/spanish\/wp-content\/uploads\/sites\/3\/2024\/02\/sn2024_contro_trata-300x151.jpg 300w, https:\/\/www.cssr.news\/spanish\/wp-content\/uploads\/sites\/3\/2024\/02\/sn2024_contro_trata-768x387.jpg 768w, https:\/\/www.cssr.news\/spanish\/wp-content\/uploads\/sites\/3\/2024\/02\/sn2024_contro_trata-696x350.jpg 696w, https:\/\/www.cssr.news\/spanish\/wp-content\/uploads\/sites\/3\/2024\/02\/sn2024_contro_trata-834x420.jpg 834w, https:\/\/www.cssr.news\/spanish\/wp-content\/uploads\/sites\/3\/2024\/02\/sn2024_contro_trata.jpg 1055w\" sizes=\"(max-width: 1024px) 100vw, 1024px\" \/><\/a><\/figure>\n\n\n\n<p>&#8220;Este es el d\u00eda en que debemos caminar por la dignidad&#8221;, es la invitaci\u00f3n de la <strong>Red Internacional Talitha Kum<\/strong> (a la cual participan las Oblatas del Sant\u00edsimo Redentor), a participar en la Jornada Mundial de Oraci\u00f3n y Reflexi\u00f3n contra la Trata, que se celebra el 8 de febrero, en memoria de Santa Josefina Bakhita, la religiosa sudanesa que fue esclava.<\/p>\n\n\n\n<p>Como buen ejemplo de esta celebraci\u00f3n los \u00faltimos a\u00f1os, nos han llegado ecos de esta importante jornada, memoria lit\u00fargica de Santa Josefina Bakhita, patrona de las v\u00edctimas de trata: Desde la <a rel=\"noreferrer noopener\" href=\"https:\/\/hermanasoblatas.org\/noticias\/jornada-mundial-contra-la-trata\" data-type=\"URL\" data-id=\"https:\/\/hermanasoblatas.org\/noticias\/jornada-mundial-contra-la-trata\" target=\"_blank\">Rep\u00fablica Dominicana, de la Provincia Jos\u00e9 Mar\u00eda Benito Serra, nos cuentan como lo celebraron en la Fundaci\u00f3n Centro Nuestra Esperanza<\/a>.  <\/p>\n\n\n\n<figure class=\"wp-block-gallery columns-2 is-cropped\"><ul class=\"blocks-gallery-grid\"><li class=\"blocks-gallery-item\"><figure><a href=\"http:\/\/www.cssr.news\/spanish\/wp-content\/uploads\/sites\/3\/2024\/02\/sn2024_bakhita_Al-alba-5.jpg\"><img width=\"1024\" height=\"644\" src=\"http:\/\/www.cssr.news\/spanish\/wp-content\/uploads\/sites\/3\/2024\/02\/sn2024_bakhita_Al-alba-5-1024x644.jpg\" alt=\"\" data-id=\"23066\" data-full-url=\"http:\/\/www.cssr.news\/spanish\/wp-content\/uploads\/sites\/3\/2024\/02\/sn2024_bakhita_Al-alba-5.jpg\" data-link=\"https:\/\/www.cssr.news\/spanish\/?attachment_id=23066\" class=\"wp-image-23066\" srcset=\"https:\/\/www.cssr.news\/spanish\/wp-content\/uploads\/sites\/3\/2024\/02\/sn2024_bakhita_Al-alba-5-1024x644.jpg 1024w, https:\/\/www.cssr.news\/spanish\/wp-content\/uploads\/sites\/3\/2024\/02\/sn2024_bakhita_Al-alba-5-300x189.jpg 300w, https:\/\/www.cssr.news\/spanish\/wp-content\/uploads\/sites\/3\/2024\/02\/sn2024_bakhita_Al-alba-5-768x483.jpg 768w, https:\/\/www.cssr.news\/spanish\/wp-content\/uploads\/sites\/3\/2024\/02\/sn2024_bakhita_Al-alba-5-1536x966.jpg 1536w, https:\/\/www.cssr.news\/spanish\/wp-content\/uploads\/sites\/3\/2024\/02\/sn2024_bakhita_Al-alba-5-696x438.jpg 696w, https:\/\/www.cssr.news\/spanish\/wp-content\/uploads\/sites\/3\/2024\/02\/sn2024_bakhita_Al-alba-5-1068x672.jpg 1068w, https:\/\/www.cssr.news\/spanish\/wp-content\/uploads\/sites\/3\/2024\/02\/sn2024_bakhita_Al-alba-5-668x420.jpg 668w, https:\/\/www.cssr.news\/spanish\/wp-content\/uploads\/sites\/3\/2024\/02\/sn2024_bakhita_Al-alba-5.jpg 2048w\" sizes=\"(max-width: 1024px) 100vw, 1024px\" \/><\/a><\/figure><\/li><li class=\"blocks-gallery-item\"><figure><a href=\"http:\/\/www.cssr.news\/spanish\/wp-content\/uploads\/sites\/3\/2024\/02\/sn2024_bakhita_Al-alba-2.jpg\"><img width=\"1024\" height=\"768\" src=\"http:\/\/www.cssr.news\/spanish\/wp-content\/uploads\/sites\/3\/2024\/02\/sn2024_bakhita_Al-alba-2-1024x768.jpg\" alt=\"\" data-id=\"23067\" data-full-url=\"http:\/\/www.cssr.news\/spanish\/wp-content\/uploads\/sites\/3\/2024\/02\/sn2024_bakhita_Al-alba-2.jpg\" data-link=\"https:\/\/www.cssr.news\/spanish\/?attachment_id=23067\" class=\"wp-image-23067\" srcset=\"https:\/\/www.cssr.news\/spanish\/wp-content\/uploads\/sites\/3\/2024\/02\/sn2024_bakhita_Al-alba-2-1024x768.jpg 1024w, https:\/\/www.cssr.news\/spanish\/wp-content\/uploads\/sites\/3\/2024\/02\/sn2024_bakhita_Al-alba-2-300x225.jpg 300w, https:\/\/www.cssr.news\/spanish\/wp-content\/uploads\/sites\/3\/2024\/02\/sn2024_bakhita_Al-alba-2-768x576.jpg 768w, https:\/\/www.cssr.news\/spanish\/wp-content\/uploads\/sites\/3\/2024\/02\/sn2024_bakhita_Al-alba-2-1536x1152.jpg 1536w, https:\/\/www.cssr.news\/spanish\/wp-content\/uploads\/sites\/3\/2024\/02\/sn2024_bakhita_Al-alba-2-80x60.jpg 80w, https:\/\/www.cssr.news\/spanish\/wp-content\/uploads\/sites\/3\/2024\/02\/sn2024_bakhita_Al-alba-2-265x198.jpg 265w, https:\/\/www.cssr.news\/spanish\/wp-content\/uploads\/sites\/3\/2024\/02\/sn2024_bakhita_Al-alba-2-696x522.jpg 696w, https:\/\/www.cssr.news\/spanish\/wp-content\/uploads\/sites\/3\/2024\/02\/sn2024_bakhita_Al-alba-2-1068x801.jpg 1068w, https:\/\/www.cssr.news\/spanish\/wp-content\/uploads\/sites\/3\/2024\/02\/sn2024_bakhita_Al-alba-2-560x420.jpg 560w, https:\/\/www.cssr.news\/spanish\/wp-content\/uploads\/sites\/3\/2024\/02\/sn2024_bakhita_Al-alba-2.jpg 2048w\" sizes=\"(max-width: 1024px) 100vw, 1024px\" \/><\/a><\/figure><\/li><\/ul><\/figure>\n\n\n\n<p>Otro ejemplo lo vivimos en <a rel=\"noreferrer noopener\" href=\"https:\/\/www.alalbaoblatas.org\/23-1-6-formacion-santa-josefina-bakhita\" data-type=\"URL\" data-id=\"https:\/\/www.alalbaoblatas.org\/23-1-6-formacion-santa-josefina-bakhita\" target=\"_blank\">Sevilla en el 2023: una Jornada de formaci\u00f3n sobre Santa Josefina Bakhita.<\/a> <br>donde compartimos con las mujeres participantes del Programa de Formaci\u00f3n &#8220;Creando alternativas&#8221; los aspectos m\u00e1s importantes de la vida de la Santa. Nos adentramos en su infancia y juventud, marcada por la explotaci\u00f3n a la que fue sometida y c\u00f3mo, a trav\u00e9s de un proceso de resilencia y empoderamiento, pudo abandonar esta situaci\u00f3n y alcanzar sus sue\u00f1os y metas. En el Proyecto &#8220;Al alba&#8221; seguimos caminando y tejiendo la vida con hilos de esperanza.<\/p>\n\n\n\n<p>(hermanasoblatas.org\/Scala News)<\/p>\n","protected":false},"excerpt":{"rendered":"<p>Hoy, 8 de febrero, celebramos la Jornada Mundial de Oraci\u00f3n contra la trata: &#8220;Caminando por la dignidad&#8221;, y las Hermanas Oblatas del Sant\u00edsimo Redentor conmemoramos este d\u00eda en toda nuestra red, extendida por 15 pa\u00edses. &#8220;Caminando por la dignidad. Escuchar. So\u00f1ar. Actuar&#8221;. Este es el tema de la d\u00e9cima Jornada Mundial de Oraci\u00f3n y Reflexi\u00f3n [&hellip;]<\/p>\n","protected":false},"author":3,"featured_media":23068,"comment_status":"closed","ping_status":"closed","sticky":false,"template":"","format":"standard","meta":[],"categories":[22],"tags":[],"_links":{"self":[{"href":"https:\/\/www.cssr.news\/spanish\/wp-json\/wp\/v2\/posts\/23065"}],"collection":[{"href":"https:\/\/www.cssr.news\/spanish\/wp-json\/wp\/v2\/posts"}],"about":[{"href":"https:\/\/www.cssr.news\/spanish\/wp-json\/wp\/v2\/types\/post"}],"author":[{"embeddable":true,"href":"https:\/\/www.cssr.news\/spanish\/wp-json\/wp\/v2\/users\/3"}],"replies":[{"embeddable":true,"href":"https:\/\/www.cssr.news\/spanish\/wp-json\/wp\/v2\/comments?post=23065"}],"version-history":[{"count":2,"href":"https:\/\/www.cssr.news\/spanish\/wp-json\/wp\/v2\/posts\/23065\/revisions"}],"predecessor-version":[{"id":23071,"href":"https:\/\/www.cssr.news\/spanish\/wp-json\/wp\/v2\/posts\/23065\/revisions\/23071"}],"wp:featuredmedia":[{"embeddable":true,"href":"https:\/\/www.cssr.news\/spanish\/wp-json\/wp\/v2\/media\/23068"}],"wp:attachment":[{"href":"https:\/\/www.cssr.news\/spanish\/wp-json\/wp\/v2\/media?parent=23065"}],"wp:term":[{"taxonomy":"category","embeddable":true,"href":"https:\/\/www.cssr.news\/spanish\/wp-json\/wp\/v2\/categories?post=23065"},{"taxonomy":"post_tag","embeddable":true,"href":"https:\/\/www.cssr.news\/spanish\/wp-json\/wp\/v2\/tags?post=23065"}],"curies":[{"name":"wp","href":"https:\/\/api.w.org\/{rel}","templated":true}]}}