{"id":23180,"date":"2024-02-19T12:58:12","date_gmt":"2024-02-19T10:58:12","guid":{"rendered":"https:\/\/www.cssr.news\/spanish\/?p=23180"},"modified":"2024-02-19T16:36:21","modified_gmt":"2024-02-19T14:36:21","slug":"i-encuentro-online-de-instituciones-educativas-redentoristas","status":"publish","type":"post","link":"https:\/\/www.cssr.news\/spanish\/2024\/02\/i-encuentro-online-de-instituciones-educativas-redentoristas\/","title":{"rendered":"I encuentro online de instituciones educativas redentoristas"},"content":{"rendered":"\n<p class=\"has-text-align-center\"><strong>La Educaci\u00f3n y el Carisma Redentorista hoy<\/strong><strong><\/strong><\/p>\n\n\n\n<p>El Padre General dirige esta invitaci\u00f3n abierta a todos los Congregados y laicos (Directores acad\u00e9micos \u2013 Coordinadores &#8211; Docentes) que trabajan en las Instituciones Educativas Redentoristas: Escuelas y Colegios.<\/p>\n\n\n\n<p>\u201c<em>Nuestros colegios y escuelas son hogares de redenci\u00f3n, para propiciar espacios de di\u00e1logo formativo y templos donde se pueda evangelizar en la pluralidad de ideas, partiendo de los fundamentos del Evangelio, sin imponerlos ni hacer proselitismo. Es una oportunidad para encontrarnos con los ni\u00f1os, adolescentes y j\u00f3venes, con sus alegr\u00edas y dramas, un colectivo en el que la Iglesia no tiene mucha capacidad ni un lenguaje propicio para dialogar con ellos.\u201d Carta del P. Rog\u00e9rio Gomes a las Instituciones Educativas\u201d<\/em> (09-02-2024)<\/p>\n\n\n\n<p><strong>Fecha: Jueves, 29 de febrero de 2024<\/strong><\/p>\n\n\n\n<p><strong>Hora: 14:00 (hora de Roma)<\/strong><\/p>\n\n\n\n<p><strong>El enlace de zoom ser\u00e1 enviado a los Superiores Provinciales, pero puede contactar la Secretaria General: <\/strong><a href=\"about:blank\">seg.gen.cssr@gmail.com<\/a><\/p>\n","protected":false},"excerpt":{"rendered":"<p>La Educaci\u00f3n y el Carisma Redentorista hoy El Padre General dirige esta invitaci\u00f3n abierta a todos los Congregados y laicos (Directores acad\u00e9micos \u2013 Coordinadores &#8211; Docentes) que trabajan en las Instituciones Educativas Redentoristas: Escuelas y Colegios. \u201cNuestros colegios y escuelas son hogares de redenci\u00f3n, para propiciar espacios de di\u00e1logo formativo y templos donde se pueda [&hellip;]<\/p>\n","protected":false},"author":21,"featured_media":23179,"comment_status":"closed","ping_status":"closed","sticky":false,"template":"","format":"standard","meta":[],"categories":[12],"tags":[],"_links":{"self":[{"href":"https:\/\/www.cssr.news\/spanish\/wp-json\/wp\/v2\/posts\/23180"}],"collection":[{"href":"https:\/\/www.cssr.news\/spanish\/wp-json\/wp\/v2\/posts"}],"about":[{"href":"https:\/\/www.cssr.news\/spanish\/wp-json\/wp\/v2\/types\/post"}],"author":[{"embeddable":true,"href":"https:\/\/www.cssr.news\/spanish\/wp-json\/wp\/v2\/users\/21"}],"replies":[{"embeddable":true,"href":"https:\/\/www.cssr.news\/spanish\/wp-json\/wp\/v2\/comments?post=23180"}],"version-history":[{"count":3,"href":"https:\/\/www.cssr.news\/spanish\/wp-json\/wp\/v2\/posts\/23180\/revisions"}],"predecessor-version":[{"id":23184,"href":"https:\/\/www.cssr.news\/spanish\/wp-json\/wp\/v2\/posts\/23180\/revisions\/23184"}],"wp:featuredmedia":[{"embeddable":true,"href":"https:\/\/www.cssr.news\/spanish\/wp-json\/wp\/v2\/media\/23179"}],"wp:attachment":[{"href":"https:\/\/www.cssr.news\/spanish\/wp-json\/wp\/v2\/media?parent=23180"}],"wp:term":[{"taxonomy":"category","embeddable":true,"href":"https:\/\/www.cssr.news\/spanish\/wp-json\/wp\/v2\/categories?post=23180"},{"taxonomy":"post_tag","embeddable":true,"href":"https:\/\/www.cssr.news\/spanish\/wp-json\/wp\/v2\/tags?post=23180"}],"curies":[{"name":"wp","href":"https:\/\/api.w.org\/{rel}","templated":true}]}}