{"id":23191,"date":"2024-02-20T17:51:12","date_gmt":"2024-02-20T15:51:12","guid":{"rendered":"https:\/\/www.cssr.news\/spanish\/?p=23191"},"modified":"2024-02-21T19:50:20","modified_gmt":"2024-02-21T17:50:20","slug":"nuevos-coordinadores-de-las-conferencias-de-la-congregacion-del-santisimo-redentor","status":"publish","type":"post","link":"https:\/\/www.cssr.news\/spanish\/2024\/02\/nuevos-coordinadores-de-las-conferencias-de-la-congregacion-del-santisimo-redentor\/","title":{"rendered":"Nuevos Coordinadores de las Conferencias de la Congregaci\u00f3n del Sant\u00edsimo Redentor"},"content":{"rendered":"\n<p>Con el inicio del nuevo Sexenio (2023 &#8211; 2028), han sido nombrados los nuevos coordinadores de las diversas conferencias de la Congregaci\u00f3n del Sant\u00edsimo Redentor, con efectos a partir del 1 de enero de 2024. A continuaci\u00f3n se incluye una breve biograf\u00eda con algunos detalles.<\/p>\n\n\n\n<div class=\"wp-block-image\"><figure class=\"alignleft size-large is-resized\"><a href=\"http:\/\/www.cssr.news\/spanish\/wp-content\/uploads\/sites\/3\/2024\/02\/2.png\"><img src=\"http:\/\/www.cssr.news\/spanish\/wp-content\/uploads\/sites\/3\/2024\/02\/2.png\" alt=\"\" class=\"wp-image-23186\" width=\"181\" height=\"181\" srcset=\"https:\/\/www.cssr.news\/spanish\/wp-content\/uploads\/sites\/3\/2024\/02\/2.png 512w, https:\/\/www.cssr.news\/spanish\/wp-content\/uploads\/sites\/3\/2024\/02\/2-300x300.png 300w, https:\/\/www.cssr.news\/spanish\/wp-content\/uploads\/sites\/3\/2024\/02\/2-150x150.png 150w, https:\/\/www.cssr.news\/spanish\/wp-content\/uploads\/sites\/3\/2024\/02\/2-420x420.png 420w\" sizes=\"(max-width: 181px) 100vw, 181px\" \/><\/a><\/figure><\/div>\n\n\n\n<p><\/p>\n\n\n\n<p><strong>P. JOHANNES R\u00d6MELT, C.Ss.R.<\/strong><\/p>\n\n\n\n<p><strong>(Coordinador de la Conferencia de Europa \u2013 9100)<\/strong><\/p>\n\n\n\n<p><\/p>\n\n\n\n<p>P. Johannes naci\u00f3 el 5 de noviembre de 1960 en Alemania. Profes\u00f3 sus votos el 7 de septiembre de 1980, profes\u00f3 sus votos perpetuos el 16 de octubre de 1983 y fue ordenado sacerdote el 26 de julio de 1987. Despu\u00e9s de la ordenaci\u00f3n, asumi\u00f3 importantes responsabilidades en diversos aspectos de la administraci\u00f3n redentorista. Fue nombrado Director de Formaci\u00f3n de 1996 a 2005, Vicario Provincial de 2002 a 2005, Superior Regional de 2008 a 2011, Superior Provincial de 2011 a 2017, Confesor y Director Espiritual de 1987 a 2011, Jugend-Kloster (pastoral juvenil) desde 2005. hasta 2011. Se doctor\u00f3 en Filosof\u00eda en la Universidad de Munich. Fue nombrado Coordinador de Europa el 1 de enero de 2018. Posteriormente fue reconfirmado Coordinador el 23 de octubre de 2023.<\/p>\n\n\n\n<div class=\"wp-block-image\"><figure class=\"alignright size-large is-resized\"><a href=\"http:\/\/www.cssr.news\/spanish\/wp-content\/uploads\/sites\/3\/2024\/02\/4.png\"><img src=\"http:\/\/www.cssr.news\/spanish\/wp-content\/uploads\/sites\/3\/2024\/02\/4.png\" alt=\"\" class=\"wp-image-23188\" width=\"184\" height=\"184\" srcset=\"https:\/\/www.cssr.news\/spanish\/wp-content\/uploads\/sites\/3\/2024\/02\/4.png 512w, https:\/\/www.cssr.news\/spanish\/wp-content\/uploads\/sites\/3\/2024\/02\/4-300x300.png 300w, https:\/\/www.cssr.news\/spanish\/wp-content\/uploads\/sites\/3\/2024\/02\/4-150x150.png 150w, https:\/\/www.cssr.news\/spanish\/wp-content\/uploads\/sites\/3\/2024\/02\/4-420x420.png 420w\" sizes=\"(max-width: 184px) 100vw, 184px\" \/><\/a><\/figure><\/div>\n\n\n\n<p><\/p>\n\n\n\n<p><strong>P. JEROME LEWIS CHAVARRIA, C.Ss.R.<\/strong><\/p>\n\n\n\n<p><strong>(Coordinador de la Conferencia de Am\u00e9rica del Norte \u2013 9200)<\/strong><\/p>\n\n\n\n<p><\/p>\n\n\n\n<p>P. Jerome naci\u00f3 el 29 de mayo de 1957 en Charlotte, Carolina del Norte y creci\u00f3 en Newnan, Georgia, Estados Unidos de Am\u00e9rica. Ingres\u00f3 al Seminario Menor en Northeastern, Pensilvania, desde su parroquia natal en Newnan, que era atendida por los Redentoristas. Hizo sus votos el 29 de julio de 1978, profes\u00f3 sus votos perpetuos el 1 de agosto de 1983 y fue ordenado sacerdote el 26 de mayo de 1984. El P. Jerome fue asignado a la Viceprovincia de Richmond de 2003 a 2015 y sirvi\u00f3 en parroquias. en predicaci\u00f3n de misiones (biling\u00fce), ministerio de verano a migrantes y administraci\u00f3n a nivel de Viceprovincia, Provincia y Secretar\u00eda General de 1984 a 2022. Fue designado Coordinador de la Conferencia Redentorista de Am\u00e9rica del Norte el 23 de mayo de 2023, con vigencia a partir de enero. 1, 2024.<\/p>\n\n\n\n<div class=\"wp-block-image\"><figure class=\"alignleft size-large is-resized\"><a href=\"http:\/\/www.cssr.news\/spanish\/wp-content\/uploads\/sites\/3\/2024\/02\/5.png\"><img src=\"http:\/\/www.cssr.news\/spanish\/wp-content\/uploads\/sites\/3\/2024\/02\/5.png\" alt=\"\" class=\"wp-image-23189\" width=\"196\" height=\"196\" srcset=\"https:\/\/www.cssr.news\/spanish\/wp-content\/uploads\/sites\/3\/2024\/02\/5.png 512w, https:\/\/www.cssr.news\/spanish\/wp-content\/uploads\/sites\/3\/2024\/02\/5-300x300.png 300w, https:\/\/www.cssr.news\/spanish\/wp-content\/uploads\/sites\/3\/2024\/02\/5-150x150.png 150w, https:\/\/www.cssr.news\/spanish\/wp-content\/uploads\/sites\/3\/2024\/02\/5-420x420.png 420w\" sizes=\"(max-width: 196px) 100vw, 196px\" \/><\/a><\/figure><\/div>\n\n\n\n<p><\/p>\n\n\n\n<p><strong>P. CESAR EDILBERTO TORRES PANTOJA, C.Ss.R.<\/strong><\/p>\n\n\n\n<p><strong>(Coordinador de la Conferencia de Am\u00e9rica Latina y el Caribe \u2013 9300)<\/strong><\/p>\n\n\n\n<p><\/p>\n\n\n\n<p>El P. C\u00e9sar naci\u00f3 en Ica, Per\u00fa, el 21 de abril de 1964. Realiz\u00f3 sus estudios teol\u00f3gicos en el Instituto Superior de Estudios Teol\u00f3gicos \u201cJuan XXIII\u201d, Pueblo Libre \u2013 Lima (1982 \u2013 1988). Hizo la profesi\u00f3n religiosa en la Congregaci\u00f3n del Sant\u00edsimo Redentor el 20 de enero de 1985 y fue ordenado sacerdote el 15 de julio de 1989. Obtuvo la licenciatura en teolog\u00eda espiritual en el Teresianum de Roma \u2013 Italia (1999 \u2013 2000). Fue nombrado vicario de la parroquia \u201cNuestra Se\u00f1ora del Carmen\u201d, Santa Clara, Ate en 1989. Formador de postulantes de 1990 a 1992; Maestro de Novicios, Arequipa (2003), Director Espiritual del Seminario Mayor \u201cSan Mart\u00edn de Porres\u201d, Di\u00f3cesis de Chosica (2005-2007). Consejero Extraordinario de la Viceprovincia de Per\u00fa Sur (2008-2010). Fue Rector del Seminario \u201cSan Alfonso\u201d de la Viceprovincia de la Congregaci\u00f3n del Sant\u00edsimo Redentor (2015). Fue superior viceprovincial de 2018 a 2012. Fue nombrado Coordinador de la Conferencia el 23 de mayo de 2023 y entr\u00f3 en vigor el 1 de enero de 2024.<\/p>\n\n\n\n<div class=\"wp-block-image\"><figure class=\"alignright size-large is-resized\"><a href=\"http:\/\/www.cssr.news\/spanish\/wp-content\/uploads\/sites\/3\/2024\/02\/6.png\"><img src=\"http:\/\/www.cssr.news\/spanish\/wp-content\/uploads\/sites\/3\/2024\/02\/6.png\" alt=\"\" class=\"wp-image-23190\" width=\"150\" height=\"150\" srcset=\"https:\/\/www.cssr.news\/spanish\/wp-content\/uploads\/sites\/3\/2024\/02\/6.png 512w, https:\/\/www.cssr.news\/spanish\/wp-content\/uploads\/sites\/3\/2024\/02\/6-300x300.png 300w, https:\/\/www.cssr.news\/spanish\/wp-content\/uploads\/sites\/3\/2024\/02\/6-150x150.png 150w, https:\/\/www.cssr.news\/spanish\/wp-content\/uploads\/sites\/3\/2024\/02\/6-420x420.png 420w\" sizes=\"(max-width: 150px) 100vw, 150px\" \/><\/a><\/figure><\/div>\n\n\n\n<p><\/p>\n\n\n\n<p><strong>P. YOAKIM RAMBAHO NDELO, C.Ss.R.<\/strong><\/p>\n\n\n\n<p><strong>(Coordinador de la Conferencia Asia Ocean\u00eda \u2013 9400)<\/strong><\/p>\n\n\n\n<p><\/p>\n\n\n\n<p>P. Yoakim naci\u00f3 el 16 de agosto de 1970 en Mata-Kapore, Sumba, Indonesia. Hizo sus votos el 1 de julio de 1991, hizo su profesi\u00f3n perpetua el 18 de agosto de 1998 y fue ordenado sacerdote el 4 de agosto de 1999. Fue formador y ense\u00f1\u00f3 en el seminario de 2011 a 2014. De 2015 a 2018 fue superior provincial de la Provincia de Indonesia. Fue nombrado Coordinador de la Conferencia Asia-Ocean\u00eda (9400) a partir del 1 de enero de 2024.<\/p>\n\n\n\n<div class=\"wp-block-image\"><figure class=\"alignleft size-large is-resized\"><a href=\"http:\/\/www.cssr.news\/spanish\/wp-content\/uploads\/sites\/3\/2024\/02\/3.png\"><img src=\"http:\/\/www.cssr.news\/spanish\/wp-content\/uploads\/sites\/3\/2024\/02\/3.png\" alt=\"\" class=\"wp-image-23187\" width=\"149\" height=\"149\" srcset=\"https:\/\/www.cssr.news\/spanish\/wp-content\/uploads\/sites\/3\/2024\/02\/3.png 512w, https:\/\/www.cssr.news\/spanish\/wp-content\/uploads\/sites\/3\/2024\/02\/3-300x300.png 300w, https:\/\/www.cssr.news\/spanish\/wp-content\/uploads\/sites\/3\/2024\/02\/3-150x150.png 150w, https:\/\/www.cssr.news\/spanish\/wp-content\/uploads\/sites\/3\/2024\/02\/3-420x420.png 420w\" sizes=\"(max-width: 149px) 100vw, 149px\" \/><\/a><\/figure><\/div>\n\n\n\n<p><\/p>\n\n\n\n<p><strong>P. NO\u00cbL SOTTIMA, C.Ss.R.<\/strong><\/p>\n\n\n\n<p><strong>(Coordinador de la Conferencia de \u00c1frica y Madagascar \u2013 9500)<\/strong><\/p>\n\n\n\n<p><\/p>\n\n\n\n<p>P. Noel naci\u00f3 el 26 de diciembre de 1976 en Tanguieta, Benin. Hizo sus votos temporales el 28 de septiembre de 2001, hizo la profesi\u00f3n perpetua el 17 de abril de 2006 y fue ordenado sacerdote el 22 de julio de 2006. Inmediatamente despu\u00e9s de su ordenaci\u00f3n, su primer destino fue el de vicario parroquial en la parroquia de Kantchari en Burkina Faso. del 2006 al 2008. Posteriormente obtuvo la Licenciatura en Sagradas Escrituras en el Pontificio Instituto Biblicum, en Roma (Italia) de 2008 a 2012. Despu\u00e9s de sus estudios, fue ec\u00f3nomo de la Casa de Formaci\u00f3n San Gerardo, en Uagadug\u00fa (Burkina-Faso) del 2012 al 2014. Posteriormente fue profesor de Sagrada Escritura y griego b\u00edblico en el Instituto de Filosof\u00eda Maison Lavigerie y en el Seminario Mayor San Juan Bautista, en Uagadug\u00fa (Burkina-Faso) desde el 2012 al 2017, tambi\u00e9n Superior de Formaci\u00f3n en la Casa Saint John Neumann, en Ouagadougou (Burkina-Faso) desde el 2014 al 2017.<\/p>\n\n\n\n<p>En el marco de su funci\u00f3n de Superior, fue Consejero en el Consejo Viceprovincial de \u00c1frica del Oeste de 2015 a 2016 (hasta septiembre). Fue vicario viceprovincial en el consejo viceprovincial de \u00c1frica del Oeste en 2016 (de septiembre a diciembre). Luego continu\u00f3 como profesor de Sagradas Escrituras, griego b\u00edblico y hebreo b\u00edblico en el Instituto Teol\u00f3gico Anselmianum de Uagadug\u00fa (Burkina-Faso) de 2017 a 2021 (hasta febrero). Fue elegido Superior Viceprovincial de la Viceprovincia de Afrique de l&#8217;Ouest de 2017 a 2018. Fue Vicep\u00e1rroco de la Parroquia San Gabriel de Garbado, en Niamey (N\u00edger) de 2019 a 2020. De 2021 a 2023 , fue nombrado Coordinador de la Conferencia de Redentoristas de \u00c1frica y Madagascar (COREAM). M\u00e1s tarde fue reconfirmado Coordinador de la Conferencia de los Redentoristas de \u00c1frica y Madagascar (COREAM) el 5 de septiembre de 2023, con entrada en vigor a partir del 1 de enero de 2014.<\/p>\n\n\n\n<p>Scala News<\/p>\n","protected":false},"excerpt":{"rendered":"<p>Con el inicio del nuevo Sexenio (2023 &#8211; 2028), han sido nombrados los nuevos coordinadores de las diversas conferencias de la Congregaci\u00f3n del Sant\u00edsimo Redentor, con efectos a partir del 1 de enero de 2024. A continuaci\u00f3n se incluye una breve biograf\u00eda con algunos detalles. P. JOHANNES R\u00d6MELT, C.Ss.R. (Coordinador de la Conferencia de Europa [&hellip;]<\/p>\n","protected":false},"author":3,"featured_media":23185,"comment_status":"closed","ping_status":"closed","sticky":false,"template":"","format":"standard","meta":[],"categories":[11],"tags":[],"_links":{"self":[{"href":"https:\/\/www.cssr.news\/spanish\/wp-json\/wp\/v2\/posts\/23191"}],"collection":[{"href":"https:\/\/www.cssr.news\/spanish\/wp-json\/wp\/v2\/posts"}],"about":[{"href":"https:\/\/www.cssr.news\/spanish\/wp-json\/wp\/v2\/types\/post"}],"author":[{"embeddable":true,"href":"https:\/\/www.cssr.news\/spanish\/wp-json\/wp\/v2\/users\/3"}],"replies":[{"embeddable":true,"href":"https:\/\/www.cssr.news\/spanish\/wp-json\/wp\/v2\/comments?post=23191"}],"version-history":[{"count":3,"href":"https:\/\/www.cssr.news\/spanish\/wp-json\/wp\/v2\/posts\/23191\/revisions"}],"predecessor-version":[{"id":23204,"href":"https:\/\/www.cssr.news\/spanish\/wp-json\/wp\/v2\/posts\/23191\/revisions\/23204"}],"wp:featuredmedia":[{"embeddable":true,"href":"https:\/\/www.cssr.news\/spanish\/wp-json\/wp\/v2\/media\/23185"}],"wp:attachment":[{"href":"https:\/\/www.cssr.news\/spanish\/wp-json\/wp\/v2\/media?parent=23191"}],"wp:term":[{"taxonomy":"category","embeddable":true,"href":"https:\/\/www.cssr.news\/spanish\/wp-json\/wp\/v2\/categories?post=23191"},{"taxonomy":"post_tag","embeddable":true,"href":"https:\/\/www.cssr.news\/spanish\/wp-json\/wp\/v2\/tags?post=23191"}],"curies":[{"name":"wp","href":"https:\/\/api.w.org\/{rel}","templated":true}]}}