{"id":23205,"date":"2024-02-22T10:16:28","date_gmt":"2024-02-22T08:16:28","guid":{"rendered":"https:\/\/www.cssr.news\/spanish\/?p=23205"},"modified":"2024-02-22T10:16:28","modified_gmt":"2024-02-22T08:16:28","slug":"filipinas-mision-popular-para-promover-las-vocaciones-sacerdotales-y-religiosas","status":"publish","type":"post","link":"https:\/\/www.cssr.news\/spanish\/2024\/02\/filipinas-mision-popular-para-promover-las-vocaciones-sacerdotales-y-religiosas\/","title":{"rendered":"Filipinas, \u201cMisi\u00f3n Popular\u201d para promover las vocaciones sacerdotales y religiosas"},"content":{"rendered":"\n<p>La crisis vocacional se ha convertido tambi\u00e9n en un problema agudo para las Iglesias asi\u00e1ticas, donde muchos j\u00f3venes han elegido recientemente la vida sacerdotal y religiosa. En Filipinas, las comunidades eclesiales est\u00e1n afrontando el problema con determinaci\u00f3n y creatividad. La Arquidi\u00f3cesis de Ceb\u00fa lanz\u00f3 iniciativas p\u00fablicas en Freedom Park-Carbon Market como parte del Mes de las Vocaciones. Durante una semana de encuentros y reflexiones compartidas, miembros de diversas \u00f3rdenes masculinas y femeninas organizaron encuentros abiertos, especialmente para j\u00f3venes, en los que presentaron su camino vocacional, con la convicci\u00f3n de que, ante la crisis vocacional, &#8220;no podemos lograr nuestro objetivo de forma aislada, s\u00f3lo podemos hacerlo juntos como Iglesia con el apoyo del pueblo de Dios\u201d, dijo el <strong>sacerdote redentorista Ferderiz Cantiller CSsR, <\/strong>presidente del cap\u00edtulo de Directores de Vocaciones en Filipinas (DVP) en la ciudad de Ceb\u00fa, a la agencia Ucanews.<\/p>\n\n\n\n<p>Las iniciativas, sin embargo, no se caracterizaron por el objetivo de utilizar estrategias propagand\u00edsticas para &#8220;reclutar&#8221; nuevas vocaciones en un corto per\u00edodo de tiempo. M\u00e1s bien se pone el \u00e9nfasis en la urgencia de la oraci\u00f3n para invocar el don de las nuevas vocaciones. Durante la semana de acci\u00f3n, los sacerdotes crearon espacios en el mercado p\u00fablico donde administraban el sacramento de la confesi\u00f3n y le\u00edan la Palabra de Dios a los transe\u00fantes, vendedores ambulantes y personas sin hogar. Las jornadas se convirtieron en una aut\u00e9ntica misi\u00f3n popular en medio de las concurridas calles, misi\u00f3n que tambi\u00e9n se expresaba espont\u00e1neamente en obras de caridad como ofrecer comida a los hambrientos y atenci\u00f3n m\u00e9dica a las personas que padec\u00edan diversas enfermedades, bendiciendo a quien lo ped\u00eda, as\u00ed como escucha y consuelo de todos aquellos que ten\u00edan problemas y expectativas en las que quer\u00edan confiar. Adem\u00e1s de la Archidi\u00f3cesis de Ceb\u00fa, C\u00e1ritas de Ceb\u00fa y los Redentoristas, entre otros, tambi\u00e9n participaron en la semana vocacional laicas consagradas de la Instituci\u00f3n Teresiana, las Hermanas de San Pablo de Chartres y la Congregaci\u00f3n de la Misericordia.<\/p>\n\n\n\n<p>A lo largo del tiempo, los Misioneros Redentoristas de la Provincia de Ceb\u00fa siempre han dado la m\u00e1xima importancia a la pastoral vocacional. Las reuniones anuales se llevan a cabo en el Centro Provincial del Sant\u00edsimo Redentor en la ciudad de Ceb\u00fa bajo la direcci\u00f3n del equipo provincial de vocaciones. En estos encuentros se discuten ideas, m\u00e9todos y posibilidades para acompa\u00f1ar y apoyar las nuevas vocaciones al sacerdocio y a la vida religiosa.<\/p>\n\n\n\n<p>(Ucanews Agency\/Agencia Fides)<\/p>\n","protected":false},"excerpt":{"rendered":"<p>La crisis vocacional se ha convertido tambi\u00e9n en un problema agudo para las Iglesias asi\u00e1ticas, donde muchos j\u00f3venes han elegido recientemente la vida sacerdotal y religiosa. En Filipinas, las comunidades eclesiales est\u00e1n afrontando el problema con determinaci\u00f3n y creatividad. La Arquidi\u00f3cesis de Ceb\u00fa lanz\u00f3 iniciativas p\u00fablicas en Freedom Park-Carbon Market como parte del Mes de [&hellip;]<\/p>\n","protected":false},"author":3,"featured_media":23206,"comment_status":"closed","ping_status":"closed","sticky":false,"template":"","format":"standard","meta":[],"categories":[2],"tags":[],"_links":{"self":[{"href":"https:\/\/www.cssr.news\/spanish\/wp-json\/wp\/v2\/posts\/23205"}],"collection":[{"href":"https:\/\/www.cssr.news\/spanish\/wp-json\/wp\/v2\/posts"}],"about":[{"href":"https:\/\/www.cssr.news\/spanish\/wp-json\/wp\/v2\/types\/post"}],"author":[{"embeddable":true,"href":"https:\/\/www.cssr.news\/spanish\/wp-json\/wp\/v2\/users\/3"}],"replies":[{"embeddable":true,"href":"https:\/\/www.cssr.news\/spanish\/wp-json\/wp\/v2\/comments?post=23205"}],"version-history":[{"count":1,"href":"https:\/\/www.cssr.news\/spanish\/wp-json\/wp\/v2\/posts\/23205\/revisions"}],"predecessor-version":[{"id":23207,"href":"https:\/\/www.cssr.news\/spanish\/wp-json\/wp\/v2\/posts\/23205\/revisions\/23207"}],"wp:featuredmedia":[{"embeddable":true,"href":"https:\/\/www.cssr.news\/spanish\/wp-json\/wp\/v2\/media\/23206"}],"wp:attachment":[{"href":"https:\/\/www.cssr.news\/spanish\/wp-json\/wp\/v2\/media?parent=23205"}],"wp:term":[{"taxonomy":"category","embeddable":true,"href":"https:\/\/www.cssr.news\/spanish\/wp-json\/wp\/v2\/categories?post=23205"},{"taxonomy":"post_tag","embeddable":true,"href":"https:\/\/www.cssr.news\/spanish\/wp-json\/wp\/v2\/tags?post=23205"}],"curies":[{"name":"wp","href":"https:\/\/api.w.org\/{rel}","templated":true}]}}