{"id":23667,"date":"2024-04-15T09:46:24","date_gmt":"2024-04-15T07:46:24","guid":{"rendered":"https:\/\/www.cssr.news\/spanish\/?p=23667"},"modified":"2024-04-15T09:46:25","modified_gmt":"2024-04-15T07:46:25","slug":"brasilenos-reciben-asistencia-pastoral-de-la-comunidad-redentorista-de-limerick-irlanda","status":"publish","type":"post","link":"https:\/\/www.cssr.news\/spanish\/2024\/04\/brasilenos-reciben-asistencia-pastoral-de-la-comunidad-redentorista-de-limerick-irlanda\/","title":{"rendered":"Brasile\u00f1os reciben asistencia pastoral de la comunidad redentorista de Limerick, Irlanda"},"content":{"rendered":"\n<p>Los brasile\u00f1os que viven en la ciudad irlandesa de Limerick est\u00e1n recibiendo asistencia pastoral de los Misioneros Redentoristas que trabajan en la Iglesia de San Alfonso. <\/p>\n\n\n\n<p>El grupo, fundado hace dos a\u00f1os, no ha dejado de realizar actividades en diversas \u00e1reas, especialmente en el campo de la formaci\u00f3n pastoral. A lo largo de este tiempo, se han fundado diversos grupos y actividades pastorales que trabajan en armon\u00eda hacia un \u00fanico objetivo: evangelizar. <\/p>\n\n\n\n<figure class=\"wp-block-image size-large\"><a href=\"http:\/\/www.cssr.news\/spanish\/wp-content\/uploads\/sites\/3\/2024\/04\/sn2024_brasilia_0415_02.jpg\"><img width=\"1024\" height=\"767\" src=\"http:\/\/www.cssr.news\/spanish\/wp-content\/uploads\/sites\/3\/2024\/04\/sn2024_brasilia_0415_02-1024x767.jpg\" alt=\"\" class=\"wp-image-23668\" srcset=\"https:\/\/www.cssr.news\/spanish\/wp-content\/uploads\/sites\/3\/2024\/04\/sn2024_brasilia_0415_02-1024x767.jpg 1024w, https:\/\/www.cssr.news\/spanish\/wp-content\/uploads\/sites\/3\/2024\/04\/sn2024_brasilia_0415_02-300x225.jpg 300w, https:\/\/www.cssr.news\/spanish\/wp-content\/uploads\/sites\/3\/2024\/04\/sn2024_brasilia_0415_02-768x575.jpg 768w, https:\/\/www.cssr.news\/spanish\/wp-content\/uploads\/sites\/3\/2024\/04\/sn2024_brasilia_0415_02-80x60.jpg 80w, https:\/\/www.cssr.news\/spanish\/wp-content\/uploads\/sites\/3\/2024\/04\/sn2024_brasilia_0415_02-265x198.jpg 265w, https:\/\/www.cssr.news\/spanish\/wp-content\/uploads\/sites\/3\/2024\/04\/sn2024_brasilia_0415_02-696x521.jpg 696w, https:\/\/www.cssr.news\/spanish\/wp-content\/uploads\/sites\/3\/2024\/04\/sn2024_brasilia_0415_02-1068x800.jpg 1068w, https:\/\/www.cssr.news\/spanish\/wp-content\/uploads\/sites\/3\/2024\/04\/sn2024_brasilia_0415_02-561x420.jpg 561w, https:\/\/www.cssr.news\/spanish\/wp-content\/uploads\/sites\/3\/2024\/04\/sn2024_brasilia_0415_02.jpg 1198w\" sizes=\"(max-width: 1024px) 100vw, 1024px\" \/><\/a><\/figure>\n\n\n\n<p>Entre los religiosos que sirven a los brasile\u00f1os en la ciudad irlandesa de Limerick est\u00e1 el P. Luiz Vieira, miembro de nuestra Provincia de Brasilia. El afirma que trabajar con los brasile\u00f1os ha sido una experiencia muy positiva y que el grupo ya ha elaborado un calendario de actividades para el segundo semestre de 2024, que incluye un retiro y la fiesta de Nuestra Se\u00f1ora de Aparecida.<\/p>\n\n\n\n<p>Informaci\u00f3n del P. Luiz Vieira, CSsR. <br>Miembro de la Comunidad Redentorista de Limerick, Irlanda.<br>Di\u00e1cono Murilo, CSsR. Responsable de Comunicaci\u00f3n.<\/p>\n","protected":false},"excerpt":{"rendered":"<p>Los brasile\u00f1os que viven en la ciudad irlandesa de Limerick est\u00e1n recibiendo asistencia pastoral de los Misioneros Redentoristas que trabajan en la Iglesia de San Alfonso. El grupo, fundado hace dos a\u00f1os, no ha dejado de realizar actividades en diversas \u00e1reas, especialmente en el campo de la formaci\u00f3n pastoral. A lo largo de este tiempo, [&hellip;]<\/p>\n","protected":false},"author":3,"featured_media":23669,"comment_status":"closed","ping_status":"closed","sticky":false,"template":"","format":"standard","meta":[],"categories":[2],"tags":[],"_links":{"self":[{"href":"https:\/\/www.cssr.news\/spanish\/wp-json\/wp\/v2\/posts\/23667"}],"collection":[{"href":"https:\/\/www.cssr.news\/spanish\/wp-json\/wp\/v2\/posts"}],"about":[{"href":"https:\/\/www.cssr.news\/spanish\/wp-json\/wp\/v2\/types\/post"}],"author":[{"embeddable":true,"href":"https:\/\/www.cssr.news\/spanish\/wp-json\/wp\/v2\/users\/3"}],"replies":[{"embeddable":true,"href":"https:\/\/www.cssr.news\/spanish\/wp-json\/wp\/v2\/comments?post=23667"}],"version-history":[{"count":1,"href":"https:\/\/www.cssr.news\/spanish\/wp-json\/wp\/v2\/posts\/23667\/revisions"}],"predecessor-version":[{"id":23670,"href":"https:\/\/www.cssr.news\/spanish\/wp-json\/wp\/v2\/posts\/23667\/revisions\/23670"}],"wp:featuredmedia":[{"embeddable":true,"href":"https:\/\/www.cssr.news\/spanish\/wp-json\/wp\/v2\/media\/23669"}],"wp:attachment":[{"href":"https:\/\/www.cssr.news\/spanish\/wp-json\/wp\/v2\/media?parent=23667"}],"wp:term":[{"taxonomy":"category","embeddable":true,"href":"https:\/\/www.cssr.news\/spanish\/wp-json\/wp\/v2\/categories?post=23667"},{"taxonomy":"post_tag","embeddable":true,"href":"https:\/\/www.cssr.news\/spanish\/wp-json\/wp\/v2\/tags?post=23667"}],"curies":[{"name":"wp","href":"https:\/\/api.w.org\/{rel}","templated":true}]}}