{"id":25567,"date":"2024-11-12T08:49:24","date_gmt":"2024-11-12T06:49:24","guid":{"rendered":"https:\/\/www.cssr.news\/spanish\/?p=25567"},"modified":"2024-11-13T09:30:45","modified_gmt":"2024-11-13T07:30:45","slug":"mons-alfonso-amarante-cssr-rector-de-la-pontificia-universidad-lateranense-la-riqueza-de-los-laicos-es-enorme","status":"publish","type":"post","link":"https:\/\/www.cssr.news\/spanish\/2024\/11\/mons-alfonso-amarante-cssr-rector-de-la-pontificia-universidad-lateranense-la-riqueza-de-los-laicos-es-enorme\/","title":{"rendered":"Mons. Alfonso Amarante CSsR: \u00abLa riqueza de los laicos es enorme porque vienen de experiencias en mundos esenciales\u00bb"},"content":{"rendered":"\n<p>En una entrevista con los medios vaticanos, monse\u00f1or Alfonso Amarante, rector de la Pontificia Universidad Lateranense, subraya la importancia de los laicos.<\/p>\n\n\n\n<p>\u00abLa riqueza de los laicos\u00bb, explica el Rector Amarante \u00abes enorme porque vienen de experiencias en mundos esenciales como el acad\u00e9mico o el de la gesti\u00f3n o incluso el del periodismo y la comunicaci\u00f3n en general. Son personas que pueden dar un apoyo muy grande a la misi\u00f3n de la PUL\u00bb. Hay tres frentes en los que se centrar\u00e1 el compromiso de la Junta: el desarrollo de un \u00abplan de negocios\u00bb que tenga en cuenta la misi\u00f3n de la PUL; la identificaci\u00f3n de estrategias de comunicaci\u00f3n para promover y difundir la misi\u00f3n de la universidad; y la planificaci\u00f3n de estrategias de recaudaci\u00f3n de fondos con la elaboraci\u00f3n de un plan trienal que incluya la identificaci\u00f3n de posibles donantes\/contribuyentes en Italia y en el extranjero.<\/p>\n\n\n\n<p>\u00abDesde el punto de vista del Santo Padre\u00bb, explica monse\u00f1or Amarante, \u00ablas universidades pontificias deben ser lugares de estudio y de investigaci\u00f3n, pero tambi\u00e9n lugares de encuentro cultural, de di\u00e1logo, de construcci\u00f3n. Hoy el medio por excelencia de di\u00e1logo es el campo de la cultura, una cultura en la que la Iglesia sigue teniendo su palabra\u00bb.<\/p>\n\n\n\n<p>El mi\u00e9rcoles 13 de noviembre, el cardenal Jos\u00e9 Tolentino de Mendon\u00e7a, Prefecto del Dicasterio para la Cultura y la Educaci\u00f3n, inaugurar\u00e1 el a\u00f1o acad\u00e9mico en la Lateranense, el actor Giacomo Poretti interpretar\u00e1 su mon\u00f3logo titulado \u00abHacer un alma\u00bb. Una elecci\u00f3n deliberada, explica el Rector, \u00abporque es un hombre que todav\u00eda consigue, con iron\u00eda, hablar a una masa de gente a veces mayor de la que nosotros mismos podr\u00edamos alcanzar. Hoy sin alma no es posible construir una nueva universidad, hoy sin personas que crean en un proyecto en el que ponen su alma, no es realmente posible crear o construir algo nuevo\u00bb.<\/p>\n\n\n\n<h2>Los n\u00fameros de la Lateranense<\/h2>\n\n\n\n<p>La Pontificia Universidad Lateranense fue fundada en 1773 formando cl\u00e9rigos, consagrados y laicos llamados a trabajar en la sociedad contempor\u00e1nea con la luz del Evangelio. Adem\u00e1s de las facultades de Teolog\u00eda y Filosof\u00eda, el Institutum Utriusque Iuris, las facultades de Derecho Can\u00f3nico y Derecho Civil, el Instituto Pastoral Redemptor Hominis , comprende tambi\u00e9n el Ciclo de estudios en Ciencias de la Paz y de la Cooperaci\u00f3n Internacional, el Ciclo de estudios en Ecolog\u00eda y Medio Ambiente. Cuidado de la Casa Com\u00fan y Protecci\u00f3n de la Creaci\u00f3n. En el curso 2023-2024, el profesorado est\u00e1 formado por 139 profesores y 1137 estudiantes. La mayor\u00eda procede del continente europeo (657), seguido, por orden de tama\u00f1o, de \u00c1frica (180), Asia (169) y Am\u00e9rica (130). El alumnado est\u00e1 formado por una proporci\u00f3n de laicos (421), cl\u00e9rigos (347), religiosos (290) y seminaristas (79).<\/p>\n\n\n\n<p>El art\u00edculo completo puede leerse en el <a href=\"https:\/\/www.vaticannews.va\/es\/vaticano\/news\/2024-11\/un-nuevo-consejo-de-coordinacion-para-la-lateranense.html\" data-type=\"URL\" data-id=\"https:\/\/www.vaticannews.va\/es\/vaticano\/news\/2024-11\/un-nuevo-consejo-de-coordinacion-para-la-lateranense.html\" target=\"_blank\" rel=\"noreferrer noopener\">portal vaticannews.va<\/a><\/p>\n","protected":false},"excerpt":{"rendered":"<p>En una entrevista con los medios vaticanos, monse\u00f1or Alfonso Amarante, rector de la Pontificia Universidad Lateranense, subraya la importancia de los laicos. \u00abLa riqueza de los laicos\u00bb, explica el Rector Amarante \u00abes enorme porque vienen de experiencias en mundos esenciales como el acad\u00e9mico o el de la gesti\u00f3n o incluso el del periodismo y la [&hellip;]<\/p>\n","protected":false},"author":3,"featured_media":25568,"comment_status":"closed","ping_status":"closed","sticky":false,"template":"","format":"standard","meta":[],"categories":[2],"tags":[],"_links":{"self":[{"href":"https:\/\/www.cssr.news\/spanish\/wp-json\/wp\/v2\/posts\/25567"}],"collection":[{"href":"https:\/\/www.cssr.news\/spanish\/wp-json\/wp\/v2\/posts"}],"about":[{"href":"https:\/\/www.cssr.news\/spanish\/wp-json\/wp\/v2\/types\/post"}],"author":[{"embeddable":true,"href":"https:\/\/www.cssr.news\/spanish\/wp-json\/wp\/v2\/users\/3"}],"replies":[{"embeddable":true,"href":"https:\/\/www.cssr.news\/spanish\/wp-json\/wp\/v2\/comments?post=25567"}],"version-history":[{"count":2,"href":"https:\/\/www.cssr.news\/spanish\/wp-json\/wp\/v2\/posts\/25567\/revisions"}],"predecessor-version":[{"id":25571,"href":"https:\/\/www.cssr.news\/spanish\/wp-json\/wp\/v2\/posts\/25567\/revisions\/25571"}],"wp:featuredmedia":[{"embeddable":true,"href":"https:\/\/www.cssr.news\/spanish\/wp-json\/wp\/v2\/media\/25568"}],"wp:attachment":[{"href":"https:\/\/www.cssr.news\/spanish\/wp-json\/wp\/v2\/media?parent=25567"}],"wp:term":[{"taxonomy":"category","embeddable":true,"href":"https:\/\/www.cssr.news\/spanish\/wp-json\/wp\/v2\/categories?post=25567"},{"taxonomy":"post_tag","embeddable":true,"href":"https:\/\/www.cssr.news\/spanish\/wp-json\/wp\/v2\/tags?post=25567"}],"curies":[{"name":"wp","href":"https:\/\/api.w.org\/{rel}","templated":true}]}}