{"id":25572,"date":"2024-11-12T09:26:00","date_gmt":"2024-11-12T07:26:00","guid":{"rendered":"https:\/\/www.cssr.news\/spanish\/?p=25572"},"modified":"2024-11-15T11:49:02","modified_gmt":"2024-11-15T09:49:02","slug":"polonia-incendio-en-el-monasterio-redentorista-de-braniewo","status":"publish","type":"post","link":"https:\/\/www.cssr.news\/spanish\/2024\/11\/polonia-incendio-en-el-monasterio-redentorista-de-braniewo\/","title":{"rendered":"Polonia: incendio en el monasterio redentorista de Braniewo"},"content":{"rendered":"\n<p>En la ma\u00f1ana del 9 de noviembre de 2024, se produjo un incendio en el monasterio redentorista de Braniewo, provincia de Varsovia. Afortunadamente, nadie result\u00f3 herido y la hist\u00f3rica Iglesia de la Santa Cruz, adyacente al edificio, no se vio afectada por el incendio.<\/p>\n\n\n\n<figure class=\"wp-block-gallery columns-3 is-cropped\"><ul class=\"blocks-gallery-grid\"><li class=\"blocks-gallery-item\"><figure><a href=\"http:\/\/www.cssr.news\/italian\/wp-content\/uploads\/sites\/2\/2024\/11\/sn241112-braniewo2.jpg\"><img src=\"http:\/\/www.cssr.news\/italian\/wp-content\/uploads\/sites\/2\/2024\/11\/sn241112-braniewo2-1024x768.jpg\" alt=\"\" data-id=\"27319\" data-full-url=\"http:\/\/www.cssr.news\/italian\/wp-content\/uploads\/sites\/2\/2024\/11\/sn241112-braniewo2.jpg\" data-link=\"https:\/\/www.cssr.news\/italian\/?attachment_id=27319\" class=\"wp-image-27319\"\/><\/a><\/figure><\/li><li class=\"blocks-gallery-item\"><figure><a href=\"http:\/\/www.cssr.news\/italian\/wp-content\/uploads\/sites\/2\/2024\/11\/sn241112-braniewo3.jpg\"><img src=\"http:\/\/www.cssr.news\/italian\/wp-content\/uploads\/sites\/2\/2024\/11\/sn241112-braniewo3-1024x768.jpg\" alt=\"\" data-id=\"27320\" data-full-url=\"http:\/\/www.cssr.news\/italian\/wp-content\/uploads\/sites\/2\/2024\/11\/sn241112-braniewo3.jpg\" data-link=\"https:\/\/www.cssr.news\/italian\/?attachment_id=27320\" class=\"wp-image-27320\"\/><\/a><\/figure><\/li><li class=\"blocks-gallery-item\"><figure><a href=\"http:\/\/www.cssr.news\/italian\/wp-content\/uploads\/sites\/2\/2024\/11\/sn241112-braniewo4.jpg\"><img src=\"http:\/\/www.cssr.news\/italian\/wp-content\/uploads\/sites\/2\/2024\/11\/sn241112-braniewo4-1024x768.jpg\" alt=\"\" data-id=\"27321\" data-full-url=\"http:\/\/www.cssr.news\/italian\/wp-content\/uploads\/sites\/2\/2024\/11\/sn241112-braniewo4.jpg\" data-link=\"https:\/\/www.cssr.news\/italian\/?attachment_id=27321\" class=\"wp-image-27321\"\/><\/a><\/figure><\/li><li class=\"blocks-gallery-item\"><figure><a href=\"http:\/\/www.cssr.news\/italian\/wp-content\/uploads\/sites\/2\/2024\/11\/sn241112-braniewo5.jpg\"><img src=\"http:\/\/www.cssr.news\/italian\/wp-content\/uploads\/sites\/2\/2024\/11\/sn241112-braniewo5-1024x768.jpg\" alt=\"\" data-id=\"27322\" data-full-url=\"http:\/\/www.cssr.news\/italian\/wp-content\/uploads\/sites\/2\/2024\/11\/sn241112-braniewo5.jpg\" data-link=\"https:\/\/www.cssr.news\/italian\/?attachment_id=27322\" class=\"wp-image-27322\"\/><\/a><\/figure><\/li><\/ul><\/figure>\n\n\n\n<p>Poco despu\u00e9s de las 6 de la ma\u00f1ana, se produjo un incendio en el \u00e1tico de la casa que consumi\u00f3 todo el \u00e1tico. Tras las operaciones de extinci\u00f3n del incendio, el segundo piso tambi\u00e9n qued\u00f3 inundado de agua. En la operaci\u00f3n de rescate participaron diez veh\u00edculos, incluidos dos camiones con escalera mec\u00e1nica, y 40 bomberos. Los bomberos est\u00e1n investigando actualmente las causas del incendio y los Redentoristas viven temporalmente en un edificio de las Hermanas de Santa Catalina.<\/p>\n\n\n\n<p>Nuestra comunidad religiosa de Braniewo, que cuenta con cinco hermanos, ha experimentado una gran amabilidad por parte de feligreses y ciudadanos. El mismo d\u00eda, cerca de 30 personas ayudaron a limpiar el monasterio despu\u00e9s de las operaciones de extinci\u00f3n de incendios. Las autoridades municipales locales y los representantes de la archidi\u00f3cesis tambi\u00e9n est\u00e1n haciendo esfuerzos organizativos y materiales para ayudar a proteger el edificio hist\u00f3rico del pr\u00f3ximo invierno. Tambi\u00e9n env\u00edan su ayuda las comunidades religiosas y parroquias de la provincia de Varsovia.<\/p>\n\n\n\n<p>Oramos por la comunidad redentorista de Braniewo y por todos aquellos que salvaron vidas y propiedades.<\/p>\n\n\n\n<p>p. Mariusz Mazurkiewicz CSsR, Varsovia<\/p>\n\n\n\n<p>La informaci\u00f3n sobre la posibilidad de apoyar a los Redentoristas de Braniewo en la renovaci\u00f3n de su monasterio est\u00e1 disponible en su p\u00e1gina web:\u00a0<a href=\"https:\/\/sankt.pl\/\">sankt.pl<\/a><\/p>\n","protected":false},"excerpt":{"rendered":"<p>En la ma\u00f1ana del 9 de noviembre de 2024, se produjo un incendio en el monasterio redentorista de Braniewo, provincia de Varsovia. Afortunadamente, nadie result\u00f3 herido y la hist\u00f3rica Iglesia de la Santa Cruz, adyacente al edificio, no se vio afectada por el incendio. Poco despu\u00e9s de las 6 de la ma\u00f1ana, se produjo un [&hellip;]<\/p>\n","protected":false},"author":3,"featured_media":25573,"comment_status":"closed","ping_status":"closed","sticky":false,"template":"","format":"standard","meta":[],"categories":[2],"tags":[],"_links":{"self":[{"href":"https:\/\/www.cssr.news\/spanish\/wp-json\/wp\/v2\/posts\/25572"}],"collection":[{"href":"https:\/\/www.cssr.news\/spanish\/wp-json\/wp\/v2\/posts"}],"about":[{"href":"https:\/\/www.cssr.news\/spanish\/wp-json\/wp\/v2\/types\/post"}],"author":[{"embeddable":true,"href":"https:\/\/www.cssr.news\/spanish\/wp-json\/wp\/v2\/users\/3"}],"replies":[{"embeddable":true,"href":"https:\/\/www.cssr.news\/spanish\/wp-json\/wp\/v2\/comments?post=25572"}],"version-history":[{"count":2,"href":"https:\/\/www.cssr.news\/spanish\/wp-json\/wp\/v2\/posts\/25572\/revisions"}],"predecessor-version":[{"id":25607,"href":"https:\/\/www.cssr.news\/spanish\/wp-json\/wp\/v2\/posts\/25572\/revisions\/25607"}],"wp:featuredmedia":[{"embeddable":true,"href":"https:\/\/www.cssr.news\/spanish\/wp-json\/wp\/v2\/media\/25573"}],"wp:attachment":[{"href":"https:\/\/www.cssr.news\/spanish\/wp-json\/wp\/v2\/media?parent=25572"}],"wp:term":[{"taxonomy":"category","embeddable":true,"href":"https:\/\/www.cssr.news\/spanish\/wp-json\/wp\/v2\/categories?post=25572"},{"taxonomy":"post_tag","embeddable":true,"href":"https:\/\/www.cssr.news\/spanish\/wp-json\/wp\/v2\/tags?post=25572"}],"curies":[{"name":"wp","href":"https:\/\/api.w.org\/{rel}","templated":true}]}}