{"id":25701,"date":"2024-11-22T10:26:41","date_gmt":"2024-11-22T08:26:41","guid":{"rendered":"https:\/\/www.cssr.news\/spanish\/?p=25701"},"modified":"2024-11-22T10:26:42","modified_gmt":"2024-11-22T08:26:42","slug":"espana-constituido-el-nuevo-equipo-misionero","status":"publish","type":"post","link":"https:\/\/www.cssr.news\/spanish\/2024\/11\/espana-constituido-el-nuevo-equipo-misionero\/","title":{"rendered":"Espa\u00f1a: Constituido el nuevo Equipo Misionero"},"content":{"rendered":"\n<p>El pasado jueves 14 de noviembre se reun\u00eda en la Comunidad del Perpetuo Socorro de Madrid el nuevo equipo misionero nombrado por el Gobierno Provincial de Europa Sur para el \u00c1rea espa\u00f1ola. Los tres misioneros nombrados por el Gobierno provincial son los PP. Miguel Castro (Coordinador), Guillermo Rejas y V\u00edctor Chac\u00f3n. Nos acompa\u00f1aba el Consejero Provincial, P. Alberto Eseverri.<\/p>\n\n\n\n<p>Somos conscientes de que este momento es complicado y a\u00fan est\u00e1n defini\u00e9ndose muchas realidades de colaboraci\u00f3n y trabajo misionero en nuestra nueva Provincia de Europa Sur. Probablemente este equipo misionero sea una transici\u00f3n a otra forma de organizarnos apost\u00f3licamente, colaborando con misioneros de otros pa\u00edses y proyectando la misi\u00f3n redentorista de una manera nueva.\u00a0Asumimos el desaf\u00edo con alegr\u00eda y tambi\u00e9n aceptando la disponibilidad y el ofrecimiento de muchos laicos y redentoristas que siguen entusiasmados con la misi\u00f3n y nos ayudar\u00e1n en ello.\u00a0 Ponemos la tarea misionera en manos de Mar\u00eda del Perpetuo Socorro, patrona de la misi\u00f3n redentorista, que ella nos ayude a encontrar los cauces para la misi\u00f3n que Europa Sur necesita y puede ofrecer.<\/p>\n\n\n\n<p>P. V\u00edctor Chac\u00f3n, CSsR<\/p>\n","protected":false},"excerpt":{"rendered":"<p>El pasado jueves 14 de noviembre se reun\u00eda en la Comunidad del Perpetuo Socorro de Madrid el nuevo equipo misionero nombrado por el Gobierno Provincial de Europa Sur para el \u00c1rea espa\u00f1ola. Los tres misioneros nombrados por el Gobierno provincial son los PP. Miguel Castro (Coordinador), Guillermo Rejas y V\u00edctor Chac\u00f3n. Nos acompa\u00f1aba el Consejero [&hellip;]<\/p>\n","protected":false},"author":3,"featured_media":25702,"comment_status":"closed","ping_status":"closed","sticky":false,"template":"","format":"standard","meta":[],"categories":[11],"tags":[],"_links":{"self":[{"href":"https:\/\/www.cssr.news\/spanish\/wp-json\/wp\/v2\/posts\/25701"}],"collection":[{"href":"https:\/\/www.cssr.news\/spanish\/wp-json\/wp\/v2\/posts"}],"about":[{"href":"https:\/\/www.cssr.news\/spanish\/wp-json\/wp\/v2\/types\/post"}],"author":[{"embeddable":true,"href":"https:\/\/www.cssr.news\/spanish\/wp-json\/wp\/v2\/users\/3"}],"replies":[{"embeddable":true,"href":"https:\/\/www.cssr.news\/spanish\/wp-json\/wp\/v2\/comments?post=25701"}],"version-history":[{"count":1,"href":"https:\/\/www.cssr.news\/spanish\/wp-json\/wp\/v2\/posts\/25701\/revisions"}],"predecessor-version":[{"id":25703,"href":"https:\/\/www.cssr.news\/spanish\/wp-json\/wp\/v2\/posts\/25701\/revisions\/25703"}],"wp:featuredmedia":[{"embeddable":true,"href":"https:\/\/www.cssr.news\/spanish\/wp-json\/wp\/v2\/media\/25702"}],"wp:attachment":[{"href":"https:\/\/www.cssr.news\/spanish\/wp-json\/wp\/v2\/media?parent=25701"}],"wp:term":[{"taxonomy":"category","embeddable":true,"href":"https:\/\/www.cssr.news\/spanish\/wp-json\/wp\/v2\/categories?post=25701"},{"taxonomy":"post_tag","embeddable":true,"href":"https:\/\/www.cssr.news\/spanish\/wp-json\/wp\/v2\/tags?post=25701"}],"curies":[{"name":"wp","href":"https:\/\/api.w.org\/{rel}","templated":true}]}}