{"id":258,"date":"2015-08-19T08:53:09","date_gmt":"2015-08-19T08:53:09","guid":{"rendered":"http:\/\/www.cssr.news\/spanish\/?p=258"},"modified":"2015-11-19T09:03:02","modified_gmt":"2015-11-19T09:03:02","slug":"alfonso-de-liguori-1743-1780-1780-1787-2","status":"publish","type":"post","link":"https:\/\/www.cssr.news\/spanish\/2015\/08\/alfonso-de-liguori-1743-1780-1780-1787-2\/","title":{"rendered":"1. Alfonso de Liguori (1743-1780; 1780-1787)"},"content":{"rendered":"<p style=\"text-align: justify;\">A la muerte de Mons. Falcoia, director de la Congregaci\u00f3n, el 20 de abril de 1743, Alfonso, fundador de la Congregaci\u00f3n, es elegido Rector Mayor durante la primera Congregaci\u00f3n General (Cap\u00edtulo general). Tras la aprobaci\u00f3n de la Regla por Benedicto XIV, San Alfonso es elegido Rector Mayor vitalicio. Durante el per\u00edodo de su episcopado en Sant&#8217;Agata dei Goti (1762-1775), el Padre Andrea Villani desempe\u00f1a el cargo de Vicario General. Alfonso muere en Pagni el 1 de agosto de 1787.<\/p>\n","protected":false},"excerpt":{"rendered":"<p>A la muerte de Mons. Falcoia, director de la Congregaci\u00f3n, el 20 de abril de 1743, Alfonso, fundador de la Congregaci\u00f3n, es elegido Rector Mayor durante la primera Congregaci\u00f3n General (Cap\u00edtulo general). Tras la aprobaci\u00f3n de la Regla por Benedicto XIV, San Alfonso es elegido Rector Mayor vitalicio. Durante el per\u00edodo de su episcopado en [&hellip;]<\/p>\n","protected":false},"author":2,"featured_media":259,"comment_status":"open","ping_status":"open","sticky":false,"template":"","format":"standard","meta":[],"categories":[23],"tags":[],"_links":{"self":[{"href":"https:\/\/www.cssr.news\/spanish\/wp-json\/wp\/v2\/posts\/258"}],"collection":[{"href":"https:\/\/www.cssr.news\/spanish\/wp-json\/wp\/v2\/posts"}],"about":[{"href":"https:\/\/www.cssr.news\/spanish\/wp-json\/wp\/v2\/types\/post"}],"author":[{"embeddable":true,"href":"https:\/\/www.cssr.news\/spanish\/wp-json\/wp\/v2\/users\/2"}],"replies":[{"embeddable":true,"href":"https:\/\/www.cssr.news\/spanish\/wp-json\/wp\/v2\/comments?post=258"}],"version-history":[{"count":2,"href":"https:\/\/www.cssr.news\/spanish\/wp-json\/wp\/v2\/posts\/258\/revisions"}],"predecessor-version":[{"id":263,"href":"https:\/\/www.cssr.news\/spanish\/wp-json\/wp\/v2\/posts\/258\/revisions\/263"}],"wp:featuredmedia":[{"embeddable":true,"href":"https:\/\/www.cssr.news\/spanish\/wp-json\/wp\/v2\/media\/259"}],"wp:attachment":[{"href":"https:\/\/www.cssr.news\/spanish\/wp-json\/wp\/v2\/media?parent=258"}],"wp:term":[{"taxonomy":"category","embeddable":true,"href":"https:\/\/www.cssr.news\/spanish\/wp-json\/wp\/v2\/categories?post=258"},{"taxonomy":"post_tag","embeddable":true,"href":"https:\/\/www.cssr.news\/spanish\/wp-json\/wp\/v2\/tags?post=258"}],"curies":[{"name":"wp","href":"https:\/\/api.w.org\/{rel}","templated":true}]}}