{"id":25826,"date":"2024-12-04T09:50:52","date_gmt":"2024-12-04T07:50:52","guid":{"rendered":"https:\/\/www.cssr.news\/spanish\/?p=25826"},"modified":"2024-12-04T09:50:53","modified_gmt":"2024-12-04T07:50:53","slug":"asamblea-de-los-miembros-de-la-mision-compartida-de-la-conferencia-europea","status":"publish","type":"post","link":"https:\/\/www.cssr.news\/spanish\/2024\/12\/asamblea-de-los-miembros-de-la-mision-compartida-de-la-conferencia-europea\/","title":{"rendered":"Asamblea de los miembros de la Misi\u00f3n Compartida de la Conferencia Europea"},"content":{"rendered":"\n<p>La primera Asamblea oficial de la Misi\u00f3n Compartida de la Conferencia Redentorista de Europa (CRE) tuvo lugar del 29 al 30 de noviembre en Colle Sant&#8217;Alfonso, cerca de N\u00e1poles. A la Asamblea asistieron delegaciones laicas de casi todas las unidades de la Conferencia, quienes trabajaron juntas seg\u00fan las indicaciones del Directorio de Colaboraci\u00f3n en Misi\u00f3n (2020) y el Plan de Acci\u00f3n de la CRE (2023).<\/p>\n\n\n\n<p>En su discurso de apertura, Eric Corsius, presidente de la Comisi\u00f3n CRE sobre Misi\u00f3n Compartida y moderador de la Asamblea, enfatiz\u00f3 que \u201cla misi\u00f3n es una misi\u00f3n compartida, o no es una misi\u00f3n en absoluto. Nos necesitamos unos a otros para el bien de la misi\u00f3n&#8221;.<\/p>\n\n\n\n<p>El P. Rui Santiago CSsR (formaci\u00f3n), Anne Walsh (vocaci\u00f3n) y el P. Cristian Bueno CSsR (misi\u00f3n compartida como prioridad fundacional en el sentido de la Communicanda 1 de 2017) hicieron presentaciones estimulantes. Subrayaron la importancia de una formaci\u00f3n profunda y s\u00f3lida y de reuniones estimulantes.<\/p>\n\n\n\n<p>El P. Cristian Bueno introdujo una intrigante met\u00e1fora de la colaboraci\u00f3n en la misi\u00f3n: la del ecosistema, en el que cada uno con su propio carisma es parte.<\/p>\n\n\n\n<p>Los participantes se presentaron a s\u00ed mismos y su compromiso misionero. Renovaron los contactos existentes o establecieron otros nuevos, lo que los motiv\u00f3 a fortalecer una red europea para una misi\u00f3n compartida.<\/p>\n\n\n\n<p>Gracias a los ponentes y delegaciones por la buena preparaci\u00f3n de la reuni\u00f3n. Un agradecimiento especial a los Redentoristas y a los colaboradores laicos de N\u00e1poles grandes anfitriones.<\/p>\n\n\n\n<p>Eric Corsius<\/p>\n","protected":false},"excerpt":{"rendered":"<p>La primera Asamblea oficial de la Misi\u00f3n Compartida de la Conferencia Redentorista de Europa (CRE) tuvo lugar del 29 al 30 de noviembre en Colle Sant&#8217;Alfonso, cerca de N\u00e1poles. A la Asamblea asistieron delegaciones laicas de casi todas las unidades de la Conferencia, quienes trabajaron juntas seg\u00fan las indicaciones del Directorio de Colaboraci\u00f3n en Misi\u00f3n [&hellip;]<\/p>\n","protected":false},"author":3,"featured_media":25827,"comment_status":"closed","ping_status":"closed","sticky":false,"template":"","format":"standard","meta":[],"categories":[32],"tags":[],"_links":{"self":[{"href":"https:\/\/www.cssr.news\/spanish\/wp-json\/wp\/v2\/posts\/25826"}],"collection":[{"href":"https:\/\/www.cssr.news\/spanish\/wp-json\/wp\/v2\/posts"}],"about":[{"href":"https:\/\/www.cssr.news\/spanish\/wp-json\/wp\/v2\/types\/post"}],"author":[{"embeddable":true,"href":"https:\/\/www.cssr.news\/spanish\/wp-json\/wp\/v2\/users\/3"}],"replies":[{"embeddable":true,"href":"https:\/\/www.cssr.news\/spanish\/wp-json\/wp\/v2\/comments?post=25826"}],"version-history":[{"count":1,"href":"https:\/\/www.cssr.news\/spanish\/wp-json\/wp\/v2\/posts\/25826\/revisions"}],"predecessor-version":[{"id":25828,"href":"https:\/\/www.cssr.news\/spanish\/wp-json\/wp\/v2\/posts\/25826\/revisions\/25828"}],"wp:featuredmedia":[{"embeddable":true,"href":"https:\/\/www.cssr.news\/spanish\/wp-json\/wp\/v2\/media\/25827"}],"wp:attachment":[{"href":"https:\/\/www.cssr.news\/spanish\/wp-json\/wp\/v2\/media?parent=25826"}],"wp:term":[{"taxonomy":"category","embeddable":true,"href":"https:\/\/www.cssr.news\/spanish\/wp-json\/wp\/v2\/categories?post=25826"},{"taxonomy":"post_tag","embeddable":true,"href":"https:\/\/www.cssr.news\/spanish\/wp-json\/wp\/v2\/tags?post=25826"}],"curies":[{"name":"wp","href":"https:\/\/api.w.org\/{rel}","templated":true}]}}