{"id":25844,"date":"2024-12-04T12:21:14","date_gmt":"2024-12-04T10:21:14","guid":{"rendered":"https:\/\/www.cssr.news\/spanish\/?p=25844"},"modified":"2024-12-04T12:51:27","modified_gmt":"2024-12-04T10:51:27","slug":"vietnam-noche-cultural-y-misa-del-ano-jubilar-100-anos-de-presencia-de-los-redentoristas-en-vietnam","status":"publish","type":"post","link":"https:\/\/www.cssr.news\/spanish\/2024\/12\/vietnam-noche-cultural-y-misa-del-ano-jubilar-100-anos-de-presencia-de-los-redentoristas-en-vietnam\/","title":{"rendered":"Vietnam: inauguraci\u00f3n del A\u00f1o Jubilar \u2013 100 a\u00f1os de presencia  Redentorista en Vietnam"},"content":{"rendered":"\n<p>El 29 de noviembre de 2024 por la tarde, en la parroquia Nuestra Se\u00f1ora del Perpetuo Socorro de Hue, la Provincia Redentorista de Vietnam organiz\u00f3 una noche de espect\u00e1culos culturales para conmemorar los 100 a\u00f1os de presencia de los Redentoristas en Vietnam.<\/p>\n\n\n\n<p>Al evento asistieron el arzobispo coadjutor de Hue, Joseph \u0110\u1eb7ng \u0110\u1ee9c Ng\u00e2n, el superior provincial, el padre Dominic Nguy\u1ec5n \u0110\u1ee9c Th\u00f4ng, cientos de sacerdotes y religiosos redentoristas, junto con miles de fieles laicos. El programa de tres horas destac\u00f3 los 100 a\u00f1os de historia de los Redentoristas en Vietnam y cont\u00f3 con canciones de gratitud a Dios.<\/p>\n\n\n\n<figure class=\"wp-block-gallery columns-3 is-cropped\"><ul class=\"blocks-gallery-grid\"><li class=\"blocks-gallery-item\"><figure><a href=\"http:\/\/www.cssr.news\/wp-content\/uploads\/2024\/12\/DSC_8546-scaled.jpg\"><img src=\"http:\/\/www.cssr.news\/wp-content\/uploads\/2024\/12\/DSC_8546-1024x683.jpg\" alt=\"\" data-id=\"34894\" data-full-url=\"http:\/\/www.cssr.news\/wp-content\/uploads\/2024\/12\/DSC_8546-scaled.jpg\" data-link=\"https:\/\/www.cssr.news\/?attachment_id=34894\" class=\"wp-image-34894\"\/><\/a><\/figure><\/li><li class=\"blocks-gallery-item\"><figure><a href=\"http:\/\/www.cssr.news\/wp-content\/uploads\/2024\/12\/DSC_8552-scaled.jpg\"><img src=\"http:\/\/www.cssr.news\/wp-content\/uploads\/2024\/12\/DSC_8552-1024x683.jpg\" alt=\"\" data-id=\"34895\" data-full-url=\"http:\/\/www.cssr.news\/wp-content\/uploads\/2024\/12\/DSC_8552-scaled.jpg\" data-link=\"https:\/\/www.cssr.news\/?attachment_id=34895\" class=\"wp-image-34895\"\/><\/a><\/figure><\/li><li class=\"blocks-gallery-item\"><figure><a href=\"http:\/\/www.cssr.news\/wp-content\/uploads\/2024\/12\/DSC_8607-scaled.jpg\"><img src=\"http:\/\/www.cssr.news\/wp-content\/uploads\/2024\/12\/DSC_8607-1024x683.jpg\" alt=\"\" data-id=\"34897\" data-full-url=\"http:\/\/www.cssr.news\/wp-content\/uploads\/2024\/12\/DSC_8607-scaled.jpg\" data-link=\"https:\/\/www.cssr.news\/?attachment_id=34897\" class=\"wp-image-34897\"\/><\/a><\/figure><\/li><li class=\"blocks-gallery-item\"><figure><a href=\"http:\/\/www.cssr.news\/wp-content\/uploads\/2024\/12\/DSC_8663-scaled.jpg\"><img src=\"http:\/\/www.cssr.news\/wp-content\/uploads\/2024\/12\/DSC_8663-1024x683.jpg\" alt=\"\" data-id=\"34898\" data-full-url=\"http:\/\/www.cssr.news\/wp-content\/uploads\/2024\/12\/DSC_8663-scaled.jpg\" data-link=\"https:\/\/www.cssr.news\/?attachment_id=34898\" class=\"wp-image-34898\"\/><\/a><\/figure><\/li><li class=\"blocks-gallery-item\"><figure><a href=\"http:\/\/www.cssr.news\/wp-content\/uploads\/2024\/12\/DSC_8790-scaled.jpg\"><img src=\"http:\/\/www.cssr.news\/wp-content\/uploads\/2024\/12\/DSC_8790-1024x683.jpg\" alt=\"\" data-id=\"34900\" data-full-url=\"http:\/\/www.cssr.news\/wp-content\/uploads\/2024\/12\/DSC_8790-scaled.jpg\" data-link=\"https:\/\/www.cssr.news\/?attachment_id=34900\" class=\"wp-image-34900\"\/><\/a><\/figure><\/li><li class=\"blocks-gallery-item\"><figure><a href=\"http:\/\/www.cssr.news\/wp-content\/uploads\/2024\/12\/L2490276.jpg\"><img src=\"http:\/\/www.cssr.news\/wp-content\/uploads\/2024\/12\/L2490276.jpg\" alt=\"\" data-id=\"34902\" data-full-url=\"http:\/\/www.cssr.news\/wp-content\/uploads\/2024\/12\/L2490276.jpg\" data-link=\"https:\/\/www.cssr.news\/?attachment_id=34902\" class=\"wp-image-34902\"\/><\/a><\/figure><\/li><\/ul><\/figure>\n\n\n\n<p>A la ma\u00f1ana siguiente, el 30 de noviembre de 2024, a las 8:30 horas, se celebr\u00f3 la Misa inaugural del A\u00f1o Jubilar en conmemoraci\u00f3n de los 100 a\u00f1os de los Redentoristas en Vietnam. Este momento hist\u00f3rico para la Provincia Redentorista tuvo como tema \u201c100 a\u00f1os \u2013 Misi\u00f3n en gracia\u201d, expresando gratitud por las bendiciones de Dios durante el siglo pasado.<\/p>\n\n\n\n<p>La Misa fue presidida por el Arzobispo Coadjutor de Hue, Joseph \u0110\u1eb7ng \u0110\u1ee9c Ng\u00e2n, con la presencia de concelebrantes como el Obispo Matthew Nguy\u1ec5n V\u0103n Kh\u00f4i, el Superior Provincial Dominic Nguy\u1ec5n \u0110\u1ee9c Th\u00f4ng, monse\u00f1ores, el Vicario General y sacerdotes dentro y fuera de la Provincia.<\/p>\n\n\n\n<figure class=\"wp-block-gallery columns-3 is-cropped\"><ul class=\"blocks-gallery-grid\"><li class=\"blocks-gallery-item\"><figure><a href=\"http:\/\/www.cssr.news\/wp-content\/uploads\/2024\/12\/DSC_8394-scaled.jpg\"><img src=\"http:\/\/www.cssr.news\/wp-content\/uploads\/2024\/12\/DSC_8394-1024x683.jpg\" alt=\"\" data-id=\"34893\" data-full-url=\"http:\/\/www.cssr.news\/wp-content\/uploads\/2024\/12\/DSC_8394-scaled.jpg\" data-link=\"https:\/\/www.cssr.news\/?attachment_id=34893\" class=\"wp-image-34893\"\/><\/a><\/figure><\/li><li class=\"blocks-gallery-item\"><figure><a href=\"http:\/\/www.cssr.news\/wp-content\/uploads\/2024\/12\/DSC_8877.jpg\"><img src=\"http:\/\/www.cssr.news\/wp-content\/uploads\/2024\/12\/DSC_8877-1024x683.jpg\" alt=\"\" data-id=\"34901\" data-full-url=\"http:\/\/www.cssr.news\/wp-content\/uploads\/2024\/12\/DSC_8877.jpg\" data-link=\"https:\/\/www.cssr.news\/?attachment_id=34901\" class=\"wp-image-34901\"\/><\/a><\/figure><\/li><li class=\"blocks-gallery-item\"><figure><a href=\"http:\/\/www.cssr.news\/wp-content\/uploads\/2024\/12\/DSC_8714-scaled.jpg\"><img src=\"http:\/\/www.cssr.news\/wp-content\/uploads\/2024\/12\/DSC_8714-1024x683.jpg\" alt=\"\" data-id=\"34899\" data-full-url=\"http:\/\/www.cssr.news\/wp-content\/uploads\/2024\/12\/DSC_8714-scaled.jpg\" data-link=\"https:\/\/www.cssr.news\/?attachment_id=34899\" class=\"wp-image-34899\"\/><\/a><\/figure><\/li><li class=\"blocks-gallery-item\"><figure><a href=\"http:\/\/www.cssr.news\/wp-content\/uploads\/2024\/12\/L2490340.jpg\"><img src=\"http:\/\/www.cssr.news\/wp-content\/uploads\/2024\/12\/L2490340.jpg\" alt=\"\" data-id=\"34903\" data-full-url=\"http:\/\/www.cssr.news\/wp-content\/uploads\/2024\/12\/L2490340.jpg\" data-link=\"https:\/\/www.cssr.news\/?attachment_id=34903\" class=\"wp-image-34903\"\/><\/a><\/figure><\/li><li class=\"blocks-gallery-item\"><figure><a href=\"http:\/\/www.cssr.news\/wp-content\/uploads\/2024\/12\/L2490535.jpg\"><img src=\"http:\/\/www.cssr.news\/wp-content\/uploads\/2024\/12\/L2490535.jpg\" alt=\"\" data-id=\"34904\" data-full-url=\"http:\/\/www.cssr.news\/wp-content\/uploads\/2024\/12\/L2490535.jpg\" data-link=\"https:\/\/www.cssr.news\/?attachment_id=34904\" class=\"wp-image-34904\"\/><\/a><\/figure><\/li><li class=\"blocks-gallery-item\"><figure><a href=\"http:\/\/www.cssr.news\/wp-content\/uploads\/2024\/12\/L2490594.jpg\"><img src=\"http:\/\/www.cssr.news\/wp-content\/uploads\/2024\/12\/L2490594.jpg\" alt=\"\" data-id=\"34905\" data-full-url=\"http:\/\/www.cssr.news\/wp-content\/uploads\/2024\/12\/L2490594.jpg\" data-link=\"https:\/\/www.cssr.news\/?attachment_id=34905\" class=\"wp-image-34905\"\/><\/a><\/figure><\/li><li class=\"blocks-gallery-item\"><figure><a href=\"http:\/\/www.cssr.news\/wp-content\/uploads\/2024\/12\/DSC_7759-scaled.jpg\"><img src=\"http:\/\/www.cssr.news\/wp-content\/uploads\/2024\/12\/DSC_7759-1024x683.jpg\" alt=\"\" data-id=\"34892\" data-full-url=\"http:\/\/www.cssr.news\/wp-content\/uploads\/2024\/12\/DSC_7759-scaled.jpg\" data-link=\"https:\/\/www.cssr.news\/?attachment_id=34892\" class=\"wp-image-34892\"\/><\/a><\/figure><\/li><\/ul><\/figure>\n\n\n\n<p>Antes de que comenzara la Misa, el padre Dominic Tr\u1ea7n Thi\u1ec7n Thanh Tr\u00e0, secretario de la Oficina Provincial, ley\u00f3 el Decreto para el A\u00f1o Jubilar firmado el 25 de noviembre de 2024 por el cardenal Angelus De Donatis, de la Penitenciar\u00eda Apost\u00f3lica de Roma.<\/p>\n\n\n\n<p>En su homil\u00eda, el arzobispo Joseph \u0110\u1eb7ng \u0110\u1ee9c Ng\u00e2n enfatiz\u00f3 la gratitud a Dios por sus abundantes bendiciones sobre los Redentoristas y el pueblo de Vietnam. Anim\u00f3 a la Provincia a unirse con Dios y entre s\u00ed para llevar a cabo la misi\u00f3n de evangelizaci\u00f3n, especialmente entre los pobres, los abandonados y los que viven en \u00e1reas remotas.<\/p>\n\n\n\n<p>Al concluir, el Superior Provincial Dominic Nguy\u1ec5n \u0110\u1ee9c Th\u00f4ng expres\u00f3 su sincero agradecimiento a los obispos, el clero, los religiosos, las autoridades civiles y los feligreses por su amor, apoyo y oraciones durante este importante evento.<\/p>\n\n\n\n<p>El d\u00eda finaliz\u00f3 con una comida comunitaria y presentaciones culturales, que trajeron alegr\u00eda a todos. Se dio gracias a Dios y a Nuestra Se\u00f1ora del Perpetuo Socorro por una solemne, fervorosa y alegre apertura del Jubileo.<\/p>\n\n\n\n<p>Padre Anthony Nam, CSsR.<\/p>\n","protected":false},"excerpt":{"rendered":"<p>El 29 de noviembre de 2024 por la tarde, en la parroquia Nuestra Se\u00f1ora del Perpetuo Socorro de Hue, la Provincia Redentorista de Vietnam organiz\u00f3 una noche de espect\u00e1culos culturales para conmemorar los 100 a\u00f1os de presencia de los Redentoristas en Vietnam. Al evento asistieron el arzobispo coadjutor de Hue, Joseph \u0110\u1eb7ng \u0110\u1ee9c Ng\u00e2n, el [&hellip;]<\/p>\n","protected":false},"author":3,"featured_media":25845,"comment_status":"closed","ping_status":"closed","sticky":false,"template":"","format":"standard","meta":[],"categories":[2],"tags":[],"_links":{"self":[{"href":"https:\/\/www.cssr.news\/spanish\/wp-json\/wp\/v2\/posts\/25844"}],"collection":[{"href":"https:\/\/www.cssr.news\/spanish\/wp-json\/wp\/v2\/posts"}],"about":[{"href":"https:\/\/www.cssr.news\/spanish\/wp-json\/wp\/v2\/types\/post"}],"author":[{"embeddable":true,"href":"https:\/\/www.cssr.news\/spanish\/wp-json\/wp\/v2\/users\/3"}],"replies":[{"embeddable":true,"href":"https:\/\/www.cssr.news\/spanish\/wp-json\/wp\/v2\/comments?post=25844"}],"version-history":[{"count":2,"href":"https:\/\/www.cssr.news\/spanish\/wp-json\/wp\/v2\/posts\/25844\/revisions"}],"predecessor-version":[{"id":25847,"href":"https:\/\/www.cssr.news\/spanish\/wp-json\/wp\/v2\/posts\/25844\/revisions\/25847"}],"wp:featuredmedia":[{"embeddable":true,"href":"https:\/\/www.cssr.news\/spanish\/wp-json\/wp\/v2\/media\/25845"}],"wp:attachment":[{"href":"https:\/\/www.cssr.news\/spanish\/wp-json\/wp\/v2\/media?parent=25844"}],"wp:term":[{"taxonomy":"category","embeddable":true,"href":"https:\/\/www.cssr.news\/spanish\/wp-json\/wp\/v2\/categories?post=25844"},{"taxonomy":"post_tag","embeddable":true,"href":"https:\/\/www.cssr.news\/spanish\/wp-json\/wp\/v2\/tags?post=25844"}],"curies":[{"name":"wp","href":"https:\/\/api.w.org\/{rel}","templated":true}]}}