{"id":25848,"date":"2024-12-04T09:12:00","date_gmt":"2024-12-04T07:12:00","guid":{"rendered":"https:\/\/www.cssr.news\/spanish\/?p=25848"},"modified":"2024-12-07T11:40:10","modified_gmt":"2024-12-07T09:40:10","slug":"en-memoria-del-padre-raphael-gallagher-cssr","status":"publish","type":"post","link":"https:\/\/www.cssr.news\/spanish\/2024\/12\/en-memoria-del-padre-raphael-gallagher-cssr\/","title":{"rendered":"En memoria del Padre Raphael Gallagher, CSsR"},"content":{"rendered":"\n<p>Con profundo dolor anunciamos el fallecimiento del Padre Raphael Gallagher, misionero redentorista, miembro de la Provincia de Dubl\u00edn y profesor em\u00e9rito de la Academia Alfonsiana.<\/p>\n\n\n\n<p>Recordamos la contribuci\u00f3n del padre Rafael, particularmente en el estudio de la teolog\u00eda moral y en la vida de tantas personas a las que toc\u00f3 con su ense\u00f1anza, su bondad y su gentileza. As\u00ed escribieron los hermanos de Irlanda, compartiendo el anuncio de su muerte.<\/p>\n\n\n\n<p>El Padre Raphael vivi\u00f3 sus \u00faltimos a\u00f1os en la comunidad redentorista del Monasterio de San Jos\u00e9 en Dundalk, Irlanda. Muri\u00f3 a la edad de 81 a\u00f1os, el 3 de diciembre de 2024. A\u00fan no se ha anunciado la fecha del funeral.<\/p>\n\n\n\n<p>Dale, Se\u00f1or, el descanso eterno.<\/p>\n\n\n\n<p><strong>Biograf\u00eda<\/strong><\/p>\n\n\n\n<p>Raphael Gallagher naci\u00f3 en una peque\u00f1a ciudad (Bailieborough) en el condado de Cavan, Irlanda, el 10 de octubre de 1943. Despu\u00e9s de la educaci\u00f3n primaria en su ciudad natal, Raphael Gallagher recibi\u00f3 su educaci\u00f3n secundaria en el Juniorado Redentorista de Limerick de 1955 a 1960. Despu\u00e9s de su profesi\u00f3n como Redentorista en 1961, se le dio la oportunidad de estudiar una Licenciatura en Artes en la Universidad Nacional de Irlanda en Galway, donde se gradu\u00f3 en 1964. Su educaci\u00f3n como estudiante Redentorista, primero en filosof\u00eda y luego en teolog\u00eda. Estuvo primero en Galway y Dubl\u00edn, donde fue ordenado sacerdote en 1969. Los dos primeros a\u00f1os despu\u00e9s de su ordenaci\u00f3n los pas\u00f3 en Irlanda. Luego fue enviado a estudiar al Alfonsianum en 1971, donde obtuvo su diploma en 1973.<\/p>\n\n\n\n<p>Sus estudios de doctorado lo llevaron primero a Bonn (Alemania), Par\u00eds (Francia) y luego de regreso a Roma, donde se le asign\u00f3 un proyecto de investigaci\u00f3n doctoral en teolog\u00eda sagrada sobre El estatus teol\u00f3gico de la teolog\u00eda moral en 1977.<\/p>\n\n\n\n<p>Durante diez a\u00f1os despu\u00e9s de su doctorado, la vida del Padre Gallagher se centr\u00f3 en la ense\u00f1anza tradicional a nivel de seminario y universidad, principalmente en Irlanda (Kimmage Missionary Faculty, Saint Patrick&#8217;s National Seminary en Maynooth, Milltown Institute of Theology y Trinity College en Dubl\u00edn). Viaj\u00f3 bastante para asistir a conferencias y conferencias y en el a\u00f1o acad\u00e9mico 1984-85 fue profesor invitado en la Universidad Saint Thomas, St. Paul, Minnesota, EE. UU.<\/p>\n\n\n\n<p>Su carrera acad\u00e9mica se vio inesperadamente interrumpida cuando fue elegido Provincial de la Provincia Redentorista de Dubl\u00edn (1987-1993). Despu\u00e9s de un a\u00f1o sab\u00e1tico en Francia, durante el cual trabaj\u00f3 como p\u00e1rroco, fue llamado por sus superiores para ir a Roma como profesor invitado en el Alfonsianum, desde 1995 hasta 2014. Su contribuci\u00f3n al Alfonsianum fue, principalmente, a nivel de ense\u00f1anza en el \u00e1rea sistem\u00e1tica, y tambi\u00e9n el de orientar muchas tesis y trabajos finales. Tambi\u00e9n escribi\u00f3 varios art\u00edculos cient\u00edficos y colabor\u00f3 \u200b\u200bcon varias comisiones de la Academia, incluidos seis a\u00f1os como secretario de la comisi\u00f3n de Edacalf\/Studia Moralia.<\/p>\n\n\n\n<p>Despu\u00e9s de jubilarse, regres\u00f3 a Irlanda, donde se dedic\u00f3 al ministerio pastoral de la comunidad redentorista local y continu\u00f3 sus actividades acad\u00e9micas. En 2019 public\u00f3 el libro \u201cConciencia: Escritos de la teolog\u00eda moral de San Alfonso\u201d, que ofrece una fiel traducci\u00f3n pastoral de la edici\u00f3n latina del tratado sobre la conciencia humana del Fundador de los Redentoristas y aporta comentarios para acercar el texto del siglo XVIII a nuestros d\u00edas.<\/p>\n\n\n\n<p>En Scala News se pueden encontrar <a href=\"https:\/\/www.cssr.news\/spanish\/?s=Gallagher\" data-type=\"URL\" data-id=\"https:\/\/www.cssr.news\/spanish\/?s=Gallagher\">noticias sobre sus \u00faltimas e importancias conferencias y escritos<\/a>.<\/p>\n","protected":false},"excerpt":{"rendered":"<p>Con profundo dolor anunciamos el fallecimiento del Padre Raphael Gallagher, misionero redentorista, miembro de la Provincia de Dubl\u00edn y profesor em\u00e9rito de la Academia Alfonsiana. Recordamos la contribuci\u00f3n del padre Rafael, particularmente en el estudio de la teolog\u00eda moral y en la vida de tantas personas a las que toc\u00f3 con su ense\u00f1anza, su bondad [&hellip;]<\/p>\n","protected":false},"author":3,"featured_media":25849,"comment_status":"closed","ping_status":"closed","sticky":false,"template":"","format":"standard","meta":[],"categories":[15],"tags":[],"_links":{"self":[{"href":"https:\/\/www.cssr.news\/spanish\/wp-json\/wp\/v2\/posts\/25848"}],"collection":[{"href":"https:\/\/www.cssr.news\/spanish\/wp-json\/wp\/v2\/posts"}],"about":[{"href":"https:\/\/www.cssr.news\/spanish\/wp-json\/wp\/v2\/types\/post"}],"author":[{"embeddable":true,"href":"https:\/\/www.cssr.news\/spanish\/wp-json\/wp\/v2\/users\/3"}],"replies":[{"embeddable":true,"href":"https:\/\/www.cssr.news\/spanish\/wp-json\/wp\/v2\/comments?post=25848"}],"version-history":[{"count":1,"href":"https:\/\/www.cssr.news\/spanish\/wp-json\/wp\/v2\/posts\/25848\/revisions"}],"predecessor-version":[{"id":25850,"href":"https:\/\/www.cssr.news\/spanish\/wp-json\/wp\/v2\/posts\/25848\/revisions\/25850"}],"wp:featuredmedia":[{"embeddable":true,"href":"https:\/\/www.cssr.news\/spanish\/wp-json\/wp\/v2\/media\/25849"}],"wp:attachment":[{"href":"https:\/\/www.cssr.news\/spanish\/wp-json\/wp\/v2\/media?parent=25848"}],"wp:term":[{"taxonomy":"category","embeddable":true,"href":"https:\/\/www.cssr.news\/spanish\/wp-json\/wp\/v2\/categories?post=25848"},{"taxonomy":"post_tag","embeddable":true,"href":"https:\/\/www.cssr.news\/spanish\/wp-json\/wp\/v2\/tags?post=25848"}],"curies":[{"name":"wp","href":"https:\/\/api.w.org\/{rel}","templated":true}]}}