{"id":25868,"date":"2024-12-07T11:27:43","date_gmt":"2024-12-07T09:27:43","guid":{"rendered":"https:\/\/www.cssr.news\/spanish\/?p=25868"},"modified":"2024-12-07T11:27:44","modified_gmt":"2024-12-07T09:27:44","slug":"adios-al-p-raphael-gallagher-el-padre-general-recuerda-al-difunto-en-su-carta-al-superior-provincial-de-dublin","status":"publish","type":"post","link":"https:\/\/www.cssr.news\/spanish\/2024\/12\/adios-al-p-raphael-gallagher-el-padre-general-recuerda-al-difunto-en-su-carta-al-superior-provincial-de-dublin\/","title":{"rendered":"Adi\u00f3s al P. Raphael Gallagher. El Padre General recuerda al difunto en su Carta al Superior Provincial de Dubl\u00edn"},"content":{"rendered":"\n<p>P. Rog\u00e9rio Gomes, Superior General de la Congregaci\u00f3n, ha escrito una carta al P. Brandan O&#8217;Rourke, Provincial, y a los cohermanos Redentoristas de la Provincia de Dubl\u00edn que despiden a su difunto cohermano, el P. Raphael Gallagher:<\/p>\n\n\n\n<p><em>En comuni\u00f3n con la Provincia de Dubl\u00edn y el Gobierno General de la Congregaci\u00f3n del Sant\u00edsimo Redentor, damos gracias a Dios por la vida del P. Raphael Gallagher. Su legado trasciende los l\u00edmites de nuestra Congregaci\u00f3n, dejando una huella profunda tanto en la misi\u00f3n redentorista como en la Iglesia universal. Su vida y obra tocaron innumerables corazones, y ser\u00e1 recordado como un verdadero ejemplo de fe, amor y dedicaci\u00f3n al servicio de Cristo y de nuestra misi\u00f3n.<\/em><\/p>\n\n\n\n<p><strong>El funeral del difunto padre Raphael Gallagher tendr\u00e1 lugar el s\u00e1bado 7 de diciembre. La misa se celebrar\u00e1 a las 11 h (hora local),<\/strong><a href=\"https:\/\/www.churchservices.tv\/dundalk\">en directo por Internet en la p\u00e1gina web de la iglesia de San Jos\u00e9<\/a>, seguida del rito f\u00fanebre en el cementerio de San Patricio, Dundalk (A91F598).<\/p>\n\n\n\n<hr class=\"wp-block-separator\"\/>\n\n\n\n<h2><br><strong>Carta del P. General al P. Brendan O&#8217;Rourke con motivo del fallecimiento del P. Gallagher<\/strong><\/h2>\n\n\n\n<p>Roma, 4 diciembre 2024<\/p>\n\n\n\n<p><strong>P.\u00a0Brendan O&#8217;Rourke,\u00a0C.Ss.R<\/strong>,<br>Superior Provincial de Dubl\u00edn<\/p>\n\n\n\n<p>Querido P. Brendan y cohermanos:&nbsp;<\/p>\n\n\n\n<ol type=\"1\"><li>Con profundo pesar hemos recibido la noticia del fallecimiento del P. Raphael Gallagher, un hombre cuya vida fue ejemplo de dedicaci\u00f3n, fe y generosidad. Como misionero redentorista incansable, su impacto en la Congregaci\u00f3n del Sant\u00edsimo Redentor, en la Iglesia y en todos aquellos que tuvieron la fortuna de conocerlo ser\u00e1 recordado siempre con inmensa gratitud y respeto.<\/li><li>Durante su ministerio, el P. Raphael dedic\u00f3 gran parte de su vida a formar a los futuros misioneros redentoristas, compartiendo su vasta sabidur\u00eda teol\u00f3gica y su esp\u00edritu de fe y servicio. Ocup\u00f3 importantes cargos de liderazgo dentro de la Congregaci\u00f3n, desempe\u00f1\u00e1ndose siempre con una humildad genuina y un ardor pastoral inquebrantable. Como profesor de la Pontificia Academia Alfonsiana, dej\u00f3 una huella indeleble, no solo como educador, sino como un pensador profundo. Su reflexi\u00f3n sobre una Teolog\u00eda Moral inclusiva y liberadora se tradujo en un modo de vida comprometido, inspirando a muchos a entender la misi\u00f3n redentorista desde una perspectiva m\u00e1s humana y acogedora.<\/li><li>M\u00e1s all\u00e1 de sus logros acad\u00e9micos, el P. Raphael fue conocido por su cercan\u00eda y calidez hacia sus estudiantes. Era mucho m\u00e1s que un profesor: caminaba junto a ellos, gui\u00e1ndolos y alent\u00e1ndolos a buscar la verdad moral con integridad. Su capacidad para escuchar, comprender y motivar era excepcional. Ve\u00eda en cada estudiante a una persona \u00fanica, con un camino propio, y se entreg\u00f3 plenamente a la formaci\u00f3n de no solo misioneros competentes, sino tambi\u00e9n personas de fe profunda, compasi\u00f3n genuina y un firme compromiso con la misi\u00f3n del Redentor.<\/li><li>En sus \u00faltimos a\u00f1os, el P. Raphael vivi\u00f3 con valent\u00eda su propio v\u00eda crucis, enfrentando el sufrimiento de su enfermedad con una fe serena y firme. Este camino de dolor, que asumi\u00f3 con dignidad, reflejaba de manera conmovedora el sufrimiento redentor de Cristo. A pesar de los constantes desaf\u00edos y hospitalizaciones, nunca dej\u00f3 de mostrar serenidad ni de cumplir con su misi\u00f3n con fidelidad. Su entrega total a la voluntad de Dios, incluso en el sufrimiento, fue un testimonio vivo del amor de Cristo que se ofrece por todos nosotros.<\/li><li>Ahora que el P. Raphael nos ha dejado, sentimos su ausencia profundamente. Sin embargo, reconocemos con gratitud que su vida fue un regalo de Dios para todos nosotros. Fue una verdadera bendici\u00f3n, y por ello, con un coraz\u00f3n agradecido, encomendamos su alma al Se\u00f1or, confiando en la promesa de Jes\u00fas:&nbsp;<em>&#8220;Yo soy la resurrecci\u00f3n y la vida. El que cree en m\u00ed, aunque muera, vivir\u00e1; y todo el que vive creyendo en m\u00ed, no morir\u00e1 jam\u00e1s&#8221; (Jn 11, 25-26).<\/em>&nbsp;La vida del P. Raphael, como misionero redentorista y hombre consagrado, no fue en vano. Cumpli\u00f3 fielmente su misi\u00f3n y ahora descansa en los brazos amorosos del Se\u00f1or.<\/li><li>En comuni\u00f3n con la Provincia de Dubl\u00edn y el Gobierno General de la Congregaci\u00f3n del Sant\u00edsimo Redentor, damos gracias a Dios por la vida del P. Raphael Gallagher. Su legado trasciende los l\u00edmites de nuestra Congregaci\u00f3n, dejando una huella profunda tanto en la misi\u00f3n redentorista como en la Iglesia universal. Su vida y obra tocaron innumerables corazones, y ser\u00e1 recordado como un verdadero ejemplo de fe, amor y dedicaci\u00f3n al servicio de Cristo y de nuestra misi\u00f3n.<\/li><li>Que el P. Rafael descanse en paz, envuelto en la luz eterna del Se\u00f1or. Que su testimonio nos inspire a todos a continuar el camino del Redentor con fe renovada y valent\u00eda. Confiamos en que Nuestra Madre del Perpetuo Socorro lo reciba en sus brazos en la eternidad. A todos nosotros, cohermanos que perseveramos en la misi\u00f3n redentorista y en la esperanza de la Resurrecci\u00f3n, nos anima la certeza de que nuestro querido hermano ya goza plenamente de la presencia de Dios.<\/li><\/ol>\n\n\n\n<p>Fraternalmente<\/p>\n\n\n\n<p>P. Rog\u00e9rio Gomes, C.Ss.R,<br>Superior General<\/p>\n\n\n\n<p><em>Original<\/em><em>: ingl\u00e9s<\/em><\/p>\n\n\n\n<p><\/p>\n","protected":false},"excerpt":{"rendered":"<p>P. Rog\u00e9rio Gomes, Superior General de la Congregaci\u00f3n, ha escrito una carta al P. Brandan O&#8217;Rourke, Provincial, y a los cohermanos Redentoristas de la Provincia de Dubl\u00edn que despiden a su difunto cohermano, el P. Raphael Gallagher: En comuni\u00f3n con la Provincia de Dubl\u00edn y el Gobierno General de la Congregaci\u00f3n del Sant\u00edsimo Redentor, damos [&hellip;]<\/p>\n","protected":false},"author":23,"featured_media":25869,"comment_status":"closed","ping_status":"closed","sticky":false,"template":"","format":"standard","meta":[],"categories":[15],"tags":[],"_links":{"self":[{"href":"https:\/\/www.cssr.news\/spanish\/wp-json\/wp\/v2\/posts\/25868"}],"collection":[{"href":"https:\/\/www.cssr.news\/spanish\/wp-json\/wp\/v2\/posts"}],"about":[{"href":"https:\/\/www.cssr.news\/spanish\/wp-json\/wp\/v2\/types\/post"}],"author":[{"embeddable":true,"href":"https:\/\/www.cssr.news\/spanish\/wp-json\/wp\/v2\/users\/23"}],"replies":[{"embeddable":true,"href":"https:\/\/www.cssr.news\/spanish\/wp-json\/wp\/v2\/comments?post=25868"}],"version-history":[{"count":1,"href":"https:\/\/www.cssr.news\/spanish\/wp-json\/wp\/v2\/posts\/25868\/revisions"}],"predecessor-version":[{"id":25870,"href":"https:\/\/www.cssr.news\/spanish\/wp-json\/wp\/v2\/posts\/25868\/revisions\/25870"}],"wp:featuredmedia":[{"embeddable":true,"href":"https:\/\/www.cssr.news\/spanish\/wp-json\/wp\/v2\/media\/25869"}],"wp:attachment":[{"href":"https:\/\/www.cssr.news\/spanish\/wp-json\/wp\/v2\/media?parent=25868"}],"wp:term":[{"taxonomy":"category","embeddable":true,"href":"https:\/\/www.cssr.news\/spanish\/wp-json\/wp\/v2\/categories?post=25868"},{"taxonomy":"post_tag","embeddable":true,"href":"https:\/\/www.cssr.news\/spanish\/wp-json\/wp\/v2\/tags?post=25868"}],"curies":[{"name":"wp","href":"https:\/\/api.w.org\/{rel}","templated":true}]}}