{"id":25878,"date":"2024-12-10T19:39:34","date_gmt":"2024-12-10T17:39:34","guid":{"rendered":"https:\/\/www.cssr.news\/spanish\/?p=25878"},"modified":"2024-12-10T19:43:44","modified_gmt":"2024-12-10T17:43:44","slug":"un-momento-historico-el-cardenal-redentorista-mykola-bychok-lleva-la-voz-de-ucrania-al-vaticano","status":"publish","type":"post","link":"https:\/\/www.cssr.news\/spanish\/2024\/12\/un-momento-historico-el-cardenal-redentorista-mykola-bychok-lleva-la-voz-de-ucrania-al-vaticano\/","title":{"rendered":"Un momento hist\u00f3rico: el cardenal redentorista Mykola Bychok lleva la voz de Ucrania al Vaticano"},"content":{"rendered":"\n<p>El consistorio celebrado el 7 de diciembre de 2024 en la Bas\u00edlica de San Pedro fue un momento profundo en la vida de la Iglesia cat\u00f3lica. Presidido por el Papa Francisco, elev\u00f3 a 21 nuevos cardenales al Colegio Cardenalicio, ampliando el n\u00famero de miembros a 253. Entre los nuevos miembros, dos destacaron: Su Eminencia Angelo Acerbi, obispo italiano de 99 a\u00f1os, se convirti\u00f3 en el de mayor edad. cardenal, mientras que Su Eminencia Mykola Bychok, obispo ucraniano de 44 a\u00f1os y miembro de la Congregaci\u00f3n de los Redentoristas, se convirti\u00f3 en el m\u00e1s joven.<\/p>\n\n\n\n<figure class=\"wp-block-gallery columns-2 is-cropped\"><ul class=\"blocks-gallery-grid\"><li class=\"blocks-gallery-item\"><figure><a href=\"https:\/\/www.cssr.news\/italian\/wp-content\/uploads\/sites\/2\/2024\/12\/sn241210-CardBychok2.jpeg\"><img src=\"https:\/\/www.cssr.news\/italian\/wp-content\/uploads\/sites\/2\/2024\/12\/sn241210-CardBychok2-1024x683.jpeg\" alt=\"\" data-id=\"27681\" data-full-url=\"https:\/\/www.cssr.news\/italian\/wp-content\/uploads\/sites\/2\/2024\/12\/sn241210-CardBychok2.jpeg\" data-link=\"https:\/\/www.cssr.news\/italian\/?attachment_id=27681\" class=\"wp-image-27681\"\/><\/a><figcaption class=\"blocks-gallery-item__caption\">Il card. Bychok con i confratelli redentoristi dell&#8217;Ucraina.<\/figcaption><\/figure><\/li><li class=\"blocks-gallery-item\"><figure><a href=\"https:\/\/www.cssr.news\/italian\/wp-content\/uploads\/sites\/2\/2024\/12\/sn241210-CardBychok3.jpeg\"><img src=\"https:\/\/www.cssr.news\/italian\/wp-content\/uploads\/sites\/2\/2024\/12\/sn241210-CardBychok3-1024x682.jpeg\" alt=\"\" data-id=\"27682\" data-full-url=\"https:\/\/www.cssr.news\/italian\/wp-content\/uploads\/sites\/2\/2024\/12\/sn241210-CardBychok3.jpeg\" data-link=\"https:\/\/www.cssr.news\/italian\/?attachment_id=27682\" class=\"wp-image-27682\"\/><\/a><figcaption class=\"blocks-gallery-item__caption\">Il card. Bychok con il Governo Generale.<\/figcaption><\/figure><\/li><\/ul><\/figure>\n\n\n\n<p>Para la familia redentorista de todo el mundo, el consistorio fue particularmente importante. El Cardenal Bychok ha dedicado su vida al servicio de los fieles de Ocean\u00eda como obispo de la eparqu\u00eda de los Santos Pedro y Pablo en Melbourne. En declaraciones a Scala News, el cardenal Bychok describi\u00f3 su elevaci\u00f3n como una \u201cprofunda responsabilidad\u201d en estos tiempos dif\u00edciles para Ucrania.<\/p>\n\n\n\n<p><em>A continuaci\u00f3n la entrevista con Su Eminencia el Cardenal Mykola Bychok, CSsR, realizada para Scala News con motivo de su visita a la Curia General de la Congregaci\u00f3n en Roma el 9 de diciembre de 2024<\/em>.<\/p>\n\n\n\n<figure class=\"wp-block-embed is-type-video is-provider-youtube wp-block-embed-youtube wp-embed-aspect-16-9 wp-has-aspect-ratio\"><div class=\"wp-block-embed__wrapper\">\n<iframe title=\"The Youngest Redemptorist Cardinal: An interview with H.E. Card. Mykola Bychok by Fr. Prince CSsR\" width=\"696\" height=\"392\" src=\"https:\/\/www.youtube.com\/embed\/ouvvKVzlKBc?feature=oembed\" frameborder=\"0\" allow=\"accelerometer; autoplay; clipboard-write; encrypted-media; gyroscope; picture-in-picture; web-share\" referrerpolicy=\"strict-origin-when-cross-origin\" allowfullscreen><\/iframe>\n<\/div><\/figure>\n\n\n\n<p><strong>La voz de Ucrania en la Iglesia universal:<\/strong><\/p>\n\n\n\n<p>Al reflexionar sobre su nombramiento, el cardenal Bychok comparti\u00f3: \u201cConociendo los tiempos dif\u00edciles que atraviesa mi pueblo ucraniano debido a la guerra, continuar\u00e9 informando al mundo cat\u00f3lico sobre lo que est\u00e1 sucediendo en nuestra tierra y recordar\u00e9 constantemente a Ucrania\u201d.<\/p>\n\n\n\n<p>Los constantes llamados del Papa para poner fin al sufrimiento de Ucrania resuenan profundamente en el joven cardenal. Subray\u00f3 el papel de la Iglesia como mediadora para una paz justa, no s\u00f3lo en Ucrania sino tambi\u00e9n en otras regiones asoladas por conflictos, como Oriente Medio. \u201cLa paz mundial s\u00f3lo llegar\u00e1 cuando la gente tenga paz en sus corazones, una paz verdadera que provenga del amor de Cristo\u201d, dijo.<\/p>\n\n\n\n<p>La dedicaci\u00f3n del cardenal Bychok a su patria est\u00e1 inspirada en el ejemplo de grandes l\u00edderes de la Iglesia ucraniana, especialmente el cardenal Lubomyr Husar. Recordando la humildad y la sabidur\u00eda del Cardenal Husar, cit\u00f3: \u201cMi sue\u00f1o en la vida es ser un ser humano\u2026 mi oraci\u00f3n es ser un ser humano bueno y normal\u201d.<\/p>\n\n\n\n<p><strong>Ministerio en Ocean\u00eda: Un misionero por la paz<\/strong><\/p>\n\n\n\n<p>Como obispo redentorista que sirvi\u00f3 en Australia, Nueva Zelanda y Ocean\u00eda, el cardenal Bychok enfrent\u00f3 los desaf\u00edos del ministerio en sociedades profundamente seculares. Describi\u00f3 su misi\u00f3n como ayudar a las personas a redescubrir el amor de Dios a trav\u00e9s de los sacramentos y la comunidad de fe.<\/p>\n\n\n\n<p>\u201cEstamos llamados a ser misioneros para ayudar a las personas a ver que la Iglesia es el lugar donde pueden encontrar al Dios vivo de la manera m\u00e1s hermosa, a trav\u00e9s de los Santos Sacramentos, la Confesi\u00f3n y la Comuni\u00f3n\u201d.<\/p>\n\n\n\n<p>El ministerio del cardenal Bychok refleja el carisma redentorista de llegar a los marginados. Una de sus principales preocupaciones pastorales es la secularizaci\u00f3n, que ve como un desaf\u00edo creciente para la Iglesia a nivel mundial. Sin embargo, mantiene la esperanza y subraya que vivir una vida cristiana aut\u00e9ntica puede inspirar a otros a encontrar a Cristo: \u201cEn primer lugar, debemos demostrar con nuestras vidas que vivimos a Cristo, porque cuando otros miren nuestras vidas, ver\u00e1n a trav\u00e9s de nosotros. &#8220;<\/p>\n\n\n\n<figure class=\"wp-block-image size-large\"><a href=\"https:\/\/www.cssr.news\/spanish\/wp-content\/uploads\/sites\/3\/2024\/12\/sn241210-CardBychok4.jpg\"><img width=\"1024\" height=\"524\" src=\"https:\/\/www.cssr.news\/spanish\/wp-content\/uploads\/sites\/3\/2024\/12\/sn241210-CardBychok4-1024x524.jpg\" alt=\"\" class=\"wp-image-25882\" srcset=\"https:\/\/www.cssr.news\/spanish\/wp-content\/uploads\/sites\/3\/2024\/12\/sn241210-CardBychok4-1024x524.jpg 1024w, https:\/\/www.cssr.news\/spanish\/wp-content\/uploads\/sites\/3\/2024\/12\/sn241210-CardBychok4-300x153.jpg 300w, https:\/\/www.cssr.news\/spanish\/wp-content\/uploads\/sites\/3\/2024\/12\/sn241210-CardBychok4-768x393.jpg 768w, https:\/\/www.cssr.news\/spanish\/wp-content\/uploads\/sites\/3\/2024\/12\/sn241210-CardBychok4-1536x785.jpg 1536w, https:\/\/www.cssr.news\/spanish\/wp-content\/uploads\/sites\/3\/2024\/12\/sn241210-CardBychok4-2048x1047.jpg 2048w, https:\/\/www.cssr.news\/spanish\/wp-content\/uploads\/sites\/3\/2024\/12\/sn241210-CardBychok4-696x356.jpg 696w, https:\/\/www.cssr.news\/spanish\/wp-content\/uploads\/sites\/3\/2024\/12\/sn241210-CardBychok4-1068x546.jpg 1068w, https:\/\/www.cssr.news\/spanish\/wp-content\/uploads\/sites\/3\/2024\/12\/sn241210-CardBychok4-821x420.jpg 821w\" sizes=\"(max-width: 1024px) 100vw, 1024px\" \/><\/a><figcaption>El Cardenal Bychok con miembros del Gobierno General en la Comunidad de San Alfonso en Roma<\/figcaption><\/figure>\n\n\n\n<p><strong>Un cardenal con coraz\u00f3n redentorista:<\/strong><\/p>\n\n\n\n<p>Al reflexionar sobre su educaci\u00f3n redentorista, el cardenal Bychok le dio cr\u00e9dito a la comunidad por haber dado forma a su espiritualidad y vocaci\u00f3n. Descubri\u00f3 su vocaci\u00f3n a los 15 a\u00f1os gracias a la gu\u00eda de misioneros redentoristas y mentores espirituales.<\/p>\n\n\n\n<p>\u201cEl celo de los Redentoristas por predicar la Palabra de Dios y su dedicaci\u00f3n a servir a Dios me inspiraron y encendieron el deseo de ser uno de ellos\u201d. Incluso ahora, como cardenal, el carisma redentorista sigue siendo central en su ministerio. Su humildad y compromiso de servicio est\u00e1n en l\u00ednea con la visi\u00f3n del Papa Francisco de los cardenales como &#8220;servidores en lugar de eminencias&#8221;.<\/p>\n\n\n\n<figure class=\"wp-block-gallery columns-2 is-cropped\"><ul class=\"blocks-gallery-grid\"><li class=\"blocks-gallery-item\"><figure><a href=\"https:\/\/www.cssr.news\/italian\/wp-content\/uploads\/sites\/2\/2024\/12\/sn241210-CardBychok5.jpeg\"><img src=\"https:\/\/www.cssr.news\/italian\/wp-content\/uploads\/sites\/2\/2024\/12\/sn241210-CardBychok5-1024x682.jpeg\" alt=\"\" data-id=\"27685\" data-full-url=\"https:\/\/www.cssr.news\/italian\/wp-content\/uploads\/sites\/2\/2024\/12\/sn241210-CardBychok5.jpeg\" data-link=\"https:\/\/www.cssr.news\/italian\/?attachment_id=27685\" class=\"wp-image-27685\"\/><\/a><\/figure><\/li><li class=\"blocks-gallery-item\"><figure><a href=\"https:\/\/www.cssr.news\/italian\/wp-content\/uploads\/sites\/2\/2024\/12\/sn241210-cardBychok6.jpeg\"><img src=\"https:\/\/www.cssr.news\/italian\/wp-content\/uploads\/sites\/2\/2024\/12\/sn241210-cardBychok6-1024x682.jpeg\" alt=\"\" data-id=\"27686\" data-full-url=\"https:\/\/www.cssr.news\/italian\/wp-content\/uploads\/sites\/2\/2024\/12\/sn241210-cardBychok6.jpeg\" data-link=\"https:\/\/www.cssr.news\/italian\/?attachment_id=27686\" class=\"wp-image-27686\"\/><\/a><\/figure><\/li><\/ul><\/figure>\n\n\n\n<p><strong>Una Iglesia global e inclusiva:<\/strong><\/p>\n\n\n\n<p>Este consistorio destac\u00f3 la misi\u00f3n del Papa Francisco de hacer que el Colegio Cardenalicio sea m\u00e1s representativo de la Iglesia universal. Con nuevos miembros de \u00c1frica, Asia y Ocean\u00eda, el Colegio incluye ahora representantes de 90 pa\u00edses. Como uno de los 140 cardenales menores de 80 a\u00f1os con derecho a votar en un c\u00f3nclave papal, el cardenal Bychok aporta una perspectiva \u00fanica como joven l\u00edder y representante de la congregaci\u00f3n redentorista.<\/p>\n\n\n\n<p><strong>Esperanza para el futuro<\/strong>:<\/p>\n\n\n\n<p>Como cardenal m\u00e1s joven, el cardenal Bychok trae consigo la esperanza de una nueva generaci\u00f3n en la Iglesia. Inst\u00f3 a los j\u00f3venes a seguir a Cristo viviendo aut\u00e9nticamente y estando cerca de quienes est\u00e1n abandonados y marginados:<\/p>\n\n\n\n<p>\u201cLa mejor manera de mostrar a Cristo a los j\u00f3venes es seguir su ejemplo: estar cerca de la gente y vivir una vida de servicio\u201d.<\/p>\n\n\n\n<p>La elevaci\u00f3n del Cardenal Bychok al Colegio Cardenalicio es un motivo de orgullo para toda la familia Redentorista y un faro de esperanza para un mundo que anhela la paz, la justicia y el testimonio aut\u00e9ntico. Su voz, arraigada en la fe y moldeada por el servicio, sin duda resonar\u00e1 en los pasillos del Vaticano y m\u00e1s all\u00e1.<\/p>\n\n\n\n<p>El hecho de que el cardenal Mykola Bychok fuera festejado el 9 de diciembre por la comunidad de San Alfonso en Roma dice mucho del respeto y el amor que la comunidad le tiene. Organizar una cena especial como expresi\u00f3n de gratitud es una manera maravillosa de celebrar sus contribuciones y liderazgo. Tambi\u00e9n es profundamente conmovedor ver a los Redentoristas ucranianos reunirse para esta ocasi\u00f3n, destacando la unidad y el apoyo dentro de la Iglesia, especialmente en tiempos dif\u00edciles para Ucrania.<\/p>\n\n\n\n<p>P. Prince Thekkepuram, CSsR.<\/p>\n","protected":false},"excerpt":{"rendered":"<p>El consistorio celebrado el 7 de diciembre de 2024 en la Bas\u00edlica de San Pedro fue un momento profundo en la vida de la Iglesia cat\u00f3lica. Presidido por el Papa Francisco, elev\u00f3 a 21 nuevos cardenales al Colegio Cardenalicio, ampliando el n\u00famero de miembros a 253. Entre los nuevos miembros, dos destacaron: Su Eminencia Angelo [&hellip;]<\/p>\n","protected":false},"author":3,"featured_media":25880,"comment_status":"closed","ping_status":"closed","sticky":false,"template":"","format":"standard","meta":[],"categories":[15],"tags":[],"_links":{"self":[{"href":"https:\/\/www.cssr.news\/spanish\/wp-json\/wp\/v2\/posts\/25878"}],"collection":[{"href":"https:\/\/www.cssr.news\/spanish\/wp-json\/wp\/v2\/posts"}],"about":[{"href":"https:\/\/www.cssr.news\/spanish\/wp-json\/wp\/v2\/types\/post"}],"author":[{"embeddable":true,"href":"https:\/\/www.cssr.news\/spanish\/wp-json\/wp\/v2\/users\/3"}],"replies":[{"embeddable":true,"href":"https:\/\/www.cssr.news\/spanish\/wp-json\/wp\/v2\/comments?post=25878"}],"version-history":[{"count":4,"href":"https:\/\/www.cssr.news\/spanish\/wp-json\/wp\/v2\/posts\/25878\/revisions"}],"predecessor-version":[{"id":25885,"href":"https:\/\/www.cssr.news\/spanish\/wp-json\/wp\/v2\/posts\/25878\/revisions\/25885"}],"wp:featuredmedia":[{"embeddable":true,"href":"https:\/\/www.cssr.news\/spanish\/wp-json\/wp\/v2\/media\/25880"}],"wp:attachment":[{"href":"https:\/\/www.cssr.news\/spanish\/wp-json\/wp\/v2\/media?parent=25878"}],"wp:term":[{"taxonomy":"category","embeddable":true,"href":"https:\/\/www.cssr.news\/spanish\/wp-json\/wp\/v2\/categories?post=25878"},{"taxonomy":"post_tag","embeddable":true,"href":"https:\/\/www.cssr.news\/spanish\/wp-json\/wp\/v2\/tags?post=25878"}],"curies":[{"name":"wp","href":"https:\/\/api.w.org\/{rel}","templated":true}]}}