{"id":25889,"date":"2024-12-11T12:56:09","date_gmt":"2024-12-11T10:56:09","guid":{"rendered":"https:\/\/www.cssr.news\/spanish\/?p=25889"},"modified":"2024-12-11T12:56:10","modified_gmt":"2024-12-11T10:56:10","slug":"ordenacion-sacerdotal-y-primera-misa-del-p-gianluigi-colucci-cssr","status":"publish","type":"post","link":"https:\/\/www.cssr.news\/spanish\/2024\/12\/ordenacion-sacerdotal-y-primera-misa-del-p-gianluigi-colucci-cssr\/","title":{"rendered":"Ordenaci\u00f3n sacerdotal y Primera Misa del P. Gianluigi Colucci CSsR"},"content":{"rendered":"\n<p>Un torbellino de emociones ha conmocionado el coraz\u00f3n de la comunidad redentorista de Francavilla al Mare, en Italia. En la solemnidad de la Inmaculada Concepci\u00f3n, la ciudad de Francavilla vio a uno de sus hijos convertirse en sacerdote.<\/p>\n\n\n\n<p>Gianluigi Colucci, misionero redentorista y natural de Francaville, fue ordenado presb\u00edtero: sacerdote para siempre, a la manera de Melquisedec. La Santa Misa de Ordenaci\u00f3n tuvo lugar el s\u00e1bado 7 de diciembre durante las primeras v\u00edsperas de la Inmaculada Concepci\u00f3n, exactamente un a\u00f1o despu\u00e9s de su Ordenaci\u00f3n Diaconal.<\/p>\n\n\n\n<p>La Parroquia de San Alfonso Mar\u00eda de Liguori acogi\u00f3 la solemne liturgia, y no pod\u00eda ser de otra manera, ya que la Iglesia, adem\u00e1s de ser la Parroquia donde Gianluigi recibi\u00f3 buena parte de los Sacramentos de la Iniciaci\u00f3n Cristiana y donde se ha desarrollado su vocaci\u00f3n Redentorista, y ser\u00e1, durante los pr\u00f3ximos a\u00f1os, el lugar donde ejercer\u00e1 su ministerio sacerdotal.<\/p>\n\n\n\n<figure class=\"wp-block-gallery columns-3 is-cropped\"><ul class=\"blocks-gallery-grid\"><li class=\"blocks-gallery-item\"><figure><a href=\"http:\/\/www.cssr.news\/italian\/wp-content\/uploads\/sites\/2\/2024\/12\/241207-Francavilla-Gianluigi-Colucci1_scaled.jpg\"><img src=\"http:\/\/www.cssr.news\/italian\/wp-content\/uploads\/sites\/2\/2024\/12\/241207-Francavilla-Gianluigi-Colucci1_scaled-1024x682.jpg\" alt=\"\" data-id=\"27702\" data-full-url=\"http:\/\/www.cssr.news\/italian\/wp-content\/uploads\/sites\/2\/2024\/12\/241207-Francavilla-Gianluigi-Colucci1_scaled.jpg\" data-link=\"https:\/\/www.cssr.news\/italian\/?attachment_id=27702\" class=\"wp-image-27702\"\/><\/a><\/figure><\/li><li class=\"blocks-gallery-item\"><figure><a href=\"http:\/\/www.cssr.news\/italian\/wp-content\/uploads\/sites\/2\/2024\/12\/241207-Francavilla-Gianluigi-Colucci28_scaled.jpg\"><img src=\"http:\/\/www.cssr.news\/italian\/wp-content\/uploads\/sites\/2\/2024\/12\/241207-Francavilla-Gianluigi-Colucci28_scaled-1024x682.jpg\" alt=\"\" data-id=\"27721\" data-full-url=\"http:\/\/www.cssr.news\/italian\/wp-content\/uploads\/sites\/2\/2024\/12\/241207-Francavilla-Gianluigi-Colucci28_scaled.jpg\" data-link=\"https:\/\/www.cssr.news\/italian\/?attachment_id=27721\" class=\"wp-image-27721\"\/><\/a><\/figure><\/li><li class=\"blocks-gallery-item\"><figure><a href=\"http:\/\/www.cssr.news\/italian\/wp-content\/uploads\/sites\/2\/2024\/12\/241207-Francavilla-Gianluigi-Colucci23_scaled.jpg\"><img src=\"http:\/\/www.cssr.news\/italian\/wp-content\/uploads\/sites\/2\/2024\/12\/241207-Francavilla-Gianluigi-Colucci23_scaled-1024x682.jpg\" alt=\"\" data-id=\"27713\" data-full-url=\"http:\/\/www.cssr.news\/italian\/wp-content\/uploads\/sites\/2\/2024\/12\/241207-Francavilla-Gianluigi-Colucci23_scaled.jpg\" data-link=\"https:\/\/www.cssr.news\/italian\/?attachment_id=27713\" class=\"wp-image-27713\"\/><\/a><\/figure><\/li><li class=\"blocks-gallery-item\"><figure><a href=\"http:\/\/www.cssr.news\/italian\/wp-content\/uploads\/sites\/2\/2024\/12\/241207-Francavilla-Gianluigi-Colucci22_scaled.jpg\"><img src=\"http:\/\/www.cssr.news\/italian\/wp-content\/uploads\/sites\/2\/2024\/12\/241207-Francavilla-Gianluigi-Colucci22_scaled-1024x682.jpg\" alt=\"\" data-id=\"27714\" data-full-url=\"http:\/\/www.cssr.news\/italian\/wp-content\/uploads\/sites\/2\/2024\/12\/241207-Francavilla-Gianluigi-Colucci22_scaled.jpg\" data-link=\"https:\/\/www.cssr.news\/italian\/?attachment_id=27714\" class=\"wp-image-27714\"\/><\/a><\/figure><\/li><\/ul><\/figure>\n\n\n\n<p>La celebraci\u00f3n estuvo presidida por Mons. Bruno Forte, arzobispo de Chieti \u2013 Vasto y cont\u00f3 con la participaci\u00f3n de numerosos hermanos de toda Italia y m\u00e1s all\u00e1. Durante su formaci\u00f3n, Gianluigi tuvo la gran fortuna de ver nacer lazos y amistades profundas incluso m\u00e1s all\u00e1 de los Alpes y muchos respondieron con alegr\u00eda a su invitaci\u00f3n de celebrar con \u00e9l en estos d\u00edas.<\/p>\n\n\n\n<p>Adem\u00e1s de toda la comunidad redentorista de Francavilla, estuvo presente el P. Gennaro Sorrentino, Provincial de Europa del Sur, cohermanos de nuestras casas de Roma, Bussolengo, San Sperate, Pagani, Frosinone (donde Gianluigi desarroll\u00f3 buena parte de su ministerio diaconal), Materdomini, Rep\u00fablica Checa y Eslovaquia, Ucrania. Tambi\u00e9n prestaron su servicio dos di\u00e1conos permanentes de la parroquia y un nutrido grupo de j\u00f3venes de la misi\u00f3n redentorista en Albania, coordinados por el estudiante Massimo (San Joaqu\u00edn) y hermano Paolo (Materdomini).<\/p>\n\n\n\n<p>Desde los primeros momentos se pudo percibir la gran emoci\u00f3n de la comunidad parroquial all\u00ed reunida y acompa\u00f1ando a Gianluigi en su AQU\u00cd ESTOY definitivo al Se\u00f1or.<\/p>\n\n\n\n<p>El arzobispo tambi\u00e9n mostr\u00f3 emoci\u00f3n en varias ocasiones. A menudo record\u00f3, durante la celebraci\u00f3n, su profunda conexi\u00f3n con los Redentoristas y, sobre todo, con nuestro fundador, San Alfonso. En su homil\u00eda, a partir de las lecturas de la solemnidad, destac\u00f3 claramente la profunda conexi\u00f3n entre San Alfonso y los Redentoristas y la Virgen Inmaculada. \u00c9l, recuerda el Obispo, conf\u00eda en que cualquier pecador, invocando a la Madre Celestial, la encontrar\u00e1 con las manos llenas de misericordia y de gracia.<\/p>\n\n\n\n<p>La celebraci\u00f3n continu\u00f3 con las promesas del elegido y el canto de las Letan\u00edas de los Santos. Tras la imposici\u00f3n de manos del obispo y de todos los sacerdotes presentes, en el silencio general, la emoci\u00f3n de alegr\u00eda y de gracia se hizo casi tangible en los rostros de los presentes y especialmente de los padres. Una emoci\u00f3n que deriv\u00f3 en largos aplausos cuando Gianluigi agradeci\u00f3 a todos los sacerdotes e intercambi\u00f3 con ellos un abrazo de paz.<\/p>\n\n\n\n<figure class=\"wp-block-gallery columns-3 is-cropped\"><ul class=\"blocks-gallery-grid\"><li class=\"blocks-gallery-item\"><figure><a href=\"http:\/\/www.cssr.news\/italian\/wp-content\/uploads\/sites\/2\/2024\/12\/241207-Francavilla-Gianluigi-Colucci16_scaled.jpg\"><img src=\"http:\/\/www.cssr.news\/italian\/wp-content\/uploads\/sites\/2\/2024\/12\/241207-Francavilla-Gianluigi-Colucci16_scaled-1024x682.jpg\" alt=\"\" data-id=\"27722\" data-full-url=\"http:\/\/www.cssr.news\/italian\/wp-content\/uploads\/sites\/2\/2024\/12\/241207-Francavilla-Gianluigi-Colucci16_scaled.jpg\" data-link=\"https:\/\/www.cssr.news\/italian\/?attachment_id=27722\" class=\"wp-image-27722\"\/><\/a><\/figure><\/li><li class=\"blocks-gallery-item\"><figure><a href=\"http:\/\/www.cssr.news\/italian\/wp-content\/uploads\/sites\/2\/2024\/12\/241207-Francavilla-Gianluigi-Colucci14_scaled.jpg\"><img src=\"http:\/\/www.cssr.news\/italian\/wp-content\/uploads\/sites\/2\/2024\/12\/241207-Francavilla-Gianluigi-Colucci14_scaled-1024x682.jpg\" alt=\"\" data-id=\"27720\" data-full-url=\"http:\/\/www.cssr.news\/italian\/wp-content\/uploads\/sites\/2\/2024\/12\/241207-Francavilla-Gianluigi-Colucci14_scaled.jpg\" data-link=\"https:\/\/www.cssr.news\/italian\/?attachment_id=27720\" class=\"wp-image-27720\"\/><\/a><\/figure><\/li><li class=\"blocks-gallery-item\"><figure><a href=\"http:\/\/www.cssr.news\/italian\/wp-content\/uploads\/sites\/2\/2024\/12\/241207-Francavilla-Gianluigi-Colucci12_scaled.jpg\"><img src=\"http:\/\/www.cssr.news\/italian\/wp-content\/uploads\/sites\/2\/2024\/12\/241207-Francavilla-Gianluigi-Colucci12_scaled-1024x682.jpg\" alt=\"\" data-id=\"27716\" data-full-url=\"http:\/\/www.cssr.news\/italian\/wp-content\/uploads\/sites\/2\/2024\/12\/241207-Francavilla-Gianluigi-Colucci12_scaled.jpg\" data-link=\"https:\/\/www.cssr.news\/italian\/?attachment_id=27716\" class=\"wp-image-27716\"\/><\/a><\/figure><\/li><li class=\"blocks-gallery-item\"><figure><a href=\"http:\/\/www.cssr.news\/italian\/wp-content\/uploads\/sites\/2\/2024\/12\/241207-Francavilla-Gianluigi-Colucci10_scaled.jpg\"><img src=\"http:\/\/www.cssr.news\/italian\/wp-content\/uploads\/sites\/2\/2024\/12\/241207-Francavilla-Gianluigi-Colucci10_scaled-1024x682.jpg\" alt=\"\" data-id=\"27717\" data-full-url=\"http:\/\/www.cssr.news\/italian\/wp-content\/uploads\/sites\/2\/2024\/12\/241207-Francavilla-Gianluigi-Colucci10_scaled.jpg\" data-link=\"https:\/\/www.cssr.news\/italian\/?attachment_id=27717\" class=\"wp-image-27717\"\/><\/a><\/figure><\/li><li class=\"blocks-gallery-item\"><figure><a href=\"http:\/\/www.cssr.news\/italian\/wp-content\/uploads\/sites\/2\/2024\/12\/241207-Francavilla-Gianluigi-Colucci18_scaled.jpg\"><img src=\"http:\/\/www.cssr.news\/italian\/wp-content\/uploads\/sites\/2\/2024\/12\/241207-Francavilla-Gianluigi-Colucci18_scaled-1024x682.jpg\" alt=\"\" data-id=\"27709\" data-full-url=\"http:\/\/www.cssr.news\/italian\/wp-content\/uploads\/sites\/2\/2024\/12\/241207-Francavilla-Gianluigi-Colucci18_scaled.jpg\" data-link=\"https:\/\/www.cssr.news\/italian\/?attachment_id=27709\" class=\"wp-image-27709\"\/><\/a><\/figure><\/li><li class=\"blocks-gallery-item\"><figure><a href=\"http:\/\/www.cssr.news\/italian\/wp-content\/uploads\/sites\/2\/2024\/12\/241207-Francavilla-Gianluigi-Colucci9_scaled.jpg\"><img src=\"http:\/\/www.cssr.news\/italian\/wp-content\/uploads\/sites\/2\/2024\/12\/241207-Francavilla-Gianluigi-Colucci9_scaled-1024x682.jpg\" alt=\"\" data-id=\"27725\" data-full-url=\"http:\/\/www.cssr.news\/italian\/wp-content\/uploads\/sites\/2\/2024\/12\/241207-Francavilla-Gianluigi-Colucci9_scaled.jpg\" data-link=\"https:\/\/www.cssr.news\/italian\/?attachment_id=27725\" class=\"wp-image-27725\"\/><\/a><\/figure><\/li><li class=\"blocks-gallery-item\"><figure><a href=\"http:\/\/www.cssr.news\/italian\/wp-content\/uploads\/sites\/2\/2024\/12\/241207-Francavilla-Gianluigi-Colucci5_scaled.jpg\"><img src=\"http:\/\/www.cssr.news\/italian\/wp-content\/uploads\/sites\/2\/2024\/12\/241207-Francavilla-Gianluigi-Colucci5_scaled-1024x682.jpg\" alt=\"\" data-id=\"27701\" data-full-url=\"http:\/\/www.cssr.news\/italian\/wp-content\/uploads\/sites\/2\/2024\/12\/241207-Francavilla-Gianluigi-Colucci5_scaled.jpg\" data-link=\"https:\/\/www.cssr.news\/italian\/?attachment_id=27701\" class=\"wp-image-27701\"\/><\/a><\/figure><\/li><li class=\"blocks-gallery-item\"><figure><a href=\"http:\/\/www.cssr.news\/italian\/wp-content\/uploads\/sites\/2\/2024\/12\/241207-Francavilla-Gianluigi-Colucci2_scaled.jpg\"><img src=\"http:\/\/www.cssr.news\/italian\/wp-content\/uploads\/sites\/2\/2024\/12\/241207-Francavilla-Gianluigi-Colucci2_scaled-1024x682.jpg\" alt=\"\" data-id=\"27703\" data-full-url=\"http:\/\/www.cssr.news\/italian\/wp-content\/uploads\/sites\/2\/2024\/12\/241207-Francavilla-Gianluigi-Colucci2_scaled.jpg\" data-link=\"https:\/\/www.cssr.news\/italian\/?attachment_id=27703\" class=\"wp-image-27703\"\/><\/a><\/figure><\/li><\/ul><\/figure>\n\n\n\n<p>Al d\u00eda siguiente, a las 11.30 horas, la Comunidad se reuni\u00f3 nuevamente en la misma iglesia para la Primera Santa Misa presidida por el P. Gianluigi. El coro juvenil de la PGVR de Francavilla ameniz\u00f3 de manera magistral la celebraci\u00f3n.<\/p>\n\n\n\n<p>Visiblemente emocionado, el P. Gennaro Sorrentino pronunci\u00f3 la homil\u00eda. Definiendo su vocaci\u00f3n como una larga historia de amor e investigaci\u00f3n en el discernimiento de la verdad, fruto de una elecci\u00f3n y entrega al Se\u00f1or. Inspir\u00e1ndose en las lecturas del d\u00eda, dese\u00f3 al nuevo sacerdote que esas palabras se conviertan en un faro brillante para su ministerio.<\/p>\n\n\n\n<figure class=\"wp-block-gallery columns-3 is-cropped\"><ul class=\"blocks-gallery-grid\"><li class=\"blocks-gallery-item\"><figure><a href=\"http:\/\/www.cssr.news\/italian\/wp-content\/uploads\/sites\/2\/2024\/12\/241208-Francavilla-Gianluigi-Colucci4_scaled.jpg\"><img src=\"http:\/\/www.cssr.news\/italian\/wp-content\/uploads\/sites\/2\/2024\/12\/241208-Francavilla-Gianluigi-Colucci4_scaled-1024x682.jpg\" alt=\"\" data-id=\"27695\" data-full-url=\"http:\/\/www.cssr.news\/italian\/wp-content\/uploads\/sites\/2\/2024\/12\/241208-Francavilla-Gianluigi-Colucci4_scaled.jpg\" data-link=\"https:\/\/www.cssr.news\/italian\/?attachment_id=27695\" class=\"wp-image-27695\"\/><\/a><\/figure><\/li><li class=\"blocks-gallery-item\"><figure><a href=\"http:\/\/www.cssr.news\/italian\/wp-content\/uploads\/sites\/2\/2024\/12\/241208-Francavilla-Gianluigi-Colucci5_scaled.jpg\"><img src=\"http:\/\/www.cssr.news\/italian\/wp-content\/uploads\/sites\/2\/2024\/12\/241208-Francavilla-Gianluigi-Colucci5_scaled-1024x682.jpg\" alt=\"\" data-id=\"27694\" data-full-url=\"http:\/\/www.cssr.news\/italian\/wp-content\/uploads\/sites\/2\/2024\/12\/241208-Francavilla-Gianluigi-Colucci5_scaled.jpg\" data-link=\"https:\/\/www.cssr.news\/italian\/?attachment_id=27694\" class=\"wp-image-27694\"\/><\/a><\/figure><\/li><li class=\"blocks-gallery-item\"><figure><a href=\"http:\/\/www.cssr.news\/italian\/wp-content\/uploads\/sites\/2\/2024\/12\/241208-Francavilla-Gianluigi-Colucci2_scaled.jpg\"><img src=\"http:\/\/www.cssr.news\/italian\/wp-content\/uploads\/sites\/2\/2024\/12\/241208-Francavilla-Gianluigi-Colucci2_scaled-1024x682.jpg\" alt=\"\" data-id=\"27692\" data-full-url=\"http:\/\/www.cssr.news\/italian\/wp-content\/uploads\/sites\/2\/2024\/12\/241208-Francavilla-Gianluigi-Colucci2_scaled.jpg\" data-link=\"https:\/\/www.cssr.news\/italian\/?attachment_id=27692\" class=\"wp-image-27692\"\/><\/a><\/figure><\/li><li class=\"blocks-gallery-item\"><figure><a href=\"http:\/\/www.cssr.news\/italian\/wp-content\/uploads\/sites\/2\/2024\/12\/241208-Francavilla-Gianluigi-Colucci1_scaled.jpg\"><img src=\"http:\/\/www.cssr.news\/italian\/wp-content\/uploads\/sites\/2\/2024\/12\/241208-Francavilla-Gianluigi-Colucci1_scaled-1024x682.jpg\" alt=\"\" data-id=\"27693\" data-full-url=\"http:\/\/www.cssr.news\/italian\/wp-content\/uploads\/sites\/2\/2024\/12\/241208-Francavilla-Gianluigi-Colucci1_scaled.jpg\" data-link=\"https:\/\/www.cssr.news\/italian\/?attachment_id=27693\" class=\"wp-image-27693\"\/><\/a><\/figure><\/li><\/ul><\/figure>\n\n\n\n<p>Al final de la celebraci\u00f3n lleg\u00f3 un cordial saludo del P. Massimiliano Guardini (Superior de la Comunidad de Francavilla) a quien sigui\u00f3 el agradecimiento final del P. Gianluigi. Al recordar tantas personas y tantos hermanos que se convirtieron en colaboradores de Dios en su camino vocacional y consagrado, a Gianluigi le fue imposible contener las l\u00e1grimas de gratitud. Finalmente, dedic\u00f3 sus \u00faltimas palabras a su comunidad parroquial, en la que desempe\u00f1ar\u00e1 su nuevo ministerio sacerdotal.<\/p>\n\n\n\n<p>Deseamos al p. Gianluigi un ministerio fecundo y lleno de amor a Dios y al reba\u00f1o que le fue confiado.<\/p>\n\n\n\n<p>p. Fabrizio Podda CSsR<\/p>\n","protected":false},"excerpt":{"rendered":"<p>Un torbellino de emociones ha conmocionado el coraz\u00f3n de la comunidad redentorista de Francavilla al Mare, en Italia. En la solemnidad de la Inmaculada Concepci\u00f3n, la ciudad de Francavilla vio a uno de sus hijos convertirse en sacerdote. Gianluigi Colucci, misionero redentorista y natural de Francaville, fue ordenado presb\u00edtero: sacerdote para siempre, a la manera [&hellip;]<\/p>\n","protected":false},"author":3,"featured_media":25890,"comment_status":"closed","ping_status":"closed","sticky":false,"template":"","format":"standard","meta":[],"categories":[15],"tags":[],"_links":{"self":[{"href":"https:\/\/www.cssr.news\/spanish\/wp-json\/wp\/v2\/posts\/25889"}],"collection":[{"href":"https:\/\/www.cssr.news\/spanish\/wp-json\/wp\/v2\/posts"}],"about":[{"href":"https:\/\/www.cssr.news\/spanish\/wp-json\/wp\/v2\/types\/post"}],"author":[{"embeddable":true,"href":"https:\/\/www.cssr.news\/spanish\/wp-json\/wp\/v2\/users\/3"}],"replies":[{"embeddable":true,"href":"https:\/\/www.cssr.news\/spanish\/wp-json\/wp\/v2\/comments?post=25889"}],"version-history":[{"count":2,"href":"https:\/\/www.cssr.news\/spanish\/wp-json\/wp\/v2\/posts\/25889\/revisions"}],"predecessor-version":[{"id":25896,"href":"https:\/\/www.cssr.news\/spanish\/wp-json\/wp\/v2\/posts\/25889\/revisions\/25896"}],"wp:featuredmedia":[{"embeddable":true,"href":"https:\/\/www.cssr.news\/spanish\/wp-json\/wp\/v2\/media\/25890"}],"wp:attachment":[{"href":"https:\/\/www.cssr.news\/spanish\/wp-json\/wp\/v2\/media?parent=25889"}],"wp:term":[{"taxonomy":"category","embeddable":true,"href":"https:\/\/www.cssr.news\/spanish\/wp-json\/wp\/v2\/categories?post=25889"},{"taxonomy":"post_tag","embeddable":true,"href":"https:\/\/www.cssr.news\/spanish\/wp-json\/wp\/v2\/tags?post=25889"}],"curies":[{"name":"wp","href":"https:\/\/api.w.org\/{rel}","templated":true}]}}