{"id":25892,"date":"2024-12-11T12:49:07","date_gmt":"2024-12-11T10:49:07","guid":{"rendered":"https:\/\/www.cssr.news\/spanish\/?p=25892"},"modified":"2024-12-12T22:50:08","modified_gmt":"2024-12-12T20:50:08","slug":"nicaragua-quien-causa-tanta-alegria-la-concepcion-de-maria","status":"publish","type":"post","link":"https:\/\/www.cssr.news\/spanish\/2024\/12\/nicaragua-quien-causa-tanta-alegria-la-concepcion-de-maria\/","title":{"rendered":"Nicaragua: \u00bfQui\u00e9n causa tanta alegr\u00eda? \u00a1La Concepci\u00f3n de Mar\u00eda!"},"content":{"rendered":"\n<p><em>\u201cEn esta solemnidad de la Inmaculada Concepci\u00f3n de Mar\u00eda, estoy cerca de modo particular de los nicarag\u00fcenses. Os invito a uniros en oraci\u00f3n por la Iglesia y el pueblo de Nicaragua, que celebra la Pur\u00edsima, como Madre y Patrona y eleva a Ella un grito de fe y de esperanza. Que la Madre celestial sea para ellos consuelo en las dificultades y en las incertidumbres, y abra los corazones de todos, para que se busque siempre la v\u00eda de un di\u00e1logo respetuoso y constructivo con el fin de promover la paz, la fraternidad y la armon\u00eda en el pa\u00eds\u201d<\/em>, son las palabras del Santo Padre despu\u00e9s del \u00c1ngelus del 8 de diciembre de este a\u00f1o 2024.<\/p>\n\n\n\n<p>No es com\u00fan que un Papa pida rezar por un pa\u00eds en una de las fiestas marianas m\u00e1s celebradas en el mundo cat\u00f3lico. Hay un motivo, o mejor hay varios motivos por los cuales el Papa Francisco nos invita a interesarnos de lo que sucede en este pa\u00eds de centro Am\u00e9rica.<\/p>\n\n\n\n<p>Recogiendo lo poco que publican las agencias de noticias, conocemos que la Iglesia Cat\u00f3lica en Nicaragua vive una dura persecuci\u00f3n, el encarcelamiento y el exilio, algo que se remonta a a\u00f1os atr\u00e1s, pero que en los \u00faltimos meses se ha recrudecido a\u00fan m\u00e1s. La dictadura nicarag\u00fcense, sabemos, ha expulsado a religiosas, ha cerrado medios de comunicaci\u00f3n cat\u00f3licos, est\u00e1 apoder\u00e1ndose de instituciones y edificios eclesi\u00e1sticos, y ha mandado al exilio o a la c\u00e1rcel a sacerdotes y obispos.<\/p>\n\n\n\n<p>Esta invitaci\u00f3n a la oraci\u00f3n responde a la actual crisis en Nicaragua. El gobierno de Ortega ha expulsado a m\u00e1s de 200 l\u00edderes religiosos y ha detenido a miembros del clero. Recientemente, el presidente de la Conferencia Episcopal, monse\u00f1or Carlos Herrera, obispo de Jinotega, ha sido desterrado, convirti\u00e9ndose en el tercer obispo nicarag\u00fcense expulsado del pa\u00eds en el \u00faltimo a\u00f1o.<\/p>\n\n\n\n<p>Hace pocos d\u00edas, el 2 de diciembre, <a href=\"https:\/\/press.vatican.va\/content\/salastampa\/it\/bollettino\/pubblico\/2024\/12\/02\/0952\/01902.html\">el Santo Padre ha escrito una carta dirigida a los \u201cQueridos hermanos y hermanas en Cristo de la amada Iglesia en Nicaragua\u201d<\/a>. Su escrito comienza con estas palabras: &nbsp;<em>\u201cDesde hace tiempo deseaba escribirles una carta pastoral para reiterar, una vez m\u00e1s, el cari\u00f1o que profeso al pueblo nicarag\u00fcense, que siempre se ha distinguido por un amor extraordinario a Dios, al que ustedes llaman con tanto afecto&nbsp;Papach\u00fa. Estoy con ustedes, especialmente en estos d\u00edas que est\u00e1n realizando la Novena de la Inmaculada Concepci\u00f3n.\u201d<\/em><\/p>\n\n\n\n<p>Son dos cosas importantes para la vida de un pueblo que camina en la historia de Am\u00e9rica central: el afecto hacia Papach\u00fa y la devoci\u00f3n NACIONAL a la patrona de Nicaragua, la Inmaculada Concepci\u00f3n. Efectivamente, dirigirse a Dios con este modo familiar ha sido una fuerza especial para los cat\u00f3licos que se han comprometido en la construcci\u00f3n del Reino ante las dificultades de la sociedad civil en este pa\u00eds de transformaciones hist\u00f3ricas. Mientras que proclamar p\u00fablicamente la devoci\u00f3n a la Inmaculada Concepci\u00f3n se ha vuelto una caracter\u00edstica esencial de los cat\u00f3licos de Nicaragua.<\/p>\n\n\n\n<p>Por esto el Papa les escribe insistiendo en esta fuerza popular<em>: <\/em><em>\u201cNo se olviden de la Providencia amorosa del Se\u00f1or, que nos acompa\u00f1a y es la \u00fanica gu\u00eda segura. Precisamente en los momentos m\u00e1s dif\u00edciles, donde humanamente se vuelve imposible poder entender lo que Dios quiere de nosotros, estamos llamados a no dudar de su cuidado y misericordia. La filial confianza que tienen en \u00c9l y tambi\u00e9n su fidelidad a la Iglesia son los dos grandes faros que iluminan su existencia<\/em>.\u201d<\/p>\n\n\n\n<p>El Santo Padre continua su carta con palabras que poco a poco nos resultan perfumadas de predicaci\u00e0on redentorista:<\/p>\n\n\n\n<p><em>\u201cCaminar juntos apoyados en la tierna devoci\u00f3n a Mar\u00eda nos hace seguir con tes\u00f3n la v\u00eda del Evangelio y nos conduce a renovar nuestra confianza en Dios&#8230; Los encomiendo a la protecci\u00f3n de la Inmaculada Concepci\u00f3n. Ustedes la han elegido como Madre de su pueblo. As\u00ed lo manifiesta ese grito sencillo y profundamente confiado:&nbsp;<strong>Mar\u00eda de Nicaragua, Nicaragua de Mar\u00eda.<\/strong> \u00a1Que as\u00ed sea!\u201d<\/em><\/p>\n\n\n\n<p><strong>Los redentoristas en Nicaragua<\/strong><\/p>\n\n\n\n<p>El pueblo de Nicaragua ha preparado siempre con mucha fe las fiestas de la Virgen. Como lo detalla el padre&nbsp;<strong>Darwin Espinal, CSsR<\/strong>&nbsp;quien trabaja en la parroquia del Sant\u00edsimo Redentor en Managua, capital de Nicaragua. (<a href=\"https:\/\/www.cssr.news\/spanish\/2022\/06\/el-perpetuo-socorro-esta-en-el-corazon-del-pueblo-de-nicaragua\/\">El Perpetuo Socorro, est\u00e1 en el coraz\u00f3n del pueblo de Nicaragua<\/a>)<\/p>\n\n\n\n<p>Como dato curioso, en Nicaragua, el \u00edcono de la Virgen, ha precedido a los misioneros redentoristas, de acuerdo con el libro <em>Santa Mar\u00eda del Perpetuo Socorro, Madre de Misericordia<\/em> (2015), del cohermano <strong>Bosco Rodr\u00edguez Alvarado CSsR<\/strong>, nicarag\u00fcense, existe un \u00f3leo sobre lienzo, que data del a\u00f1o 1914 y que est\u00e1 entronizado en la parroquia del Calvario, en el departamento de Chinandega, a\u00f1o en que todav\u00eda los hijos de San Alfonso, no hab\u00edan llegado a estas tierras de lagos y volcanes.<\/p>\n\n\n\n<p>Actualmente, en un pa\u00eds en crisis donde la Iglesia es perguida cada d\u00eda y se vuelve siempre m\u00e1s dif\u00edcil proclamar el evangelio a los m\u00e1s necesitados, los redentoristas acompa\u00f1an al pueblo de Dios dando testimonio de compromiso con la justicia. En la Parroquia Sant\u00edsimo Redentor de Managua, <a href=\"https:\/\/www.cssr.news\/spanish\/2023\/03\/nicaragua-profesion-perpetua-en-un-pais-en-crisis\/\">el nicaraguense Bismark Antonio Matus hizo su Profesi\u00f3n perpetua el domingo 5 de marzo del 2023<\/a>, y la comunidad parroquial celebr\u00f3 su compromiso.&nbsp;<\/p>\n\n\n\n<p>Pero la familia redentorista no se limita a la presencia f\u00edsica en este pa\u00eds. Est\u00e1n siempre acompa\u00f1ados por la solidaridad internacional que manifiestan las diferentes comunidades en varias partes del mundo. En Am\u00e9rica y en Espa\u00f1a se siguen organizando actividades que fomentan oraci\u00f3n y conciencia de solidaridad para un pa\u00eds libre e creyente.<\/p>\n\n\n\n<figure class=\"wp-block-image size-large\"><a href=\"https:\/\/www.cssr.news\/spanish\/wp-content\/uploads\/sites\/3\/2024\/12\/sn2024_nicaragua_madrid.jpg\"><img width=\"1024\" height=\"590\" src=\"https:\/\/www.cssr.news\/spanish\/wp-content\/uploads\/sites\/3\/2024\/12\/sn2024_nicaragua_madrid-1024x590.jpg\" alt=\"\" class=\"wp-image-25893\" srcset=\"https:\/\/www.cssr.news\/spanish\/wp-content\/uploads\/sites\/3\/2024\/12\/sn2024_nicaragua_madrid-1024x590.jpg 1024w, https:\/\/www.cssr.news\/spanish\/wp-content\/uploads\/sites\/3\/2024\/12\/sn2024_nicaragua_madrid-300x173.jpg 300w, https:\/\/www.cssr.news\/spanish\/wp-content\/uploads\/sites\/3\/2024\/12\/sn2024_nicaragua_madrid-768x443.jpg 768w, https:\/\/www.cssr.news\/spanish\/wp-content\/uploads\/sites\/3\/2024\/12\/sn2024_nicaragua_madrid-696x401.jpg 696w, https:\/\/www.cssr.news\/spanish\/wp-content\/uploads\/sites\/3\/2024\/12\/sn2024_nicaragua_madrid-1068x616.jpg 1068w, https:\/\/www.cssr.news\/spanish\/wp-content\/uploads\/sites\/3\/2024\/12\/sn2024_nicaragua_madrid-728x420.jpg 728w, https:\/\/www.cssr.news\/spanish\/wp-content\/uploads\/sites\/3\/2024\/12\/sn2024_nicaragua_madrid.jpg 1195w\" sizes=\"(max-width: 1024px) 100vw, 1024px\" \/><\/a><figcaption>Parroquia Sant\u00edsimo Redentor en Madrid &#8211; Celebraci\u00f3n por Nicaragua en el 2022<\/figcaption><\/figure>\n\n\n\n<p>Escuchemos la invitaci\u00f3n del Papa para seguir acompa\u00f1ando a nuestros cohermanos en este dif\u00edcil territorio de misi\u00f3n y as\u00ed podamos decir juntos: <strong><em>Mar\u00eda de Nicaragua, Nicaragua de Mar\u00eda<\/em><em>.<\/em><\/strong><em> \u00a1Que as\u00ed sea!\u201d<\/em><\/p>\n\n\n\n<p>(Carlos Espinoza &#8211; Scala News)<\/p>\n","protected":false},"excerpt":{"rendered":"<p>\u201cEn esta solemnidad de la Inmaculada Concepci\u00f3n de Mar\u00eda, estoy cerca de modo particular de los nicarag\u00fcenses. Os invito a uniros en oraci\u00f3n por la Iglesia y el pueblo de Nicaragua, que celebra la Pur\u00edsima, como Madre y Patrona y eleva a Ella un grito de fe y de esperanza. Que la Madre celestial sea [&hellip;]<\/p>\n","protected":false},"author":3,"featured_media":25894,"comment_status":"closed","ping_status":"closed","sticky":false,"template":"","format":"standard","meta":[],"categories":[30],"tags":[],"_links":{"self":[{"href":"https:\/\/www.cssr.news\/spanish\/wp-json\/wp\/v2\/posts\/25892"}],"collection":[{"href":"https:\/\/www.cssr.news\/spanish\/wp-json\/wp\/v2\/posts"}],"about":[{"href":"https:\/\/www.cssr.news\/spanish\/wp-json\/wp\/v2\/types\/post"}],"author":[{"embeddable":true,"href":"https:\/\/www.cssr.news\/spanish\/wp-json\/wp\/v2\/users\/3"}],"replies":[{"embeddable":true,"href":"https:\/\/www.cssr.news\/spanish\/wp-json\/wp\/v2\/comments?post=25892"}],"version-history":[{"count":2,"href":"https:\/\/www.cssr.news\/spanish\/wp-json\/wp\/v2\/posts\/25892\/revisions"}],"predecessor-version":[{"id":25901,"href":"https:\/\/www.cssr.news\/spanish\/wp-json\/wp\/v2\/posts\/25892\/revisions\/25901"}],"wp:featuredmedia":[{"embeddable":true,"href":"https:\/\/www.cssr.news\/spanish\/wp-json\/wp\/v2\/media\/25894"}],"wp:attachment":[{"href":"https:\/\/www.cssr.news\/spanish\/wp-json\/wp\/v2\/media?parent=25892"}],"wp:term":[{"taxonomy":"category","embeddable":true,"href":"https:\/\/www.cssr.news\/spanish\/wp-json\/wp\/v2\/categories?post=25892"},{"taxonomy":"post_tag","embeddable":true,"href":"https:\/\/www.cssr.news\/spanish\/wp-json\/wp\/v2\/tags?post=25892"}],"curies":[{"name":"wp","href":"https:\/\/api.w.org\/{rel}","templated":true}]}}