{"id":25897,"date":"2024-12-12T21:12:14","date_gmt":"2024-12-12T19:12:14","guid":{"rendered":"https:\/\/www.cssr.news\/spanish\/?p=25897"},"modified":"2024-12-12T21:12:15","modified_gmt":"2024-12-12T19:12:15","slug":"encuentro-de-socios-en-la-mision-un-excelente-comienzo-de-adviento","status":"publish","type":"post","link":"https:\/\/www.cssr.news\/spanish\/2024\/12\/encuentro-de-socios-en-la-mision-un-excelente-comienzo-de-adviento\/","title":{"rendered":"Encuentro de socios en la misi\u00f3n: un excelente comienzo de Adviento"},"content":{"rendered":"\n<p>El padre Rastislav Dluh\u00fd CSsR con la pareja de esposos \u017div\u010d\u00e1k y Zamkovsk\u00fd represent\u00f3 a la Provincia de Bratislava \u2013 Praga en el encuentro de Redentoristas y misioneros laicos en N\u00e1poles entre noviembre y diciembre de 2024. El padre Rastislav comparte con nosotros sus impresiones.<\/p>\n\n\n\n<figure class=\"wp-block-image size-large\"><a href=\"http:\/\/www.cssr.news\/spanish\/wp-content\/uploads\/sites\/3\/2024\/12\/sn2024_PIM-CRE-2024-01-1024x576-1.jpg\"><img width=\"1024\" height=\"576\" src=\"http:\/\/www.cssr.news\/spanish\/wp-content\/uploads\/sites\/3\/2024\/12\/sn2024_PIM-CRE-2024-01-1024x576-1.jpg\" alt=\"\" class=\"wp-image-25898\" srcset=\"https:\/\/www.cssr.news\/spanish\/wp-content\/uploads\/sites\/3\/2024\/12\/sn2024_PIM-CRE-2024-01-1024x576-1.jpg 1024w, https:\/\/www.cssr.news\/spanish\/wp-content\/uploads\/sites\/3\/2024\/12\/sn2024_PIM-CRE-2024-01-1024x576-1-300x169.jpg 300w, https:\/\/www.cssr.news\/spanish\/wp-content\/uploads\/sites\/3\/2024\/12\/sn2024_PIM-CRE-2024-01-1024x576-1-768x432.jpg 768w, https:\/\/www.cssr.news\/spanish\/wp-content\/uploads\/sites\/3\/2024\/12\/sn2024_PIM-CRE-2024-01-1024x576-1-696x392.jpg 696w, https:\/\/www.cssr.news\/spanish\/wp-content\/uploads\/sites\/3\/2024\/12\/sn2024_PIM-CRE-2024-01-1024x576-1-747x420.jpg 747w\" sizes=\"(max-width: 1024px) 100vw, 1024px\" \/><\/a><\/figure>\n\n\n\n<p>A veces miro con desgana participar en las grandes reuniones oficiales organizadas por los distintos \u00f3rganos de la Congregaci\u00f3n. Muchas veces me he preguntado, antes de planificar un viaje para participar en un evento como este: \u00bfValdr\u00e1 la pena comprar el billete de avi\u00f3n y cubrir los dem\u00e1s gastos del viaje? \u00bfNo ser\u00eda eso simplemente una p\u00e9rdida de tiempo? \u00bfNos llevar\u00e1 a alguna parte? \u00bfSuceder\u00e1 algo significativo en esta reuni\u00f3n? Estos sentimientos de pesimismo y aprensi\u00f3n se disolvieron al comienzo de la reuni\u00f3n. Fue un momento de gracia, de alegr\u00eda, de pasi\u00f3n y de novedad.<\/p>\n\n\n\n<p>Para m\u00ed fue una agradable sorpresa el encuentro de los representantes de la Misi\u00f3n Compartida, organizado por la Conferencia de Europa en el monasterio de Colle Sant&#8217;Alfonso. Los organizadores, encabezados por Eric Corsius, hicieron un buen trabajo y hay que elogiar su gran paciencia a la hora de gestionar los desaf\u00edos log\u00edsticos y t\u00e9cnicos.<\/p>\n\n\n\n<p>Ver tambi\u00e9n: <a href=\"https:\/\/www.cssr.news\/spanish\/2024\/12\/asamblea-de-los-miembros-de-la-mision-compartida-de-la-conferencia-europea\/\" data-type=\"URL\" data-id=\"https:\/\/www.cssr.news\/spanish\/2024\/12\/asamblea-de-los-miembros-de-la-mision-compartida-de-la-conferencia-europea\/\">Asamblea de la Conferencia Europea de los miembros de la Misi\u00f3n Compartida<\/a><\/p>\n\n\n\n<p>El comienzo del encuentro presagiaba un esp\u00edritu positivo. La oraci\u00f3n de la tarde que hicimos el viernes en la iglesia antes del inicio de la sesi\u00f3n plenaria mostr\u00f3 el hambre de encuentro con Dios. Despu\u00e9s de una hora de alabanza, el superior de la casa tuvo que hacer una se\u00f1al a los que permanec\u00edan en la iglesia y continuaron. Ore para trasladarse al comedor del monasterio para una cena comunitaria. No lejos del imponente Vesubio, en la regi\u00f3n donde vivi\u00f3 San Alfonso, con fuego en el coraz\u00f3n, era como si quisi\u00e9ramos empezar por el cen\u00e1culo, no por el escritorio, ni por las pantallas ni por el micr\u00f3fono. El s\u00e1bado, durante la oraci\u00f3n de la ma\u00f1ana dirigida por la Provincia de Dubl\u00edn, fue como si continuara la experiencia de la presencia de Dios de la tarde. Mientras el compa\u00f1ero irland\u00e9s le\u00eda la Palabra de Dios, nuevamente experiment\u00e9 su poder cautivador.<\/p>\n\n\n\n<figure class=\"wp-block-image size-large\"><a href=\"http:\/\/www.cssr.news\/spanish\/wp-content\/uploads\/sites\/3\/2024\/12\/sn241204-CRE-partnership-e1733243374995.jpg\"><img width=\"1024\" height=\"453\" src=\"http:\/\/www.cssr.news\/spanish\/wp-content\/uploads\/sites\/3\/2024\/12\/sn241204-CRE-partnership-e1733243374995-1024x453.jpg\" alt=\"\" class=\"wp-image-25827\" srcset=\"https:\/\/www.cssr.news\/spanish\/wp-content\/uploads\/sites\/3\/2024\/12\/sn241204-CRE-partnership-e1733243374995-1024x453.jpg 1024w, https:\/\/www.cssr.news\/spanish\/wp-content\/uploads\/sites\/3\/2024\/12\/sn241204-CRE-partnership-e1733243374995-300x133.jpg 300w, https:\/\/www.cssr.news\/spanish\/wp-content\/uploads\/sites\/3\/2024\/12\/sn241204-CRE-partnership-e1733243374995-768x340.jpg 768w, https:\/\/www.cssr.news\/spanish\/wp-content\/uploads\/sites\/3\/2024\/12\/sn241204-CRE-partnership-e1733243374995-1536x680.jpg 1536w, https:\/\/www.cssr.news\/spanish\/wp-content\/uploads\/sites\/3\/2024\/12\/sn241204-CRE-partnership-e1733243374995-696x308.jpg 696w, https:\/\/www.cssr.news\/spanish\/wp-content\/uploads\/sites\/3\/2024\/12\/sn241204-CRE-partnership-e1733243374995-1068x473.jpg 1068w, https:\/\/www.cssr.news\/spanish\/wp-content\/uploads\/sites\/3\/2024\/12\/sn241204-CRE-partnership-e1733243374995-949x420.jpg 949w, https:\/\/www.cssr.news\/spanish\/wp-content\/uploads\/sites\/3\/2024\/12\/sn241204-CRE-partnership-e1733243374995.jpg 1600w\" sizes=\"(max-width: 1024px) 100vw, 1024px\" \/><\/a><\/figure>\n\n\n\n<p>Cuando Ann Walsh de Canad\u00e1 cont\u00f3 su historia de c\u00f3mo Dios gan\u00f3 su coraz\u00f3n, cu\u00e1les fueron sus primeros pasos misioneros y c\u00f3mo Dios literalmente la atrajo a la familia Redentorista, me entristeci\u00f3 que ella solo pudiera hablar con nosotros de forma remota, que yo no pudiera estar con ella en persona por unos minutos. \u00a1Ten\u00eda tantas preguntas dentro de m\u00ed! De su historia entend\u00ed lo importante que es para nosotros los Redentoristas estar con aquellos a quienes el Esp\u00edritu lleva a servir con nosotros en el carisma de San Alfonso, notar lo que brota y cultivarlo. La influencia paternal y prof\u00e9tica que tuvieron en su vida nuestro ex superior general Lasso De la Vega y el entonces maestro de novicios Michael Brehl, es para m\u00ed un fuerte est\u00edmulo para no desaprovechar las oportunidades que Dios me env\u00eda para alentar de la misma manera a los colaboradores laicos. Me encantar\u00eda que todos escucharan el testimonio de Ann Walsh. Quiz\u00e1s alg\u00fan d\u00eda veamos un clip de su testimonio en alg\u00fan lugar de Internet. Me impresion\u00f3 mucho lo bien que conoce nuestro carisma, nuestras constituciones y nuestro estilo de vida. Muchos Redentoristas que no han tenido en sus manos nuestras Constituciones y Estatutos durante a\u00f1os se sentir\u00edan novicios ante ella. Exudaba pasi\u00f3n misionera, madurez de hermana, madre y disc\u00edpula de Jes\u00fas, as\u00ed como un amor devoto por la familia Redentorista.<\/p>\n\n\n\n<p>Cuando escuch\u00e9 todo lo que suced\u00eda en las distintas provincias, lament\u00e9 que nuestra Congregaci\u00f3n supiera tan poco al respecto. Vi muchos signos de vida y esperanza que nosotros en Europa necesitamos conocer. Quiz\u00e1s alg\u00fan d\u00eda habr\u00e1 una serie de art\u00edculos en el sitio web global de Scala News donde los pa\u00edses individuales escribir\u00e1n sobre c\u00f3mo est\u00e1n avanzando hacia el ministerio y c\u00f3mo est\u00e1n sirviendo espec\u00edficamente. Es posible que nos sintamos muy animados e inspirados. Me impresionaron mucho las muchas formas que tom\u00f3 nuestra misi\u00f3n compartida con los laicos. He o\u00eddo hablar de diferentes grados de compromiso con el ministerio. En algunos lugares los misioneros laicos renuevan su compromiso cada a\u00f1o y lo hacen de manera muy solemne.<\/p>\n\n\n\n<p>Nuestros misioneros laicos, con quienes servimos juntos, reciben diversas formas de capacitaci\u00f3n. En algunos lugares incluso estudian con gran inter\u00e9s nuestras constituciones y estatutos. En algunos pa\u00edses nuestros misioneros laicos tambi\u00e9n reciben formaci\u00f3n en teolog\u00eda moral y \u00e9tica. En una provincia, los misioneros laicos incluso dirigieron un retiro basado en los cuatro pilares principales de la espiritualidad alfonsiana. Los misioneros laicos sirven en el anuncio de la Palabra de Dios en misiones parroquiales y evangelizaciones, durante cursos Alpha y escuelas de evangelizaci\u00f3n. Tambi\u00e9n utilizan su creatividad para crear espacios f\u00edsicos o \u201cpuertas\u201d para encontrarse con quienes buscan. Tambi\u00e9n interceden por los fieles durante las novenas a la Madre del Perpetuo Socorro y a San Gerardo. Tambi\u00e9n los encontramos sirviendo con sacrificio en los lugares donde vivieron y trabajaron San Alfonso u otros santos nuestros. Est\u00e1n muy comprometidos con la evangelizaci\u00f3n a trav\u00e9s de los medios de comunicaci\u00f3n. A menudo tambi\u00e9n cuidan de los Redentoristas mayores.<\/p>\n\n\n\n<p>Creo que alg\u00fan d\u00eda cada comunidad de misioneros laicos nos animar\u00e1 con su propia historia. Estar\u00edamos muy contentos si esto sucediera ahora, mientras nos preparamos para el A\u00f1o Jubilar, en el que deseamos reavivar nuestra esperanza de que Dios est\u00e1 obrando hoy y en todas partes. S\u00e9 que con nuestro testimonio fortalecemos nuestra fe y la de los dem\u00e1s. S\u00e9 que las chispas y las llamas pueden saltar de un lugar a otro. As\u00ed funciona el Cuerpo M\u00edstico de Jes\u00fas y nuestra Congregaci\u00f3n.<\/p>\n\n\n\n<p>\u00a1Gracias por este encuentro en N\u00e1poles!<\/p>\n\n\n\n<p>P. Rastislav Dluh\u00fd, CSsR.<\/p>\n","protected":false},"excerpt":{"rendered":"<p>El padre Rastislav Dluh\u00fd CSsR con la pareja de esposos \u017div\u010d\u00e1k y Zamkovsk\u00fd represent\u00f3 a la Provincia de Bratislava \u2013 Praga en el encuentro de Redentoristas y misioneros laicos en N\u00e1poles entre noviembre y diciembre de 2024. El padre Rastislav comparte con nosotros sus impresiones. A veces miro con desgana participar en las grandes reuniones [&hellip;]<\/p>\n","protected":false},"author":3,"featured_media":25899,"comment_status":"closed","ping_status":"closed","sticky":false,"template":"","format":"standard","meta":[],"categories":[32],"tags":[],"_links":{"self":[{"href":"https:\/\/www.cssr.news\/spanish\/wp-json\/wp\/v2\/posts\/25897"}],"collection":[{"href":"https:\/\/www.cssr.news\/spanish\/wp-json\/wp\/v2\/posts"}],"about":[{"href":"https:\/\/www.cssr.news\/spanish\/wp-json\/wp\/v2\/types\/post"}],"author":[{"embeddable":true,"href":"https:\/\/www.cssr.news\/spanish\/wp-json\/wp\/v2\/users\/3"}],"replies":[{"embeddable":true,"href":"https:\/\/www.cssr.news\/spanish\/wp-json\/wp\/v2\/comments?post=25897"}],"version-history":[{"count":1,"href":"https:\/\/www.cssr.news\/spanish\/wp-json\/wp\/v2\/posts\/25897\/revisions"}],"predecessor-version":[{"id":25900,"href":"https:\/\/www.cssr.news\/spanish\/wp-json\/wp\/v2\/posts\/25897\/revisions\/25900"}],"wp:featuredmedia":[{"embeddable":true,"href":"https:\/\/www.cssr.news\/spanish\/wp-json\/wp\/v2\/media\/25899"}],"wp:attachment":[{"href":"https:\/\/www.cssr.news\/spanish\/wp-json\/wp\/v2\/media?parent=25897"}],"wp:term":[{"taxonomy":"category","embeddable":true,"href":"https:\/\/www.cssr.news\/spanish\/wp-json\/wp\/v2\/categories?post=25897"},{"taxonomy":"post_tag","embeddable":true,"href":"https:\/\/www.cssr.news\/spanish\/wp-json\/wp\/v2\/tags?post=25897"}],"curies":[{"name":"wp","href":"https:\/\/api.w.org\/{rel}","templated":true}]}}