{"id":26100,"date":"2025-01-08T10:52:03","date_gmt":"2025-01-08T08:52:03","guid":{"rendered":"https:\/\/www.cssr.news\/spanish\/?p=26100"},"modified":"2025-01-08T10:52:04","modified_gmt":"2025-01-08T08:52:04","slug":"por-que-peregrinar-a-aparecida-durante-el-ano-jubilar","status":"publish","type":"post","link":"https:\/\/www.cssr.news\/spanish\/2025\/01\/por-que-peregrinar-a-aparecida-durante-el-ano-jubilar\/","title":{"rendered":"\u00bfPor qu\u00e9 peregrinar a Aparecida durante el A\u00f1o Jubilar?"},"content":{"rendered":"\n<p>Desde Nochebuena, la Iglesia Cat\u00f3lica vive el Jubileo de la Esperanza, propuesto por el Papa Francisco, donde la Iglesia renueva su fe y promueve la caridad. En Brasil, <strong>el Santuario de Aparecida fue reconocido como una de las Iglesias de Peregrinaci\u00f3n del Jubileo 2025.<\/strong><\/p>\n\n\n\n<p><strong>&#8220;Peregrinos de la esperanza\u201d<\/strong> es el tema del gran encuentro, que invita a los creyentes a vivir un camino espiritual, reflexionando sobre la importancia de la esperanza en tiempos de desaf\u00edos e incertidumbre. La petici\u00f3n del Papa Francisco es alentar acciones concretas del Evangelio, para llevar Poner a Dios en el centro de nuestras vidas y fortalecer nuestra fe como peregrinos para ser cada vez m\u00e1s una Iglesia en salida.<\/p>\n\n\n\n<p><strong>El Santuario de Aparecida fue reconocido como una de las Iglesias de Peregrinaci\u00f3n del Jubileo 2025.<\/strong> El anuncio oficial tuvo lugar en la misa solemne del 12 de octubre de 2024. Durante la celebraci\u00f3n, Don Orlando Brandes, Arzobispo de Aparecida, firm\u00f3 el decreto que declara a ambos, el mayor templo de Brasil y la Bas\u00edlica Hist\u00f3rica, como Iglesias Jubilares de la Arquidi\u00f3cesis.<\/p>\n\n\n\n<p>Los peregrinos que visiten las Bas\u00edlicas de Aparecida durante el per\u00edodo jubilar podr\u00e1n recibir indulgencias plenarias, siempre que cumplan con las condiciones indicadas por la doctrina cat\u00f3lica, como confesi\u00f3n, comuni\u00f3n y oraciones por las intenciones del Papa.<\/p>\n\n\n\n<figure class=\"wp-block-image size-large\"><a href=\"http:\/\/www.cssr.news\/spanish\/wp-content\/uploads\/sites\/3\/2025\/01\/sn2025_aparecida_jubileo02.jpg\"><img width=\"1024\" height=\"648\" src=\"http:\/\/www.cssr.news\/spanish\/wp-content\/uploads\/sites\/3\/2025\/01\/sn2025_aparecida_jubileo02-1024x648.jpg\" alt=\"\" class=\"wp-image-26103\" srcset=\"https:\/\/www.cssr.news\/spanish\/wp-content\/uploads\/sites\/3\/2025\/01\/sn2025_aparecida_jubileo02-1024x648.jpg 1024w, https:\/\/www.cssr.news\/spanish\/wp-content\/uploads\/sites\/3\/2025\/01\/sn2025_aparecida_jubileo02-300x190.jpg 300w, https:\/\/www.cssr.news\/spanish\/wp-content\/uploads\/sites\/3\/2025\/01\/sn2025_aparecida_jubileo02-768x486.jpg 768w, https:\/\/www.cssr.news\/spanish\/wp-content\/uploads\/sites\/3\/2025\/01\/sn2025_aparecida_jubileo02-696x440.jpg 696w, https:\/\/www.cssr.news\/spanish\/wp-content\/uploads\/sites\/3\/2025\/01\/sn2025_aparecida_jubileo02-1068x676.jpg 1068w, https:\/\/www.cssr.news\/spanish\/wp-content\/uploads\/sites\/3\/2025\/01\/sn2025_aparecida_jubileo02-664x420.jpg 664w, https:\/\/www.cssr.news\/spanish\/wp-content\/uploads\/sites\/3\/2025\/01\/sn2025_aparecida_jubileo02.jpg 1252w\" sizes=\"(max-width: 1024px) 100vw, 1024px\" \/><\/a><\/figure>\n\n\n\n<p>Adem\u00e1s de las bas\u00edlicas, otros templos de la Arquidi\u00f3cesis de Aparecida tambi\u00e9n fueron designados como Iglesias Jubilares: la Iglesia Matriz de Nossa Senhora Aparecida y S\u00e3o Benedito, en Aparecida; Iglesia Matriz de Santo Ant\u00f4nio y Santuario Frei Galv\u00e3o, en Guaratinguet\u00e1.<\/p>\n\n\n\n<p><em>&#8220;La peregrinaci\u00f3n es el signo m\u00e1s importante del Jubileo, por eso cada 25 a\u00f1os el Papa convoca un nuevo A\u00f1o Santo, de misericordia, indulgencia y paz en nuestros corazones. Aqu\u00ed en Aparecida, el A\u00f1o Jubilar significa ternura y cari\u00f1o de Dios a trav\u00e9s de la \u00a1Intercesi\u00f3n de Nuestra Se\u00f1ora! \u00a1Nuestras dos bas\u00edlicas son Iglesias Jubilares! \u00a1\u00danase a nosotros, venga a visitar a Nuestra Se\u00f1ora y su Santuario&#8221;<\/em>, invita el rector del Santuario! Nacional, Padre Eduardo Catalfo, C.Ss.R.<\/p>\n\n\n\n<p>Los invitamos a acceder a la p\u00e1gina especial del A\u00f1o Jubilar en la Casa da M\u00e3e Aparecida y a seguir el calendario completo de eventos, noticias y materiales exclusivos que marcar\u00e1n este tiempo especial de gracia y comuni\u00f3n, reuniendo a fieles de Brasil y del mundo de la alegr\u00eda del Evangelio.<\/p>\n\n\n\n<p>Los materiales ser\u00e1n producidos especialmente por toda la Red Aparecida, y la p\u00e1gina se actualizar\u00e1 constantemente, ofreciendo una visi\u00f3n integral del jubileo, desde reflexiones hasta materiales formativos e historias de fe. Todo esto refuerza la invitaci\u00f3n a cada devoto: vivir este A\u00f1o Santo en unidad con toda la Iglesia, asumiendo el llamado a ser \u201cPeregrinos de la Esperanza\u201d. <br>(por <strong>Alberto Andrade<\/strong> de a12.com)<\/p>\n\n\n\n<p>Padre Eduardo Catalfo habla del A\u00f1o Jubilar en Aparecida<\/p>\n\n\n\n<figure class=\"wp-block-embed is-type-video is-provider-youtube wp-block-embed-youtube wp-embed-aspect-16-9 wp-has-aspect-ratio\"><div class=\"wp-block-embed__wrapper\">\n<iframe title=\"Peregrina\u00e7\u00e3o: Sinal importante do Jubileu\" width=\"696\" height=\"392\" src=\"https:\/\/www.youtube.com\/embed\/BiQOWe4iavM?feature=oembed\" frameborder=\"0\" allow=\"accelerometer; autoplay; clipboard-write; encrypted-media; gyroscope; picture-in-picture; web-share\" referrerpolicy=\"strict-origin-when-cross-origin\" allowfullscreen><\/iframe>\n<\/div><\/figure>\n\n\n\n<p><\/p>\n","protected":false},"excerpt":{"rendered":"<p>Desde Nochebuena, la Iglesia Cat\u00f3lica vive el Jubileo de la Esperanza, propuesto por el Papa Francisco, donde la Iglesia renueva su fe y promueve la caridad. En Brasil, el Santuario de Aparecida fue reconocido como una de las Iglesias de Peregrinaci\u00f3n del Jubileo 2025. &#8220;Peregrinos de la esperanza\u201d es el tema del gran encuentro, que [&hellip;]<\/p>\n","protected":false},"author":3,"featured_media":26104,"comment_status":"closed","ping_status":"closed","sticky":false,"template":"","format":"standard","meta":[],"categories":[30],"tags":[],"_links":{"self":[{"href":"https:\/\/www.cssr.news\/spanish\/wp-json\/wp\/v2\/posts\/26100"}],"collection":[{"href":"https:\/\/www.cssr.news\/spanish\/wp-json\/wp\/v2\/posts"}],"about":[{"href":"https:\/\/www.cssr.news\/spanish\/wp-json\/wp\/v2\/types\/post"}],"author":[{"embeddable":true,"href":"https:\/\/www.cssr.news\/spanish\/wp-json\/wp\/v2\/users\/3"}],"replies":[{"embeddable":true,"href":"https:\/\/www.cssr.news\/spanish\/wp-json\/wp\/v2\/comments?post=26100"}],"version-history":[{"count":3,"href":"https:\/\/www.cssr.news\/spanish\/wp-json\/wp\/v2\/posts\/26100\/revisions"}],"predecessor-version":[{"id":26105,"href":"https:\/\/www.cssr.news\/spanish\/wp-json\/wp\/v2\/posts\/26100\/revisions\/26105"}],"wp:featuredmedia":[{"embeddable":true,"href":"https:\/\/www.cssr.news\/spanish\/wp-json\/wp\/v2\/media\/26104"}],"wp:attachment":[{"href":"https:\/\/www.cssr.news\/spanish\/wp-json\/wp\/v2\/media?parent=26100"}],"wp:term":[{"taxonomy":"category","embeddable":true,"href":"https:\/\/www.cssr.news\/spanish\/wp-json\/wp\/v2\/categories?post=26100"},{"taxonomy":"post_tag","embeddable":true,"href":"https:\/\/www.cssr.news\/spanish\/wp-json\/wp\/v2\/tags?post=26100"}],"curies":[{"name":"wp","href":"https:\/\/api.w.org\/{rel}","templated":true}]}}