{"id":26108,"date":"2025-01-09T20:06:45","date_gmt":"2025-01-09T18:06:45","guid":{"rendered":"https:\/\/www.cssr.news\/spanish\/?p=26108"},"modified":"2025-01-09T20:06:47","modified_gmt":"2025-01-09T18:06:47","slug":"brasil-profesion-religiosa-de-diez-jovenes-novicios","status":"publish","type":"post","link":"https:\/\/www.cssr.news\/spanish\/2025\/01\/brasil-profesion-religiosa-de-diez-jovenes-novicios\/","title":{"rendered":"Brasil: Profesi\u00f3n religiosa de diez j\u00f3venes novicios"},"content":{"rendered":"\n<p>El domingo 5, la Congregaci\u00f3n del Sant\u00edsimo Redentor celebr\u00f3 la profesi\u00f3n religiosa de diez j\u00f3venes novicios. Por primera vez profesaron los votos de pobreza, castidad y obediencia en la Congregaci\u00f3n fundada por San Alfonso Mar\u00eda de Ligorio. El tema elegido para la Profesi\u00f3n fue: \u201cPerseverad en la oraci\u00f3n con Mar\u00eda, la Madre de Jes\u00fas\u201d (Hch 1,14) (Const. 26).<\/p>\n\n\n\n<p>Para la Provincia de Nuestra Se\u00f1ora de Aparecida, profesaron sus votos los siguientes novicios: Marco Aur\u00e9lio da Silva, Jorge Am\u00e9rico de Oliveira J\u00fanior y H\u00edtalo Henrique de Jesus Moreira. En la misma celebraci\u00f3n profesaron novicios de otras Unidades Redentoristas: Francisco Daniel Souza Lopes y Neilson Silva dos Santos (Provincia de Brasilia); Thiago de Souza Ba\u00eda (Provincia de Curitiba); Alex Yovanny Dur\u00e1n Rangel, Jorge Luis Quispe Ca\u00f1averal y Mario Alberto Bustamente Garc\u00eda (Provincia Andino-Caribe); y Nahuel Jonathan Lezcano (Provincia de Pedro Donders).<\/p>\n\n\n\n<p>La Misa fue presidida por el P. Marlos Aur\u00e9lio da Silva, C.Ss.R., Superior Provincial de la Provincia de Nuestra Se\u00f1ora de Aparecida, concelebrada por el Maestro de Novicios, P. Jos\u00e9 Mart\u00edn Medina, C.Ss.R., y por el Vocal Maestro P. Pedro Paulo Dal B\u00f3, C.Ss.R. A la celebraci\u00f3n asistieron Mons. Darci Jos\u00e9 Nicioli, C.Ss.R., Arzobispo de Diamantina (MG) y religiosos y religiosas de diversas \u00f3rdenes y congregaciones.<\/p>\n\n\n\n<p>Los votos de pobreza, castidad y obediencia expresan un modo de entregarse radicalmente a Dios. A partir de ese momento, toda la vida estar\u00e1 plenamente disponible para seguir a Cristo.<\/p>\n\n\n\n<p>pic<\/p>\n\n\n\n<p>El Padre Marlos Aur\u00e9lio destac\u00f3 la fase de formaci\u00f3n del Noviciado en la Congregaci\u00f3n:<br>\u201cEl Noviciado es un tiempo intenso y fecundo. Un momento para la contemplaci\u00f3n. No hay otra preocupaci\u00f3n que \u00e9sta, tratar de comprender mejor lo que significa estar consagrado y reservado a Dios. Si has tomado la decisi\u00f3n de seguir este camino es porque algo ha tocado tu coraz\u00f3n. As\u00ed que no dejes que esta identificaci\u00f3n, esta alegr\u00eda que has experimentado, te sea quitada o robada por cosas secundarias\u201d.<\/p>\n\n\n\n<p>En su reflexi\u00f3n, el Superior Provincial de la Provincia Nuestra Se\u00f1ora de Aparecida destac\u00f3 el A\u00f1o Jubilar de la Esperanza y el compromiso de los Redentoristas como \u201cMisioneros de la Esperanza\u201d:<\/p>\n\n\n\n<p>\u201c\u00bfQu\u00e9 nos da confianza? La certeza del Redentor entre nosotros. Queremos seguir siguiendo al Redentor, \u00c9l es nuestra esperanza. Como nos ense\u00f1a el Papa Francisco: la esperanza es audaz, sabe mirar m\u00e1s all\u00e1 de las comodidades personales, de las peque\u00f1as seguridades y de las compensaciones que estrechan el horizonte, para abrirse a los grandes ideales que hacen la vida m\u00e1s bella y digna. Por eso un Redentorista sin esperanza es ya un Redentorista muerto. Los j\u00f3venes, sobre todo, deben tener esperanza e ideales en sus corazones. Nuestra esperanza redentorista es que se\u00e1is misioneros apasionados del Redentor y del pueblo, y dispuestos a gastar vuestros d\u00edas, vuestras energ\u00edas y vuestra vida por la redenci\u00f3n de los abandonados\u201d.<\/p>\n\n\n\n<figure class=\"wp-block-image size-large\"><a href=\"https:\/\/www.cssr.news\/spanish\/wp-content\/uploads\/sites\/3\/2025\/01\/Profissao_Religiosa_2025_-_Foto_oficial.jpg\"><img width=\"1024\" height=\"576\" src=\"https:\/\/www.cssr.news\/spanish\/wp-content\/uploads\/sites\/3\/2025\/01\/Profissao_Religiosa_2025_-_Foto_oficial-1024x576.jpg\" alt=\"\" class=\"wp-image-26110\" srcset=\"https:\/\/www.cssr.news\/spanish\/wp-content\/uploads\/sites\/3\/2025\/01\/Profissao_Religiosa_2025_-_Foto_oficial-1024x576.jpg 1024w, https:\/\/www.cssr.news\/spanish\/wp-content\/uploads\/sites\/3\/2025\/01\/Profissao_Religiosa_2025_-_Foto_oficial-300x169.jpg 300w, https:\/\/www.cssr.news\/spanish\/wp-content\/uploads\/sites\/3\/2025\/01\/Profissao_Religiosa_2025_-_Foto_oficial-768x432.jpg 768w, https:\/\/www.cssr.news\/spanish\/wp-content\/uploads\/sites\/3\/2025\/01\/Profissao_Religiosa_2025_-_Foto_oficial-696x392.jpg 696w, https:\/\/www.cssr.news\/spanish\/wp-content\/uploads\/sites\/3\/2025\/01\/Profissao_Religiosa_2025_-_Foto_oficial-1068x601.jpg 1068w, https:\/\/www.cssr.news\/spanish\/wp-content\/uploads\/sites\/3\/2025\/01\/Profissao_Religiosa_2025_-_Foto_oficial-747x420.jpg 747w, https:\/\/www.cssr.news\/spanish\/wp-content\/uploads\/sites\/3\/2025\/01\/Profissao_Religiosa_2025_-_Foto_oficial.jpg 1280w\" sizes=\"(max-width: 1024px) 100vw, 1024px\" \/><\/a><\/figure>\n\n\n\n<p>El mismo d\u00eda, pero en Bella Vista, Argentina, y en Piedecuesta, Colombia, profesaron sus primeros votos los novicios de la Provincia de Nuestra Se\u00f1ora de Aparecida: Cau\u00e3 Anderson Aparecido Pereira Santos (Colombia) y Rafael J\u00fanior de Lima (Argentina).<\/p>\n\n\n\n<p>\u00a1Bendito sea Dios que llama y felices los que responden generosamente al servicio del Reino!<\/p>\n\n\n\n<p>Mario Pereira, a12.com<\/p>\n\n\n\n<figure class=\"wp-block-embed is-type-video is-provider-youtube wp-block-embed-youtube wp-embed-aspect-16-9 wp-has-aspect-ratio\"><div class=\"wp-block-embed__wrapper\">\n<iframe title=\"Celebra\u00e7\u00e3o Eucar\u00edstica de Profiss\u00e3o Religiosa dos Novi\u00e7os Redentoristas\" width=\"696\" height=\"392\" src=\"https:\/\/www.youtube.com\/embed\/Dn1kf5pmUpM?feature=oembed\" frameborder=\"0\" allow=\"accelerometer; autoplay; clipboard-write; encrypted-media; gyroscope; picture-in-picture; web-share\" referrerpolicy=\"strict-origin-when-cross-origin\" allowfullscreen><\/iframe>\n<\/div><\/figure>\n","protected":false},"excerpt":{"rendered":"<p>El domingo 5, la Congregaci\u00f3n del Sant\u00edsimo Redentor celebr\u00f3 la profesi\u00f3n religiosa de diez j\u00f3venes novicios. Por primera vez profesaron los votos de pobreza, castidad y obediencia en la Congregaci\u00f3n fundada por San Alfonso Mar\u00eda de Ligorio. El tema elegido para la Profesi\u00f3n fue: \u201cPerseverad en la oraci\u00f3n con Mar\u00eda, la Madre de Jes\u00fas\u201d (Hch [&hellip;]<\/p>\n","protected":false},"author":3,"featured_media":26109,"comment_status":"closed","ping_status":"closed","sticky":false,"template":"","format":"standard","meta":[],"categories":[16],"tags":[],"_links":{"self":[{"href":"https:\/\/www.cssr.news\/spanish\/wp-json\/wp\/v2\/posts\/26108"}],"collection":[{"href":"https:\/\/www.cssr.news\/spanish\/wp-json\/wp\/v2\/posts"}],"about":[{"href":"https:\/\/www.cssr.news\/spanish\/wp-json\/wp\/v2\/types\/post"}],"author":[{"embeddable":true,"href":"https:\/\/www.cssr.news\/spanish\/wp-json\/wp\/v2\/users\/3"}],"replies":[{"embeddable":true,"href":"https:\/\/www.cssr.news\/spanish\/wp-json\/wp\/v2\/comments?post=26108"}],"version-history":[{"count":1,"href":"https:\/\/www.cssr.news\/spanish\/wp-json\/wp\/v2\/posts\/26108\/revisions"}],"predecessor-version":[{"id":26111,"href":"https:\/\/www.cssr.news\/spanish\/wp-json\/wp\/v2\/posts\/26108\/revisions\/26111"}],"wp:featuredmedia":[{"embeddable":true,"href":"https:\/\/www.cssr.news\/spanish\/wp-json\/wp\/v2\/media\/26109"}],"wp:attachment":[{"href":"https:\/\/www.cssr.news\/spanish\/wp-json\/wp\/v2\/media?parent=26108"}],"wp:term":[{"taxonomy":"category","embeddable":true,"href":"https:\/\/www.cssr.news\/spanish\/wp-json\/wp\/v2\/categories?post=26108"},{"taxonomy":"post_tag","embeddable":true,"href":"https:\/\/www.cssr.news\/spanish\/wp-json\/wp\/v2\/tags?post=26108"}],"curies":[{"name":"wp","href":"https:\/\/api.w.org\/{rel}","templated":true}]}}