{"id":27938,"date":"2025-07-10T10:20:14","date_gmt":"2025-07-10T08:20:14","guid":{"rendered":"https:\/\/www.cssr.news\/spanish\/?p=27938"},"modified":"2025-07-10T10:20:15","modified_gmt":"2025-07-10T08:20:15","slug":"india-celebracion-de-la-fiesta-del-sagrado-corazon-de-jesus-en-la-iglesia-del-sagrado-corazon-en-nagavalli","status":"publish","type":"post","link":"https:\/\/www.cssr.news\/spanish\/2025\/07\/india-celebracion-de-la-fiesta-del-sagrado-corazon-de-jesus-en-la-iglesia-del-sagrado-corazon-en-nagavalli\/","title":{"rendered":"India: Celebraci\u00f3n de la Fiesta del Sagrado Coraz\u00f3n de Jes\u00fas en la Iglesia del Sagrado Coraz\u00f3n en Nagavalli"},"content":{"rendered":"\n<p>El 6 de julio en Nagavalli &#8211; India, la Iglesia del Sagrado Coraz\u00f3n se llen\u00f3 de fe, color y alegr\u00eda cuando la comunidad parroquial se reuni\u00f3 para celebrar su fiesta patronal. Este evento, que se celebr\u00f3 del 3 al 6 de julio, atrajo a cientos de fieles del pueblo y de las \u00e1reas vecinas.<\/p>\n\n\n\n<p>Las celebraciones comenzaron el 3 de julio con la ceremonia de izada de la bandera, que marc\u00f3 el inicio del triduo en honor al Sagrado Coraz\u00f3n. Cada d\u00eda del triduo estuvo marcado por la oraci\u00f3n fervorosa, una nutrida y entusiasta participaci\u00f3n y una predicaci\u00f3n que cautiv\u00f3 los corazones. El P. Robin Kumar C.Ss.R. fue el predicador del triduo; sus profundas e inspiradoras reflexiones prepararon espiritualmente a los fieles para la fiesta. Su predicaci\u00f3n abord\u00f3 el amor, la misericordia y la compasi\u00f3n que brotan del Sagrado Coraz\u00f3n de Jes\u00fas.<\/p>\n\n\n\n<p>Uno de los momentos m\u00e1s destacados del triduo fue la hermosa procesi\u00f3n con carros aleg\u00f3ricos, que se tuvo el tercer d\u00eda. Esta procesi\u00f3n llev\u00f3 la imagen del Sagrado Coraz\u00f3n con gran reverencia por las calles de Nagavalli. Los vecinos del pueblo llenaron las calles cantando himnos, portando velas y expresando su devoci\u00f3n con gran alegr\u00eda y devoci\u00f3n. La procesi\u00f3n fue un testimonio conmovedor de una profunda fe arraigada en los corazones del pueblo.<\/p>\n\n\n\n<figure class=\"wp-block-gallery columns-3 is-cropped\"><ul class=\"blocks-gallery-grid\"><li class=\"blocks-gallery-item\"><figure><a href=\"http:\/\/www.cssr.news\/wp-content\/uploads\/2025\/07\/WhatsApp-Image-2025-07-08-at-09.48.31.jpeg\"><img src=\"http:\/\/www.cssr.news\/wp-content\/uploads\/2025\/07\/WhatsApp-Image-2025-07-08-at-09.48.31-1024x597.jpeg\" alt=\"\" data-id=\"37708\" data-full-url=\"http:\/\/www.cssr.news\/wp-content\/uploads\/2025\/07\/WhatsApp-Image-2025-07-08-at-09.48.31.jpeg\" data-link=\"https:\/\/www.cssr.news\/?attachment_id=37708\" class=\"wp-image-37708\"\/><\/a><\/figure><\/li><li class=\"blocks-gallery-item\"><figure><a href=\"http:\/\/www.cssr.news\/wp-content\/uploads\/2025\/07\/IMG-20250710-WA0001.jpg\"><img src=\"http:\/\/www.cssr.news\/wp-content\/uploads\/2025\/07\/IMG-20250710-WA0001-1024x683.jpg\" alt=\"\" data-id=\"37711\" data-full-url=\"http:\/\/www.cssr.news\/wp-content\/uploads\/2025\/07\/IMG-20250710-WA0001.jpg\" data-link=\"https:\/\/www.cssr.news\/?attachment_id=37711\" class=\"wp-image-37711\"\/><\/a><\/figure><\/li><li class=\"blocks-gallery-item\"><figure><a href=\"http:\/\/www.cssr.news\/wp-content\/uploads\/2025\/07\/IMG-20250708-WA0003.jpg\"><img src=\"http:\/\/www.cssr.news\/wp-content\/uploads\/2025\/07\/IMG-20250708-WA0003-682x1024.jpg\" alt=\"\" data-id=\"37712\" data-full-url=\"http:\/\/www.cssr.news\/wp-content\/uploads\/2025\/07\/IMG-20250708-WA0003.jpg\" data-link=\"https:\/\/www.cssr.news\/?attachment_id=37712\" class=\"wp-image-37712\"\/><\/a><\/figure><\/li><\/ul><\/figure>\n\n\n\n<p>El d\u00eda de la fiesta, el 6 de julio, fue el punto culminante de la celebraci\u00f3n. Alrededor de 23 sacerdotes se unieron a los fieles para la celebraci\u00f3n de la Misa solemne, convirtiendo la ocasi\u00f3n en un momento verdaderamente memorable y lleno de gracia. El P. Christopher P. fue el celebrante principal, y presidio la Eucarist\u00eda con un esp\u00edritu festivo y un aire solemne. La liturgia, el coro vibrante y la participaci\u00f3n activa de los laicos fueron los canales para que el pueblo expresara una fe viva y una fraternidad profunda<\/p>\n\n\n\n<p>El p\u00e1rroco, P. Anthony Swamy C.Ss.R., organiz\u00f3 cuidadosamente todo el evento, y trabaj\u00f3 incansablemente para que cada detalle fuera preparado con la belleza y dignidad propias de esta celebraci\u00f3n. Su liderazgo y cuidado pastoral fueron profundamente apreciados por los feligreses.<\/p>\n\n\n\n<p>La celebraci\u00f3n cont\u00f3 con la participaci\u00f3n de unas 600 personas, tanto durante los d\u00edas del triduo como el d\u00eda de la fiesta. El evento resalt\u00f3 no solamente por su car\u00e1cter espiritual, sino tambi\u00e9n por la alegr\u00eda del encuentro comunitario, as\u00ed como por la gran devoci\u00f3n del pueblo al Sagrado Coraz\u00f3n de Jes\u00fas.<\/p>\n\n\n\n<p>La Fiesta del Sagrado Coraz\u00f3n en Nagavalli record\u00f3 una vez m\u00e1s a todos los presentes el amor inagotable de Cristo y la fuerza de una comunidad creyente que camina unida, animada por la&nbsp; fe y &nbsp;la esperanza<\/p>\n\n\n\n<p><strong>P. Nirmal Kumar, C.Ss.R.<\/strong><\/p>\n","protected":false},"excerpt":{"rendered":"<p>El 6 de julio en Nagavalli &#8211; India, la Iglesia del Sagrado Coraz\u00f3n se llen\u00f3 de fe, color y alegr\u00eda cuando la comunidad parroquial se reuni\u00f3 para celebrar su fiesta patronal. Este evento, que se celebr\u00f3 del 3 al 6 de julio, atrajo a cientos de fieles del pueblo y de las \u00e1reas vecinas. Las [&hellip;]<\/p>\n","protected":false},"author":21,"featured_media":27939,"comment_status":"closed","ping_status":"closed","sticky":false,"template":"","format":"standard","meta":[],"categories":[40],"tags":[],"_links":{"self":[{"href":"https:\/\/www.cssr.news\/spanish\/wp-json\/wp\/v2\/posts\/27938"}],"collection":[{"href":"https:\/\/www.cssr.news\/spanish\/wp-json\/wp\/v2\/posts"}],"about":[{"href":"https:\/\/www.cssr.news\/spanish\/wp-json\/wp\/v2\/types\/post"}],"author":[{"embeddable":true,"href":"https:\/\/www.cssr.news\/spanish\/wp-json\/wp\/v2\/users\/21"}],"replies":[{"embeddable":true,"href":"https:\/\/www.cssr.news\/spanish\/wp-json\/wp\/v2\/comments?post=27938"}],"version-history":[{"count":1,"href":"https:\/\/www.cssr.news\/spanish\/wp-json\/wp\/v2\/posts\/27938\/revisions"}],"predecessor-version":[{"id":27940,"href":"https:\/\/www.cssr.news\/spanish\/wp-json\/wp\/v2\/posts\/27938\/revisions\/27940"}],"wp:featuredmedia":[{"embeddable":true,"href":"https:\/\/www.cssr.news\/spanish\/wp-json\/wp\/v2\/media\/27939"}],"wp:attachment":[{"href":"https:\/\/www.cssr.news\/spanish\/wp-json\/wp\/v2\/media?parent=27938"}],"wp:term":[{"taxonomy":"category","embeddable":true,"href":"https:\/\/www.cssr.news\/spanish\/wp-json\/wp\/v2\/categories?post=27938"},{"taxonomy":"post_tag","embeddable":true,"href":"https:\/\/www.cssr.news\/spanish\/wp-json\/wp\/v2\/tags?post=27938"}],"curies":[{"name":"wp","href":"https:\/\/api.w.org\/{rel}","templated":true}]}}