{"id":2850,"date":"2016-11-08T16:36:50","date_gmt":"2016-11-08T16:36:50","guid":{"rendered":"http:\/\/www.cssr.news\/spanish\/?p=2850"},"modified":"2016-11-08T16:36:50","modified_gmt":"2016-11-08T16:36:50","slug":"la-bendicion-apostolica-del-papa-francisco-para-el-capitulo-general","status":"publish","type":"post","link":"https:\/\/www.cssr.news\/spanish\/2016\/11\/la-bendicion-apostolica-del-papa-francisco-para-el-capitulo-general\/","title":{"rendered":"La Bendici\u00f3n Apost\u00f3lica del Papa Francisco para el Cap\u00edtulo General"},"content":{"rendered":"<p>Rev. P. General,\u00a0 Michael Brehl C.Ss.R.<\/p>\n<p>Superior General<\/p>\n<p>de la Congregaci\u00f3n del Sant\u00edsimo Redentor<\/p>\n<p>Su Santidad el Papa Francisco agradece ser informado de la celebraci\u00f3n del 25\u00ba Cap\u00edtulo General de la Congregaci\u00f3n del Sant\u00edsimo Redentor que tiene lugar, del 31 de octubre al 26 de noviembre de 2016, en Pattaya, Tailandia. Le asegura a usted y a sus cohermanos su cercan\u00eda espiritual en el momento en que se re\u00fanen para la elecci\u00f3n del nuevo Superior General y su Consejo. Su Santidad est\u00e1 convencido que tanto usted como todos los participantes en el Cap\u00edtulo encontrar\u00e1n una inspiraci\u00f3n renovada en el carisma de la Congregaci\u00f3n y verdadera\u00a0 experiencia de encarnaci\u00f3n del Evangelio a partir de los cuales \u201cbrotan nuevos caminos, m\u00e9todos creativos, otras formas de expresi\u00f3n, signos m\u00e1s elocuentes y palabras cargadas de renovado significado para el mundo actual\u201d(Evangelii Gaudium 11). Encomendando su reuni\u00f3n a la materna intercesi\u00f3n de Mar\u00eda, Madre del Perpetuo Socorro, con agrado Papa Francisco imparte su Bendici\u00f3n Apost\u00f3lica como promesa de gracia y de paz en nuestro Se\u00f1or Jesucristo.<\/p>\n<p>Cardenal Pietro Parolin<\/p>\n<p>Secretario de Estado<\/p>\n<p><a href=\"http:\/\/www.cssr.news\/spanish\/wp-content\/uploads\/sites\/3\/2016\/11\/Letter-Pope-Francis.jpg\"><img class=\"aligncenter wp-image-2852 size-large\" src=\"http:\/\/www.cssr.news\/spanish\/wp-content\/uploads\/sites\/3\/2016\/11\/Letter-Pope-Francis-735x1024.jpg\" alt=\"letter-pope-francis\" width=\"640\" height=\"892\" srcset=\"https:\/\/www.cssr.news\/spanish\/wp-content\/uploads\/sites\/3\/2016\/11\/Letter-Pope-Francis-735x1024.jpg 735w, https:\/\/www.cssr.news\/spanish\/wp-content\/uploads\/sites\/3\/2016\/11\/Letter-Pope-Francis-215x300.jpg 215w, https:\/\/www.cssr.news\/spanish\/wp-content\/uploads\/sites\/3\/2016\/11\/Letter-Pope-Francis-768x1069.jpg 768w, https:\/\/www.cssr.news\/spanish\/wp-content\/uploads\/sites\/3\/2016\/11\/Letter-Pope-Francis-696x969.jpg 696w, https:\/\/www.cssr.news\/spanish\/wp-content\/uploads\/sites\/3\/2016\/11\/Letter-Pope-Francis-1068x1487.jpg 1068w, https:\/\/www.cssr.news\/spanish\/wp-content\/uploads\/sites\/3\/2016\/11\/Letter-Pope-Francis-302x420.jpg 302w\" sizes=\"(max-width: 640px) 100vw, 640px\" \/><\/a><\/p>\n","protected":false},"excerpt":{"rendered":"<p>Rev. P. General,\u00a0 Michael Brehl C.Ss.R. Superior General de la Congregaci\u00f3n del Sant\u00edsimo Redentor Su Santidad el Papa Francisco agradece ser informado de la celebraci\u00f3n del 25\u00ba Cap\u00edtulo General de la Congregaci\u00f3n del Sant\u00edsimo Redentor que tiene lugar, del 31 de octubre al 26 de noviembre de 2016, en Pattaya, Tailandia. Le asegura a usted [&hellip;]<\/p>\n","protected":false},"author":3,"featured_media":2851,"comment_status":"closed","ping_status":"closed","sticky":false,"template":"","format":"standard","meta":[],"categories":[25],"tags":[],"_links":{"self":[{"href":"https:\/\/www.cssr.news\/spanish\/wp-json\/wp\/v2\/posts\/2850"}],"collection":[{"href":"https:\/\/www.cssr.news\/spanish\/wp-json\/wp\/v2\/posts"}],"about":[{"href":"https:\/\/www.cssr.news\/spanish\/wp-json\/wp\/v2\/types\/post"}],"author":[{"embeddable":true,"href":"https:\/\/www.cssr.news\/spanish\/wp-json\/wp\/v2\/users\/3"}],"replies":[{"embeddable":true,"href":"https:\/\/www.cssr.news\/spanish\/wp-json\/wp\/v2\/comments?post=2850"}],"version-history":[{"count":1,"href":"https:\/\/www.cssr.news\/spanish\/wp-json\/wp\/v2\/posts\/2850\/revisions"}],"predecessor-version":[{"id":2853,"href":"https:\/\/www.cssr.news\/spanish\/wp-json\/wp\/v2\/posts\/2850\/revisions\/2853"}],"wp:featuredmedia":[{"embeddable":true,"href":"https:\/\/www.cssr.news\/spanish\/wp-json\/wp\/v2\/media\/2851"}],"wp:attachment":[{"href":"https:\/\/www.cssr.news\/spanish\/wp-json\/wp\/v2\/media?parent=2850"}],"wp:term":[{"taxonomy":"category","embeddable":true,"href":"https:\/\/www.cssr.news\/spanish\/wp-json\/wp\/v2\/categories?post=2850"},{"taxonomy":"post_tag","embeddable":true,"href":"https:\/\/www.cssr.news\/spanish\/wp-json\/wp\/v2\/tags?post=2850"}],"curies":[{"name":"wp","href":"https:\/\/api.w.org\/{rel}","templated":true}]}}