{"id":2860,"date":"2016-11-09T08:30:53","date_gmt":"2016-11-09T08:30:53","guid":{"rendered":"http:\/\/www.cssr.news\/spanish\/?p=2860"},"modified":"2016-11-09T18:32:14","modified_gmt":"2016-11-09T18:32:14","slug":"feliz-cumpleanos-284-c-ss-r","status":"publish","type":"post","link":"https:\/\/www.cssr.news\/spanish\/2016\/11\/feliz-cumpleanos-284-c-ss-r\/","title":{"rendered":"Feliz Cumplea\u00f1os 284\u2026 C.Ss.R"},"content":{"rendered":"<p>A las 7 de la ma\u00f1ana, en una hermosa eucarist\u00eda presidida por el R.P. General, Michael Brehl, dimos gracias a Dios por nuestra Congregaci\u00f3n del Sant\u00edsimo Redentor, que hoy cumple 284 a\u00f1os. Los 101 capitulares y dem\u00e1s cohermanos presentes, renovamos los votos religiosos.<\/p>\n<p>La ma\u00f1ana fue dedicada a trabajo por grupos con base en dos preguntas inspiradas en la secci\u00f3n \u201cMisi\u00f3n Renovada\u201d del documento de trabajo. Las preguntas son:<\/p>\n<p>1.\u00a0\u00a0\u00a0\u00a0 \u00bfC\u00f3mo nos desaf\u00edan la Iglesia y el mundo actualmente?<\/p>\n<p>2.\u00a0\u00a0\u00a0\u00a0 \u00bfEn qu\u00e9 modo nos llama la voz de Dios a trav\u00e9s de los angustiosos interrogantes de los hombres de nuestro tiempo? (Const. 19)<\/p>\n<p>Varios capitulares intervinieron en la plenaria para expresar diversas inquietudes suscitadas por las preguntas.<\/p>\n<p><a href=\"http:\/\/www.cssr.news\/spanish\/wp-content\/uploads\/sites\/3\/2016\/11\/30755925182_2b84f31c8b_k.jpg\"><img class=\"aligncenter size-full wp-image-2862\" src=\"http:\/\/www.cssr.news\/spanish\/wp-content\/uploads\/sites\/3\/2016\/11\/30755925182_2b84f31c8b_k.jpg\" alt=\"30755925182_2b84f31c8b_k\" width=\"2048\" height=\"1365\" srcset=\"https:\/\/www.cssr.news\/spanish\/wp-content\/uploads\/sites\/3\/2016\/11\/30755925182_2b84f31c8b_k.jpg 2048w, https:\/\/www.cssr.news\/spanish\/wp-content\/uploads\/sites\/3\/2016\/11\/30755925182_2b84f31c8b_k-300x200.jpg 300w, https:\/\/www.cssr.news\/spanish\/wp-content\/uploads\/sites\/3\/2016\/11\/30755925182_2b84f31c8b_k-768x512.jpg 768w, https:\/\/www.cssr.news\/spanish\/wp-content\/uploads\/sites\/3\/2016\/11\/30755925182_2b84f31c8b_k-1024x683.jpg 1024w, https:\/\/www.cssr.news\/spanish\/wp-content\/uploads\/sites\/3\/2016\/11\/30755925182_2b84f31c8b_k-696x464.jpg 696w, https:\/\/www.cssr.news\/spanish\/wp-content\/uploads\/sites\/3\/2016\/11\/30755925182_2b84f31c8b_k-1068x712.jpg 1068w, https:\/\/www.cssr.news\/spanish\/wp-content\/uploads\/sites\/3\/2016\/11\/30755925182_2b84f31c8b_k-630x420.jpg 630w\" sizes=\"(max-width: 2048px) 100vw, 2048px\" \/><\/a>Despu\u00e9s del descanso y basados en las Normas de procedimiento, n\u00famero 980.4, b,\u00a0 \u201cEn su momento, antes de la elecci\u00f3n del Superior General, se tendr\u00e1 una votaci\u00f3n indicativa, no vinculante y secreta sobre los posibles candidatos\u2026\u201d, fuimos invitados a realizar esta votaci\u00f3n. La comisi\u00f3n de escrutadores se retir\u00f3 para contar los votos y, mientras tanto, nos reunimos nuevamente por grupos para dialogar sobre las 5 propuestas de Misi\u00f3n Renovada y Solidaridad con los Pobres.<\/p>\n<p>A las 12: 15 se dieron a conocer los resultados de la votaci\u00f3n indicativa:<\/p>\n<p>P. Michael Brehl\u00a0\u00a0\u00a0\u00a0\u00a0\u00a0\u00a0\u00a0\u00a0\u00a0\u00a0\u00a0\u00a0\u00a0\u00a0\u00a0\u00a0\u00a0\u00a0\u00a0 89<\/p>\n<p>P. Pedro L\u00f3pez\u00a0\u00a0\u00a0\u00a0\u00a0\u00a0\u00a0\u00a0\u00a0\u00a0\u00a0\u00a0\u00a0\u00a0\u00a0\u00a0\u00a0\u00a0\u00a0\u00a0\u00a0\u00a0 16<\/p>\n<p>P. Rogeiro Gomes\u00a0\u00a0\u00a0\u00a0\u00a0\u00a0\u00a0\u00a0\u00a0\u00a0\u00a0\u00a0\u00a0\u00a0\u00a0\u00a0\u00a0\u00a0 9<\/p>\n<p>P. Enrique L\u00f3pez\u00a0\u00a0\u00a0\u00a0\u00a0\u00a0\u00a0\u00a0\u00a0\u00a0\u00a0\u00a0\u00a0\u00a0\u00a0\u00a0\u00a0\u00a0\u00a0 7<\/p>\n<p>P. Johannes R\u00f6melt\u00a0\u00a0\u00a0\u00a0\u00a0\u00a0\u00a0\u00a0\u00a0\u00a0\u00a0\u00a0\u00a0\u00a0\u00a0 5<\/p>\n<p>P. Serafino Fiore\u00a0\u00a0\u00a0\u00a0\u00a0\u00a0\u00a0\u00a0\u00a0\u00a0\u00a0\u00a0\u00a0\u00a0\u00a0\u00a0\u00a0\u00a0\u00a0\u00a0 5<\/p>\n<p>Sigue una lista larga de cohermanos con menos votos.<\/p>\n<p>En la tarde habr\u00e1 votaci\u00f3n para la elecci\u00f3n de Superior General. Se requieren dos tercios\u2026 68 votos.<\/p>\n","protected":false},"excerpt":{"rendered":"<p>A las 7 de la ma\u00f1ana, en una hermosa eucarist\u00eda presidida por el R.P. General, Michael Brehl, dimos gracias a Dios por nuestra Congregaci\u00f3n del Sant\u00edsimo Redentor, que hoy cumple 284 a\u00f1os. Los 101 capitulares y dem\u00e1s cohermanos presentes, renovamos los votos religiosos. La ma\u00f1ana fue dedicada a trabajo por grupos con base en dos [&hellip;]<\/p>\n","protected":false},"author":1,"featured_media":2861,"comment_status":"closed","ping_status":"closed","sticky":false,"template":"","format":"standard","meta":[],"categories":[25],"tags":[],"_links":{"self":[{"href":"https:\/\/www.cssr.news\/spanish\/wp-json\/wp\/v2\/posts\/2860"}],"collection":[{"href":"https:\/\/www.cssr.news\/spanish\/wp-json\/wp\/v2\/posts"}],"about":[{"href":"https:\/\/www.cssr.news\/spanish\/wp-json\/wp\/v2\/types\/post"}],"author":[{"embeddable":true,"href":"https:\/\/www.cssr.news\/spanish\/wp-json\/wp\/v2\/users\/1"}],"replies":[{"embeddable":true,"href":"https:\/\/www.cssr.news\/spanish\/wp-json\/wp\/v2\/comments?post=2860"}],"version-history":[{"count":1,"href":"https:\/\/www.cssr.news\/spanish\/wp-json\/wp\/v2\/posts\/2860\/revisions"}],"predecessor-version":[{"id":2863,"href":"https:\/\/www.cssr.news\/spanish\/wp-json\/wp\/v2\/posts\/2860\/revisions\/2863"}],"wp:featuredmedia":[{"embeddable":true,"href":"https:\/\/www.cssr.news\/spanish\/wp-json\/wp\/v2\/media\/2861"}],"wp:attachment":[{"href":"https:\/\/www.cssr.news\/spanish\/wp-json\/wp\/v2\/media?parent=2860"}],"wp:term":[{"taxonomy":"category","embeddable":true,"href":"https:\/\/www.cssr.news\/spanish\/wp-json\/wp\/v2\/categories?post=2860"},{"taxonomy":"post_tag","embeddable":true,"href":"https:\/\/www.cssr.news\/spanish\/wp-json\/wp\/v2\/tags?post=2860"}],"curies":[{"name":"wp","href":"https:\/\/api.w.org\/{rel}","templated":true}]}}