{"id":2920,"date":"2016-11-15T18:13:08","date_gmt":"2016-11-15T18:13:08","guid":{"rendered":"http:\/\/www.cssr.news\/spanish\/?p=2920"},"modified":"2016-11-15T18:13:08","modified_gmt":"2016-11-15T18:13:08","slug":"tarde-de-escucha-noche-de-reflexion","status":"publish","type":"post","link":"https:\/\/www.cssr.news\/spanish\/2016\/11\/tarde-de-escucha-noche-de-reflexion\/","title":{"rendered":"Tarde de escucha\u2026 Noche de reflexi\u00f3n"},"content":{"rendered":"<p style=\"text-align: justify;\">Noviembre 15. A las 15 horas la Viceprovincia de Matadi (Rep\u00fablica Democr\u00e1tica del Congo) se encarg\u00f3 de la oraci\u00f3n de la tarde. Parte en Ingl\u00e9s, parte en Franc\u00e9s, que es la lengua que normalmente hablan all\u00ed nuestros cohermanos. Fuimos motivados sobre nuestro lema Redentorista: La Copiosa Redenci\u00f3n en Cristo. Esta es la finalidad de la acci\u00f3n misionera, seg\u00fan nuestras constituciones 11 y 12. Anunciar la redenci\u00f3n copiosa de Cristo, llevar a una radical opci\u00f3n de vida nueva en \u00c9l y congregarse en comunidad y en Iglesia para vivir en la fraternidad del reino.<\/p>\n<p style=\"text-align: justify;\">El P. Am\u00e9rico De Oliveira, de la Provincia de Rio, celebra 19 a\u00f1os de ordenaci\u00f3n y es felicitado por la asamblea capitular.<\/p>\n<p style=\"text-align: justify;\">Se aprueban por amplia votaci\u00f3n positiva las actas del jueves 10 de noviembre, despu\u00e9s de hacerle las correcciones sugeridas por v\u00eda e-mail.<\/p>\n<p style=\"text-align: justify;\">La mesa de moderadores presenta a los capitulares el trabajo de la tarde. Ser\u00e1 una tarde de \u201cescucha\u201d. Se formulan dos preguntas: \u00bfQu\u00e9 temas parece que no se han tratado suficientemente en el Cap\u00edtulo? y, \u00bfqu\u00e9 sugiere sobre esos particulares temas?<\/p>\n<p style=\"text-align: justify;\">Se va a un trabajo de grupos, hasta las 16:30.<\/p>\n<p style=\"text-align: justify;\">Se tiene luego un largo plenario, con las resonancias de lo hablado en los grupos.<\/p>\n<p style=\"text-align: justify;\">El P. General trata de hacer un resumen de lo acontecido en el plenario: S\u00f3lo intervinieron 19, de modo que el sentir completo del Cap\u00edtulo no est\u00e1 completamente reflejado en lo dicho. Se han tratado temas como: estructuras y reestructuraci\u00f3n, la importancia de escuchar al mundo, al pueblo, a la Iglesia. Preocupaci\u00f3n por lo que hacemos y los requerimientos de la misi\u00f3n que nos pide priorizar y decidir; temas de autenticidad de la vida religiosa, de la formaci\u00f3n, de la solidaridad y algunas referencias sobre las intervenciones de algunos capitulares sobre el papel de los moderadores y el modo como han dirigido la marcha del Cap\u00edtulo.<\/p>\n<p style=\"text-align: justify;\"><a href=\"http:\/\/www.cssr.news\/spanish\/wp-content\/uploads\/sites\/3\/2016\/11\/30904017581_6cedc005be_k.jpg\"><img class=\"aligncenter size-full wp-image-2922\" src=\"http:\/\/www.cssr.news\/spanish\/wp-content\/uploads\/sites\/3\/2016\/11\/30904017581_6cedc005be_k.jpg\" alt=\"30904017581_6cedc005be_k\" width=\"2048\" height=\"1365\" srcset=\"https:\/\/www.cssr.news\/spanish\/wp-content\/uploads\/sites\/3\/2016\/11\/30904017581_6cedc005be_k.jpg 2048w, https:\/\/www.cssr.news\/spanish\/wp-content\/uploads\/sites\/3\/2016\/11\/30904017581_6cedc005be_k-300x200.jpg 300w, https:\/\/www.cssr.news\/spanish\/wp-content\/uploads\/sites\/3\/2016\/11\/30904017581_6cedc005be_k-768x512.jpg 768w, https:\/\/www.cssr.news\/spanish\/wp-content\/uploads\/sites\/3\/2016\/11\/30904017581_6cedc005be_k-1024x683.jpg 1024w, https:\/\/www.cssr.news\/spanish\/wp-content\/uploads\/sites\/3\/2016\/11\/30904017581_6cedc005be_k-696x464.jpg 696w, https:\/\/www.cssr.news\/spanish\/wp-content\/uploads\/sites\/3\/2016\/11\/30904017581_6cedc005be_k-1068x712.jpg 1068w, https:\/\/www.cssr.news\/spanish\/wp-content\/uploads\/sites\/3\/2016\/11\/30904017581_6cedc005be_k-630x420.jpg 630w\" sizes=\"(max-width: 2048px) 100vw, 2048px\" \/><\/a>Invita a todos a una reflexi\u00f3n muy personal y en conciencia sobre lo que ha hecho en cada sesi\u00f3n y las actitudes ante el Cap\u00edtulo. Invita a compartir fraternalmente con alguien m\u00e1s lo meditado. Pide tambi\u00e9n a la mesa de moderadores una revisi\u00f3n de su gesti\u00f3n, escuchando lo dicho y planteando lo mejor para la buena marcha del Cap\u00edtulo.<\/p>\n<p style=\"text-align: justify;\">Los moderadores entregan un nuevo documento de postulados alternativos presentados por los grupos en d\u00edas anteriores, para clarificarlos y tener la suficiente informaci\u00f3n que permita proceder a una votaci\u00f3n bien fundamentada. Cuatro secretarios leen los reportes consolidados de 12 grupos de trabajo, sobre las propuestas y postulados trabajados ayer principalmente sobre el tema RENOVADOS CORAZONES.<\/p>\n<p style=\"text-align: justify;\">Con esta iluminaci\u00f3n la asamblea queda lista para votar ma\u00f1ana un paquete de postulados. Se terminan las sesiones del d\u00eda. Los secretarios son invitados a reunirse para reportar a la mesa moderadora el estado actual de la reflexi\u00f3n hecha hoy sobre los postulados del tema 3, RENOVADAS ESTRUCTURAS.<\/p>\n<p>P. Jorge G\u00f3mez Rueda, CSsR<\/p>\n","protected":false},"excerpt":{"rendered":"<p>Noviembre 15. A las 15 horas la Viceprovincia de Matadi (Rep\u00fablica Democr\u00e1tica del Congo) se encarg\u00f3 de la oraci\u00f3n de la tarde. Parte en Ingl\u00e9s, parte en Franc\u00e9s, que es la lengua que normalmente hablan all\u00ed nuestros cohermanos. Fuimos motivados sobre nuestro lema Redentorista: La Copiosa Redenci\u00f3n en Cristo. Esta es la finalidad de la [&hellip;]<\/p>\n","protected":false},"author":1,"featured_media":2921,"comment_status":"closed","ping_status":"closed","sticky":false,"template":"","format":"standard","meta":[],"categories":[25],"tags":[],"_links":{"self":[{"href":"https:\/\/www.cssr.news\/spanish\/wp-json\/wp\/v2\/posts\/2920"}],"collection":[{"href":"https:\/\/www.cssr.news\/spanish\/wp-json\/wp\/v2\/posts"}],"about":[{"href":"https:\/\/www.cssr.news\/spanish\/wp-json\/wp\/v2\/types\/post"}],"author":[{"embeddable":true,"href":"https:\/\/www.cssr.news\/spanish\/wp-json\/wp\/v2\/users\/1"}],"replies":[{"embeddable":true,"href":"https:\/\/www.cssr.news\/spanish\/wp-json\/wp\/v2\/comments?post=2920"}],"version-history":[{"count":1,"href":"https:\/\/www.cssr.news\/spanish\/wp-json\/wp\/v2\/posts\/2920\/revisions"}],"predecessor-version":[{"id":2923,"href":"https:\/\/www.cssr.news\/spanish\/wp-json\/wp\/v2\/posts\/2920\/revisions\/2923"}],"wp:featuredmedia":[{"embeddable":true,"href":"https:\/\/www.cssr.news\/spanish\/wp-json\/wp\/v2\/media\/2921"}],"wp:attachment":[{"href":"https:\/\/www.cssr.news\/spanish\/wp-json\/wp\/v2\/media?parent=2920"}],"wp:term":[{"taxonomy":"category","embeddable":true,"href":"https:\/\/www.cssr.news\/spanish\/wp-json\/wp\/v2\/categories?post=2920"},{"taxonomy":"post_tag","embeddable":true,"href":"https:\/\/www.cssr.news\/spanish\/wp-json\/wp\/v2\/tags?post=2920"}],"curies":[{"name":"wp","href":"https:\/\/api.w.org\/{rel}","templated":true}]}}