{"id":2925,"date":"2016-11-16T08:11:21","date_gmt":"2016-11-16T08:11:21","guid":{"rendered":"http:\/\/www.cssr.news\/spanish\/?p=2925"},"modified":"2016-11-16T08:11:21","modified_gmt":"2016-11-16T08:11:21","slug":"revitalizacion-de-la-vida-consagrada-punto-central","status":"publish","type":"post","link":"https:\/\/www.cssr.news\/spanish\/2016\/11\/revitalizacion-de-la-vida-consagrada-punto-central\/","title":{"rendered":"Revitalizaci\u00f3n de la Vida Consagrada, punto central"},"content":{"rendered":"<p style=\"text-align: justify;\">Noviembre 16. Celebramos la Eucarist\u00eda a las 7. La oraci\u00f3n, dirigida por la provincia de Londres, se centr\u00f3 en la memoria del d\u00eda: Santa Margarita de Escocia; con base algunos datos biogr\u00e1ficos de esta santa, oramos por los inmigrantes y por nuestras familias. Esta santa es considerada mujer de oraci\u00f3n y amiga de abandonados y los pobres. El rasgo que m\u00e1s se enfatiz\u00f3 fue el de mujer evangelizadora en cuanto proclam\u00f3 la buena nueva a trav\u00e9s de sus palabras y acciones.<\/p>\n<p style=\"text-align: justify;\">Modera el P. Kevin O\u00b4Neil<\/p>\n<p style=\"text-align: justify;\">Como respuesta a la discusi\u00f3n que se realiz\u00f3 ayer en la tarde, nos propone que a las 15 horas reflexionemos en grupos sobre la pregunta: \u00bfCu\u00e1l es el tema o el mensaje del Cap\u00edtulo que usted desear\u00eda llevar a su unidad? Las respuestas ayudar\u00e1n a fortalecer el mensaje que se est\u00e1 preparando.<\/p>\n<p style=\"text-align: justify;\">En seguida votamos las actas del viernes pasado y fueron aprobadas por amplia mayor\u00eda.<\/p>\n<p style=\"text-align: justify;\">Iniciamos el di\u00e1logo sobre las propuestas y postulados de la secci\u00f3n \u201cNuevos Corazones\u201d en el documento de trabajo, que comprenden temas como: Renovaci\u00f3n de corazones y mentes, Solidaridad en la vida y la misi\u00f3n, La revitalizaci\u00f3n de la vida consagrada, Promoci\u00f3n vocacional y Formaci\u00f3n continua.<\/p>\n<p style=\"text-align: justify;\"><a href=\"http:\/\/www.cssr.news\/spanish\/wp-content\/uploads\/sites\/3\/2016\/11\/31019682235_0befa80ea3_k.jpg\"><img class=\"aligncenter size-full wp-image-2927\" src=\"http:\/\/www.cssr.news\/spanish\/wp-content\/uploads\/sites\/3\/2016\/11\/31019682235_0befa80ea3_k.jpg\" alt=\"31019682235_0befa80ea3_k\" width=\"2048\" height=\"1365\" srcset=\"https:\/\/www.cssr.news\/spanish\/wp-content\/uploads\/sites\/3\/2016\/11\/31019682235_0befa80ea3_k.jpg 2048w, https:\/\/www.cssr.news\/spanish\/wp-content\/uploads\/sites\/3\/2016\/11\/31019682235_0befa80ea3_k-300x200.jpg 300w, https:\/\/www.cssr.news\/spanish\/wp-content\/uploads\/sites\/3\/2016\/11\/31019682235_0befa80ea3_k-768x512.jpg 768w, https:\/\/www.cssr.news\/spanish\/wp-content\/uploads\/sites\/3\/2016\/11\/31019682235_0befa80ea3_k-1024x683.jpg 1024w, https:\/\/www.cssr.news\/spanish\/wp-content\/uploads\/sites\/3\/2016\/11\/31019682235_0befa80ea3_k-696x464.jpg 696w, https:\/\/www.cssr.news\/spanish\/wp-content\/uploads\/sites\/3\/2016\/11\/31019682235_0befa80ea3_k-1068x712.jpg 1068w, https:\/\/www.cssr.news\/spanish\/wp-content\/uploads\/sites\/3\/2016\/11\/31019682235_0befa80ea3_k-630x420.jpg 630w\" sizes=\"(max-width: 2048px) 100vw, 2048px\" \/><\/a>Hubo muy buenos aportes que nos fueron guiando para pr\u00f3ximas votaciones, pero me parece importante decirles que cuando llegamos al tema de La Revitalizaci\u00f3n de la Vida Consagrada, donde s\u00f3lo existe una propuesta sobre La Comisi\u00f3n General para la Espiritualidad, apareci\u00f3 la revitalizaci\u00f3n de la vida consagrada en todas sus dimensiones como necesidad de primer\u00edsimo orden para los redentoristas en estos tiempos. Hubo muchas intervenciones que manifestaron gran sensibilidad ante este campo, considerado por varios como punto central de este Cap\u00edtulo, m\u00e1s importante que varias de las propuestas y postulados aprobados. El P. General, luego de escuchar todos los aportes valor\u00f3 positivamente lo expresado, su riqueza y profundidad y le dijo a la comisi\u00f3n encargada del mensaje del Cap\u00edtulo, que este punto debe ser considerado en toda su importancia con especial \u00e9nfasis en la conversi\u00f3n.<\/p>\n<p style=\"text-align: justify;\">Despu\u00e9s del descanso, a las 11, iniciamos las votaciones de algunas propuestas y postulados de la secci\u00f3n Nuevos Corazones. S\u00f3lo dar\u00e9 un breve enunciado y el resultado:<\/p>\n<p style=\"text-align: justify;\">Renovaci\u00f3n de corazones y mentes:<\/p>\n<p style=\"text-align: justify;\">Propuesta 1: Visitas del Gobierno General. Pas\u00f3 con 56 votos<\/p>\n<p style=\"text-align: justify;\">Propuesta 2: Renovadas Communicanda. Pas\u00f3 una alternativa con 83 votos.<\/p>\n<p style=\"text-align: justify;\">Propuesta 3: Secretariado General para la formaci\u00f3n continua. Pas\u00f3 una alternativa con 59 votos.<\/p>\n<p style=\"text-align: justify;\">Propuesta 4: Centros de Formaci\u00f3n continua en cada Conferencia. No pas\u00f3.<\/p>\n<p style=\"text-align: justify;\">Postulado 3: Tiempo lit\u00fargico de la Creaci\u00f3n, pas\u00f3 una alternativa con 65 votos.<\/p>\n<p style=\"text-align: justify;\">Solidaridad en la Vida y la Misi\u00f3n:<\/p>\n<p style=\"text-align: justify;\">Propuesta 1: Buena pr\u00e1ctica de la Solidaridad. No pas\u00f3.<\/p>\n<p style=\"text-align: justify;\">Propuesta 2: Proyectos misioneros comunes. Pas\u00f3 con 66 votos.<\/p>\n<p style=\"text-align: justify;\">Postulado 4: Creaci\u00f3n de un grupo disponible en la Congregaci\u00f3n. No pas\u00f3.<\/p>\n<p style=\"text-align: justify;\">Revitalizaci\u00f3n de la Vida Consagrada:<\/p>\n<p style=\"text-align: justify;\">Propuesta: Que se cree una Comisi\u00f3n General para la Espiritualidad. Pas\u00f3 la propuesta alternativa con 75 votos.<\/p>\n<p style=\"text-align: justify;\">Promoci\u00f3n Vocacional:<\/p>\n<p style=\"text-align: justify;\">Propuesta 1: Priorizaci\u00f3n de la pastoral vocacional. Pas\u00f3 con 78 votos.<\/p>\n<p style=\"text-align: justify;\">Propuesta 2: Priorizaci\u00f3n de la pastoral vocacional como ministerio de equipo. Pas\u00f3 con 63 votos.<\/p>\n<p style=\"text-align: justify;\">Formaci\u00f3n continua:<\/p>\n<p style=\"text-align: justify;\">Propuesta: Instituto para la formaci\u00f3n continua. No pas\u00f3.<\/p>\n<p style=\"text-align: justify;\">Postulado 5: Promover la formaci\u00f3n permanente a nivel de Conferencia sobre la administraci\u00f3n de bienes y la gesti\u00f3n financiera. Pas\u00f3 con 61 votos.<\/p>\n<p style=\"text-align: justify;\">Postulado 6: Promover la formaci\u00f3n permanente sobre la administraci\u00f3n de bienes y la gesti\u00f3n financiera a nivel de la unidad. Pas\u00f3 con 64 votos<\/p>\n<p style=\"text-align: justify;\">En grupos ling\u00fc\u00edsticos seguiremos analizando lo concerniente a Estructuras Renovadas.<\/p>\n<p style=\"text-align: justify;\">Al terminar la ma\u00f1ana, nos dieron a conocer qu\u00e9 audiovisuales presentar\u00e1n esta noche.<\/p>\n<p style=\"text-align: justify;\">\n<p style=\"text-align: justify;\">P. Jorge G\u00f3mez Rueda, CSsR<\/p>\n<p style=\"text-align: justify;\">\n<p style=\"text-align: justify;\">\n<p style=\"text-align: justify;\">\n<p>&nbsp;<\/p>\n","protected":false},"excerpt":{"rendered":"<p>Noviembre 16. Celebramos la Eucarist\u00eda a las 7. La oraci\u00f3n, dirigida por la provincia de Londres, se centr\u00f3 en la memoria del d\u00eda: Santa Margarita de Escocia; con base algunos datos biogr\u00e1ficos de esta santa, oramos por los inmigrantes y por nuestras familias. Esta santa es considerada mujer de oraci\u00f3n y amiga de abandonados y [&hellip;]<\/p>\n","protected":false},"author":1,"featured_media":2926,"comment_status":"closed","ping_status":"closed","sticky":false,"template":"","format":"standard","meta":[],"categories":[25],"tags":[],"_links":{"self":[{"href":"https:\/\/www.cssr.news\/spanish\/wp-json\/wp\/v2\/posts\/2925"}],"collection":[{"href":"https:\/\/www.cssr.news\/spanish\/wp-json\/wp\/v2\/posts"}],"about":[{"href":"https:\/\/www.cssr.news\/spanish\/wp-json\/wp\/v2\/types\/post"}],"author":[{"embeddable":true,"href":"https:\/\/www.cssr.news\/spanish\/wp-json\/wp\/v2\/users\/1"}],"replies":[{"embeddable":true,"href":"https:\/\/www.cssr.news\/spanish\/wp-json\/wp\/v2\/comments?post=2925"}],"version-history":[{"count":1,"href":"https:\/\/www.cssr.news\/spanish\/wp-json\/wp\/v2\/posts\/2925\/revisions"}],"predecessor-version":[{"id":2928,"href":"https:\/\/www.cssr.news\/spanish\/wp-json\/wp\/v2\/posts\/2925\/revisions\/2928"}],"wp:featuredmedia":[{"embeddable":true,"href":"https:\/\/www.cssr.news\/spanish\/wp-json\/wp\/v2\/media\/2926"}],"wp:attachment":[{"href":"https:\/\/www.cssr.news\/spanish\/wp-json\/wp\/v2\/media?parent=2925"}],"wp:term":[{"taxonomy":"category","embeddable":true,"href":"https:\/\/www.cssr.news\/spanish\/wp-json\/wp\/v2\/categories?post=2925"},{"taxonomy":"post_tag","embeddable":true,"href":"https:\/\/www.cssr.news\/spanish\/wp-json\/wp\/v2\/tags?post=2925"}],"curies":[{"name":"wp","href":"https:\/\/api.w.org\/{rel}","templated":true}]}}