{"id":29305,"date":"2025-11-20T20:26:55","date_gmt":"2025-11-20T18:26:55","guid":{"rendered":"https:\/\/www.cssr.news\/spanish\/?p=29305"},"modified":"2025-11-20T20:28:58","modified_gmt":"2025-11-20T18:28:58","slug":"polonia-retiro-redentorista-en-cracovia","status":"publish","type":"post","link":"https:\/\/www.cssr.news\/spanish\/2025\/11\/polonia-retiro-redentorista-en-cracovia\/","title":{"rendered":"Polonia: Retiro de los Redentoristas en Cracovia"},"content":{"rendered":"\n<p>Del 10 al 14 de noviembre de 2025, la casa redentorista de Cracovia acogi\u00f3 el retiro espiritual anual para los cohermanos de la Provincia de Varsovia. Treinta y tres redentoristas polacos participaron.<\/p>\n\n\n\n<p>El tema elegido para este a\u00f1o fue: \u00ab\u00a1Ay de m\u00ed si no anuncio el Evangelio!\u00bb. El retiro fue dirigido por el Padre Piotr Chy\u0142a CSsR, coordinador de la Conferencia Redentorista de Europa. Sus profundas y espiritualmente enriquecedoras reflexiones guiaron a los participantes en un camino de introspecci\u00f3n sobre su vocaci\u00f3n misionera y la presencia de Cristo en la vida cotidiana.<\/p>\n\n\n\n<p>El primer d\u00eda, el Padre Piotr record\u00f3 la historia del llamado de Abraham, present\u00e1ndola como ejemplo de escucha y obediencia a Dios. Su relato se convirti\u00f3 en el punto de partida para reflexionar sobre la confianza y la disposici\u00f3n a seguir el llamado de Dios, incluso en tiempos de incertidumbre y adversidad.<\/p>\n\n\n\n<figure class=\"wp-block-image size-large\"><a href=\"https:\/\/www.cssr.news\/spanish\/wp-content\/uploads\/sites\/3\/2025\/11\/sn251120-cracovia2-1.jpg\"><img width=\"1024\" height=\"691\" src=\"https:\/\/www.cssr.news\/spanish\/wp-content\/uploads\/sites\/3\/2025\/11\/sn251120-cracovia2-1-1024x691.jpg\" alt=\"\" class=\"wp-image-29307\" srcset=\"https:\/\/www.cssr.news\/spanish\/wp-content\/uploads\/sites\/3\/2025\/11\/sn251120-cracovia2-1-1024x691.jpg 1024w, https:\/\/www.cssr.news\/spanish\/wp-content\/uploads\/sites\/3\/2025\/11\/sn251120-cracovia2-1-300x203.jpg 300w, https:\/\/www.cssr.news\/spanish\/wp-content\/uploads\/sites\/3\/2025\/11\/sn251120-cracovia2-1-768x518.jpg 768w, https:\/\/www.cssr.news\/spanish\/wp-content\/uploads\/sites\/3\/2025\/11\/sn251120-cracovia2-1-1536x1037.jpg 1536w, https:\/\/www.cssr.news\/spanish\/wp-content\/uploads\/sites\/3\/2025\/11\/sn251120-cracovia2-1-2048x1382.jpg 2048w, https:\/\/www.cssr.news\/spanish\/wp-content\/uploads\/sites\/3\/2025\/11\/sn251120-cracovia2-1-696x470.jpg 696w, https:\/\/www.cssr.news\/spanish\/wp-content\/uploads\/sites\/3\/2025\/11\/sn251120-cracovia2-1-1068x721.jpg 1068w, https:\/\/www.cssr.news\/spanish\/wp-content\/uploads\/sites\/3\/2025\/11\/sn251120-cracovia2-1-622x420.jpg 622w\" sizes=\"(max-width: 1024px) 100vw, 1024px\" \/><\/a><\/figure>\n\n\n\n<p>Un momento especialmente significativo fue el tercer d\u00eda, durante el cual se reafirm\u00f3 la convicci\u00f3n de que todo redentorista es, ante todo, un misionero. En el centro de las reflexiones se encontraba la pregunta de c\u00f3mo proclamar el Evangelio hoy, en un mundo marcado por heridas, incertidumbres y desorientaci\u00f3n espiritual. La oraci\u00f3n en com\u00fan, la escucha de la Palabra de Dios y el compartir experiencias de servicio ayudaron a redescubrir nuestra identidad misionera y la urgencia de estar presentes junto a quienes m\u00e1s necesitan esperanza y la cercan\u00eda de Dios.<\/p>\n\n\n\n<p>El esp\u00edritu de fraternidad y oraci\u00f3n caracteriz\u00f3 todo el tiempo compartido. Los participantes pudieron redescubrir la belleza del carisma redentorista y fortalecer su compromiso de llevar la Buena Nueva a todos los necesitados.<\/p>\n\n\n\n<p>P. Pawe\u0142 Orze\u0142 CSsR<br>Foto: P. Dominik Kr\u00f3l CSsR<\/p>\n\n\n\n<p><em>Fuente:\u00a0<a rel=\"noreferrer noopener\" href=\"http:\/\/www.redemptor.pl\/\" target=\"_blank\">www.redemptor.pl<\/a><\/em><\/p>\n","protected":false},"excerpt":{"rendered":"<p>Del 10 al 14 de noviembre de 2025, la casa redentorista de Cracovia acogi\u00f3 el retiro espiritual anual para los cohermanos de la Provincia de Varsovia. Treinta y tres redentoristas polacos participaron. El tema elegido para este a\u00f1o fue: \u00ab\u00a1Ay de m\u00ed si no anuncio el Evangelio!\u00bb. El retiro fue dirigido por el Padre Piotr [&hellip;]<\/p>\n","protected":false},"author":3,"featured_media":29306,"comment_status":"closed","ping_status":"closed","sticky":false,"template":"","format":"standard","meta":[],"categories":[2],"tags":[],"_links":{"self":[{"href":"https:\/\/www.cssr.news\/spanish\/wp-json\/wp\/v2\/posts\/29305"}],"collection":[{"href":"https:\/\/www.cssr.news\/spanish\/wp-json\/wp\/v2\/posts"}],"about":[{"href":"https:\/\/www.cssr.news\/spanish\/wp-json\/wp\/v2\/types\/post"}],"author":[{"embeddable":true,"href":"https:\/\/www.cssr.news\/spanish\/wp-json\/wp\/v2\/users\/3"}],"replies":[{"embeddable":true,"href":"https:\/\/www.cssr.news\/spanish\/wp-json\/wp\/v2\/comments?post=29305"}],"version-history":[{"count":2,"href":"https:\/\/www.cssr.news\/spanish\/wp-json\/wp\/v2\/posts\/29305\/revisions"}],"predecessor-version":[{"id":29309,"href":"https:\/\/www.cssr.news\/spanish\/wp-json\/wp\/v2\/posts\/29305\/revisions\/29309"}],"wp:featuredmedia":[{"embeddable":true,"href":"https:\/\/www.cssr.news\/spanish\/wp-json\/wp\/v2\/media\/29306"}],"wp:attachment":[{"href":"https:\/\/www.cssr.news\/spanish\/wp-json\/wp\/v2\/media?parent=29305"}],"wp:term":[{"taxonomy":"category","embeddable":true,"href":"https:\/\/www.cssr.news\/spanish\/wp-json\/wp\/v2\/categories?post=29305"},{"taxonomy":"post_tag","embeddable":true,"href":"https:\/\/www.cssr.news\/spanish\/wp-json\/wp\/v2\/tags?post=29305"}],"curies":[{"name":"wp","href":"https:\/\/api.w.org\/{rel}","templated":true}]}}