{"id":29311,"date":"2025-11-21T17:33:28","date_gmt":"2025-11-21T15:33:28","guid":{"rendered":"https:\/\/www.cssr.news\/spanish\/?p=29311"},"modified":"2025-11-21T17:33:30","modified_gmt":"2025-11-21T15:33:30","slug":"el-p-selwin-anthony-colaco-es-un-nuevo-doctor-en-sagrada-teologia","status":"publish","type":"post","link":"https:\/\/www.cssr.news\/spanish\/2025\/11\/el-p-selwin-anthony-colaco-es-un-nuevo-doctor-en-sagrada-teologia\/","title":{"rendered":"El P. Selwin Anthony Colaco es un nuevo doctor en Sagrada Teolog\u00eda"},"content":{"rendered":"\n<p><strong>El jueves 20 de noviembre de 2025, en la Pontificia Universidad Gregoriana de Roma, el padre Selwin Anthony Colaco, C.Ss.R., de la Viceprovincia de Majella y miembro del Colegio Mayor de Casa San Alfonso en Roma, defendi\u00f3 su tesis doctoral en teolog\u00eda dogm\u00e1tica. El padre Selwin escribi\u00f3 la tesis en italiano y la present\u00f3 en italiano. El t\u00edtulo de la tesis era:&nbsp;<em>\u00abAbrir de par en par las ventanas\u00bb. El cristianismo en la esfera p\u00fablica en el horizonte del pensamiento de Joseph Ratzinger\/Benedicto XVI.<\/em><\/strong><\/p>\n\n\n\n<p>La discusi\u00f3n de la tesis, que dur\u00f3 una hora y media, fue presidida por el padre Nicolas Steevs S.J., profesor de teolog\u00eda fundamental. El padre James Corkery S.J. fue el moderador de la tesis y el padre Aaron Pidel S.J. fue el censor de la discusi\u00f3n. El padre Selwin present\u00f3 su tesis durante media hora, luego el padre Corkery lo examin\u00f3 durante media hora y, finalmente, el censor tuvo media hora para interrogar al estudiante como abogado del diablo para la tesis.<\/p>\n\n\n\n<p>Al t\u00e9rmino de la discusi\u00f3n, la comisi\u00f3n se reuni\u00f3 para decidir sobre la discusi\u00f3n y declar\u00f3 que el padre Selwin Anthony Colaco, C.Ss.R., hab\u00eda defendido con \u00e9xito su tesis doctoral y se le hab\u00eda conferido el t\u00edtulo de Doctor en Sagrada Teolog\u00eda por la Pontificia Universidad Gregoriana.<\/p>\n\n\n\n<p>Participaron en la defensa el padre Rog\u00e9rio Gomes, C.Ss.R., Superior General, el padre Joseph Ivel Mendanha, C.Ss.R., y el padre Nicholas Ayouba, C.Ss.R., Consultores Generales, y los miembros de la Comunidad de San Alfonso y del Colegio Mayor de Roma.<\/p>\n\n\n\n<figure class=\"wp-block-gallery columns-3 is-cropped\"><ul class=\"blocks-gallery-grid\"><li class=\"blocks-gallery-item\"><figure><a href=\"http:\/\/www.cssr.news\/wp-content\/uploads\/2025\/11\/A7400055-copy-scaled.jpg\"><img src=\"http:\/\/www.cssr.news\/wp-content\/uploads\/2025\/11\/A7400055-copy-1024x683.jpg\" alt=\"\" data-id=\"39449\" data-full-url=\"http:\/\/www.cssr.news\/wp-content\/uploads\/2025\/11\/A7400055-copy-scaled.jpg\" data-link=\"https:\/\/www.cssr.news\/?attachment_id=39449\" class=\"wp-image-39449\"\/><\/a><\/figure><\/li><li class=\"blocks-gallery-item\"><figure><a href=\"http:\/\/www.cssr.news\/wp-content\/uploads\/2025\/11\/A7400033-scaled.jpg\"><img src=\"http:\/\/www.cssr.news\/wp-content\/uploads\/2025\/11\/A7400033-1024x683.jpg\" alt=\"\" data-id=\"39446\" data-full-url=\"http:\/\/www.cssr.news\/wp-content\/uploads\/2025\/11\/A7400033-scaled.jpg\" data-link=\"https:\/\/www.cssr.news\/?attachment_id=39446\" class=\"wp-image-39446\"\/><\/a><\/figure><\/li><li class=\"blocks-gallery-item\"><figure><a href=\"http:\/\/www.cssr.news\/wp-content\/uploads\/2025\/11\/A7400038-scaled.jpg\"><img src=\"http:\/\/www.cssr.news\/wp-content\/uploads\/2025\/11\/A7400038-1024x683.jpg\" alt=\"\" data-id=\"39447\" data-full-url=\"http:\/\/www.cssr.news\/wp-content\/uploads\/2025\/11\/A7400038-scaled.jpg\" data-link=\"https:\/\/www.cssr.news\/?attachment_id=39447\" class=\"wp-image-39447\"\/><\/a><\/figure><\/li><li class=\"blocks-gallery-item\"><figure><a href=\"http:\/\/www.cssr.news\/wp-content\/uploads\/2025\/11\/A7400047-scaled.jpg\"><img src=\"http:\/\/www.cssr.news\/wp-content\/uploads\/2025\/11\/A7400047-1024x683.jpg\" alt=\"\" data-id=\"39448\" data-full-url=\"http:\/\/www.cssr.news\/wp-content\/uploads\/2025\/11\/A7400047-scaled.jpg\" data-link=\"https:\/\/www.cssr.news\/?attachment_id=39448\" class=\"wp-image-39448\"\/><\/a><\/figure><\/li><li class=\"blocks-gallery-item\"><figure><a href=\"http:\/\/www.cssr.news\/wp-content\/uploads\/2025\/11\/A7400066-copy-scaled.jpg\"><img src=\"http:\/\/www.cssr.news\/wp-content\/uploads\/2025\/11\/A7400066-copy-1024x683.jpg\" alt=\"\" data-id=\"39450\" data-full-url=\"http:\/\/www.cssr.news\/wp-content\/uploads\/2025\/11\/A7400066-copy-scaled.jpg\" data-link=\"https:\/\/www.cssr.news\/?attachment_id=39450\" class=\"wp-image-39450\"\/><\/a><\/figure><\/li><\/ul><\/figure>\n\n\n\n<p>Al final, el nuevo doctor en teolog\u00eda dio gracias al Se\u00f1or por las gracias que le ha concedido constantemente, al difunto papa Benedicto XVI por haber sido su inspiraci\u00f3n, al moderador de la tesis, el padre James Corkery, y a la comisi\u00f3n de defensa. Agradeci\u00f3 a la Familia Redentorista, encabezada por el padre Rog\u00e9rio Gomes, Superior General, por su presencia, a los miembros del Consejo General, al Rector y a la comunidad de San Alfonso y al Colegio Mayor por su presencia, as\u00ed como a los numerosos redentoristas, incluida la Viceprovincia de Majella, que le ayudaron en su investigaci\u00f3n.<\/p>\n\n\n\n<figure class=\"wp-block-gallery columns-3 is-cropped\"><ul class=\"blocks-gallery-grid\"><li class=\"blocks-gallery-item\"><figure><a href=\"http:\/\/www.cssr.news\/wp-content\/uploads\/2025\/11\/A7400067-scaled.jpg\"><img src=\"http:\/\/www.cssr.news\/wp-content\/uploads\/2025\/11\/A7400067-1024x683.jpg\" alt=\"\" data-id=\"39451\" data-full-url=\"http:\/\/www.cssr.news\/wp-content\/uploads\/2025\/11\/A7400067-scaled.jpg\" data-link=\"https:\/\/www.cssr.news\/?attachment_id=39451\" class=\"wp-image-39451\"\/><\/a><\/figure><\/li><li class=\"blocks-gallery-item\"><figure><a href=\"http:\/\/www.cssr.news\/wp-content\/uploads\/2025\/11\/A7400094-scaled.jpg\"><img src=\"http:\/\/www.cssr.news\/wp-content\/uploads\/2025\/11\/A7400094-1024x683.jpg\" alt=\"\" data-id=\"39453\" data-full-url=\"http:\/\/www.cssr.news\/wp-content\/uploads\/2025\/11\/A7400094-scaled.jpg\" data-link=\"https:\/\/www.cssr.news\/?attachment_id=39453\" class=\"wp-image-39453\"\/><\/a><\/figure><\/li><li class=\"blocks-gallery-item\"><figure><a href=\"http:\/\/www.cssr.news\/wp-content\/uploads\/2025\/11\/A7400138-scaled.jpg\"><img src=\"http:\/\/www.cssr.news\/wp-content\/uploads\/2025\/11\/A7400138-1024x683.jpg\" alt=\"\" data-id=\"39456\" data-full-url=\"http:\/\/www.cssr.news\/wp-content\/uploads\/2025\/11\/A7400138-scaled.jpg\" data-link=\"https:\/\/www.cssr.news\/?attachment_id=39456\" class=\"wp-image-39456\"\/><\/a><\/figure><\/li><li class=\"blocks-gallery-item\"><figure><a href=\"http:\/\/www.cssr.news\/wp-content\/uploads\/2025\/11\/A7400128-scaled.jpg\"><img src=\"http:\/\/www.cssr.news\/wp-content\/uploads\/2025\/11\/A7400128-1024x683.jpg\" alt=\"\" data-id=\"39455\" data-full-url=\"http:\/\/www.cssr.news\/wp-content\/uploads\/2025\/11\/A7400128-scaled.jpg\" data-link=\"https:\/\/www.cssr.news\/?attachment_id=39455\" class=\"wp-image-39455\"\/><\/a><\/figure><\/li><li class=\"blocks-gallery-item\"><figure><a href=\"http:\/\/www.cssr.news\/wp-content\/uploads\/2025\/11\/A7400102-scaled.jpg\"><img src=\"http:\/\/www.cssr.news\/wp-content\/uploads\/2025\/11\/A7400102-1024x597.jpg\" alt=\"\" data-id=\"39454\" data-full-url=\"http:\/\/www.cssr.news\/wp-content\/uploads\/2025\/11\/A7400102-scaled.jpg\" data-link=\"https:\/\/www.cssr.news\/?attachment_id=39454\" class=\"wp-image-39454\"\/><\/a><\/figure><\/li><li class=\"blocks-gallery-item\"><figure><a href=\"http:\/\/www.cssr.news\/wp-content\/uploads\/2025\/11\/A7400154-copy-scaled.jpg\"><img src=\"http:\/\/www.cssr.news\/wp-content\/uploads\/2025\/11\/A7400154-copy-1024x683.jpg\" alt=\"\" data-id=\"39457\" data-full-url=\"http:\/\/www.cssr.news\/wp-content\/uploads\/2025\/11\/A7400154-copy-scaled.jpg\" data-link=\"https:\/\/www.cssr.news\/?attachment_id=39457\" class=\"wp-image-39457\"\/><\/a><\/figure><\/li><\/ul><\/figure>\n\n\n\n<p><strong>Tras la defensa, que concluy\u00f3 con gran \u00e9xito, el nuevo doctor, el padre Selwin A. Colaco, C.Ss.R., fue entrevistado por Scala News.<\/strong><\/p>\n\n\n\n<p><strong>SN: \u00bfC\u00f3mo eligi\u00f3 el tema de su tesis?<\/strong><\/p>\n\n\n\n<p>P. Selwin: En el verano de 2019 llegu\u00e9 a Roma para obtener la licenciatura en teolog\u00eda y enseguida me impact\u00f3 un profundo choque cultural. La vida europea revelaba fuertes contrastes: la normalizaci\u00f3n del tabaquismo entre las mujeres, la disponibilidad ilimitada de bebidas alcoh\u00f3licas y la despenalizaci\u00f3n de la marihuana recreativa. Igualmente preocupantes eran las sutiles formas de discriminaci\u00f3n hacia los extranjeros regulares y la disminuci\u00f3n de la participaci\u00f3n de los cristianos, tanto cat\u00f3licos como protestantes, en la vida de la Iglesia. Lo m\u00e1s desconcertante era la transformaci\u00f3n de las iglesias hist\u00f3ricas de lugares sagrados a lugares seculares como restaurantes, museos y bibliotecas. Este fen\u00f3meno parec\u00eda encarnar una crisis de identidad m\u00e1s profunda dentro de Europa, un continente que avanza constantemente hacia la secularizaci\u00f3n y, en algunos aspectos, hacia un renacimiento del paganismo. Mis preocupaciones se hac\u00edan eco de las expresadas por el profesor Joseph Ratzinger en su conferencia de 1959, en la que anticipaba esta trayectoria cultural. Por eso lo eleg\u00ed como interlocutor para mi tesis doctoral.<\/p>\n\n\n\n<p><strong>SN: La modernidad parece excluir a Dios de la esfera p\u00fablica. \u00bfCu\u00e1les son los puntos de encuentro entre la religi\u00f3n y los intereses de la sociedad actual?<\/strong><\/p>\n\n\n\n<p>Padre Selwin: El punto de contacto esencial entre el cristianismo y el mundo secular, tal y como yo lo percibo \u2014influenciado, por supuesto, por el pensamiento de Ratzinger\u2014, es la persona humana. Seamos ateos, agn\u00f3sticos o creyentes, ante todo somos seres humanos. Por lo tanto, un di\u00e1logo aut\u00e9ntico debe adoptar una perspectiva antropol\u00f3gica, basada en la verdad de que cada persona ha sido creada a imagen y semejanza de Dios.<\/p>\n\n\n\n<p><strong>SN: En un mundo secular, \u00bfc\u00f3mo se puede promover la fe? \u00bfC\u00f3mo se puede predicar eficazmente el mensaje del cristianismo?<\/strong><\/p>\n\n\n\n<p>Padre Selwin: Ratzinger exhorta al mundo secular a captar la esencia del cristianismo: es una religi\u00f3n del Logos, una fe intr\u00ednsecamente basada en la raz\u00f3n. Gracias a esta racionalidad intr\u00ednseca, el cristianismo merece su justo lugar en el debate p\u00fablico, donde su mensaje puede ser comprendido y acogido por todos.<\/p>\n\n\n\n<p><strong>SN: \u00bfC\u00f3mo puede el cristianismo comunicar su mensaje a trav\u00e9s de diferentes culturas?<\/strong><\/p>\n\n\n\n<p>Padre Selwin: Para interactuar de manera significativa con diferentes culturas, el di\u00e1logo es indispensable, ya que sirve de puente entre diferentes visiones del mundo y tradiciones. Para Ratzinger, sin embargo, el di\u00e1logo nunca es sin\u00f3nimo de compromiso o diluci\u00f3n de la fe; no requiere el abandono de la propia religiosidad, de la filosof\u00eda cristiana o de los propios valores. Por el contrario, requiere una actitud de afirmaci\u00f3n confiada, en la que los creyentes expresan sus convicciones con claridad y respeto, ofreciendo la riqueza del pensamiento cristiano como contribuci\u00f3n constructiva a la b\u00fasqueda com\u00fan de la verdad. De este modo, el di\u00e1logo no se convierte en una negociaci\u00f3n de identidades, sino en un encuentro aut\u00e9ntico, arraigado en la dignidad de la persona humana y animado por la convicci\u00f3n de que la fe, cuando se expresa de manera positiva, puede iluminar y enriquecer el di\u00e1logo cultural en lugar de retirarse de \u00e9l.<\/p>\n\n\n\n<p><strong>SN: \u00bfC\u00f3mo piensa aplicar las intuiciones de su investigaci\u00f3n en su ministerio?<\/strong><\/p>\n\n\n\n<p>Padre Selwin: Provengo de una cultura moldeada por siglos de historia, en la que la India es a menudo considerada un centro espiritual y religioso, sede de una notable diversidad de tradiciones y filosof\u00edas. Al imaginar mi futuro ministerio en este contexto, encuentro particularmente interesante el concepto de interculturalidad de Ratzinger. A diferencia de la simple inculturaci\u00f3n, que a veces puede implicar una adaptaci\u00f3n superficial de la fe a las costumbres locales, la interculturalidad requiere un compromiso m\u00e1s profundo: una firme convicci\u00f3n en la propia fe cristiana, expresada con integridad, al tiempo que se entra en un di\u00e1logo respetuoso con las ricas tradiciones religiosas de la India. Es un enfoque que no busca la asimilaci\u00f3n, sino un encuentro aut\u00e9ntico, afirmando la verdad del Evangelio y reconociendo al mismo tiempo la dignidad y la sabidur\u00eda presentes en otras expresiones culturales y espirituales. De este modo, el ministerio se convierte tanto en un testimonio de fe como en un puente de comprensi\u00f3n, favoreciendo el enriquecimiento mutuo en la b\u00fasqueda compartida de la verdad.<\/p>\n\n\n\n<p><strong>Scala News desea al nuevo doctor en teolog\u00eda, el P. Selwin Anthony Colaco, C.Ss.R., todo el \u00e9xito en su apostolado acad\u00e9mico y misionero.<\/strong><\/p>\n\n\n\n<p><em>Scala News<\/em><\/p>\n","protected":false},"excerpt":{"rendered":"<p>El jueves 20 de noviembre de 2025, en la Pontificia Universidad Gregoriana de Roma, el padre Selwin Anthony Colaco, C.Ss.R., de la Viceprovincia de Majella y miembro del Colegio Mayor de Casa San Alfonso en Roma, defendi\u00f3 su tesis doctoral en teolog\u00eda dogm\u00e1tica. El padre Selwin escribi\u00f3 la tesis en italiano y la present\u00f3 en [&hellip;]<\/p>\n","protected":false},"author":23,"featured_media":29312,"comment_status":"closed","ping_status":"closed","sticky":false,"template":"","format":"standard","meta":[],"categories":[15],"tags":[],"_links":{"self":[{"href":"https:\/\/www.cssr.news\/spanish\/wp-json\/wp\/v2\/posts\/29311"}],"collection":[{"href":"https:\/\/www.cssr.news\/spanish\/wp-json\/wp\/v2\/posts"}],"about":[{"href":"https:\/\/www.cssr.news\/spanish\/wp-json\/wp\/v2\/types\/post"}],"author":[{"embeddable":true,"href":"https:\/\/www.cssr.news\/spanish\/wp-json\/wp\/v2\/users\/23"}],"replies":[{"embeddable":true,"href":"https:\/\/www.cssr.news\/spanish\/wp-json\/wp\/v2\/comments?post=29311"}],"version-history":[{"count":1,"href":"https:\/\/www.cssr.news\/spanish\/wp-json\/wp\/v2\/posts\/29311\/revisions"}],"predecessor-version":[{"id":29313,"href":"https:\/\/www.cssr.news\/spanish\/wp-json\/wp\/v2\/posts\/29311\/revisions\/29313"}],"wp:featuredmedia":[{"embeddable":true,"href":"https:\/\/www.cssr.news\/spanish\/wp-json\/wp\/v2\/media\/29312"}],"wp:attachment":[{"href":"https:\/\/www.cssr.news\/spanish\/wp-json\/wp\/v2\/media?parent=29311"}],"wp:term":[{"taxonomy":"category","embeddable":true,"href":"https:\/\/www.cssr.news\/spanish\/wp-json\/wp\/v2\/categories?post=29311"},{"taxonomy":"post_tag","embeddable":true,"href":"https:\/\/www.cssr.news\/spanish\/wp-json\/wp\/v2\/tags?post=29311"}],"curies":[{"name":"wp","href":"https:\/\/api.w.org\/{rel}","templated":true}]}}