{"id":29314,"date":"2025-11-21T03:34:00","date_gmt":"2025-11-21T01:34:00","guid":{"rendered":"https:\/\/www.cssr.news\/spanish\/?p=29314"},"modified":"2025-11-21T17:35:35","modified_gmt":"2025-11-21T15:35:35","slug":"vietnam-la-asamblea-de-asia-oceania-se-reune-en-ciudad-ho-chi-minh","status":"publish","type":"post","link":"https:\/\/www.cssr.news\/spanish\/2025\/11\/vietnam-la-asamblea-de-asia-oceania-se-reune-en-ciudad-ho-chi-minh\/","title":{"rendered":"Vietnam: La Asamblea de Asia-Ocean\u00eda se re\u00fane en Ciudad Ho Chi Minh"},"content":{"rendered":"\n<p>Del 17 al 19 de noviembre de 2025, la ciudad de Ho Chi Minh, antes conocida como Saig\u00f3n, acogi\u00f3 la Asamblea General de la Conferencia Asia-Ocean\u00eda, un evento muy esperado que reuni\u00f3 a los Superiores Mayores, los delegados de las Provincias, Viceprovincias y Regiones, y los representantes de los diferentes sectores de la vida redentorista. El evento, celebrado inmediatamente despu\u00e9s de la Reuni\u00f3n de mitad de sexenio, fue inaugurado por el P. Yoakim Ndelo, C.Ss.R. (Kimi), en un ambiente de fraternidad y renovado compromiso misionero.<\/p>\n\n\n\n<p>A la Asamblea asistieron los dos Consultores Generales de Asia-Ocean\u00eda, P. Joseph Ivel Mendanha, C.Ss.R. y P. Paul Vinh, C.Ss.R. Tambi\u00e9n estuvieron presentes el secretario de la Conferencia, P. Pio Makabenta, C.Ss.R. de la Provincia de Ceb\u00fa, el ec\u00f3nomo de la Conferencia, P. Efrem Bolly, C.Ss.R. de la Provincia de Indonesia, fray Celestine Toh, C.Ss.R., representante de los Hermanos, y el Sr. Magin Adrena, representante de los Laicos Asociados en la Misi\u00f3n.<\/p>\n\n\n\n<figure class=\"wp-block-gallery columns-3 is-cropped\"><ul class=\"blocks-gallery-grid\"><li class=\"blocks-gallery-item\"><figure><a href=\"http:\/\/www.cssr.news\/wp-content\/uploads\/2025\/11\/20251119-Holy-Mass-42-copy.jpg\"><img src=\"http:\/\/www.cssr.news\/wp-content\/uploads\/2025\/11\/20251119-Holy-Mass-42-copy-1024x683.jpg\" alt=\"\" data-id=\"39442\" data-full-url=\"http:\/\/www.cssr.news\/wp-content\/uploads\/2025\/11\/20251119-Holy-Mass-42-copy.jpg\" data-link=\"https:\/\/www.cssr.news\/?attachment_id=39442\" class=\"wp-image-39442\"\/><\/a><\/figure><\/li><li class=\"blocks-gallery-item\"><figure><a href=\"http:\/\/www.cssr.news\/wp-content\/uploads\/2025\/11\/20251119-Holy-Mass-18-scaled.jpg\"><img src=\"http:\/\/www.cssr.news\/wp-content\/uploads\/2025\/11\/20251119-Holy-Mass-18-1024x681.jpg\" alt=\"\" data-id=\"39436\" data-full-url=\"http:\/\/www.cssr.news\/wp-content\/uploads\/2025\/11\/20251119-Holy-Mass-18-scaled.jpg\" data-link=\"https:\/\/www.cssr.news\/?attachment_id=39436\" class=\"wp-image-39436\"\/><\/a><\/figure><\/li><li class=\"blocks-gallery-item\"><figure><a href=\"http:\/\/www.cssr.news\/wp-content\/uploads\/2025\/11\/20251119-Holy-Mass-17-copy-scaled.jpg\"><img src=\"http:\/\/www.cssr.news\/wp-content\/uploads\/2025\/11\/20251119-Holy-Mass-17-copy-1024x683.jpg\" alt=\"\" data-id=\"39437\" data-full-url=\"http:\/\/www.cssr.news\/wp-content\/uploads\/2025\/11\/20251119-Holy-Mass-17-copy-scaled.jpg\" data-link=\"https:\/\/www.cssr.news\/?attachment_id=39437\" class=\"wp-image-39437\"\/><\/a><\/figure><\/li><li class=\"blocks-gallery-item\"><figure><a href=\"http:\/\/www.cssr.news\/wp-content\/uploads\/2025\/11\/20251119-Holy-Mass-27.jpg\"><img src=\"http:\/\/www.cssr.news\/wp-content\/uploads\/2025\/11\/20251119-Holy-Mass-27-1024x681.jpg\" alt=\"\" data-id=\"39443\" data-full-url=\"http:\/\/www.cssr.news\/wp-content\/uploads\/2025\/11\/20251119-Holy-Mass-27.jpg\" data-link=\"https:\/\/www.cssr.news\/?attachment_id=39443\" class=\"wp-image-39443\"\/><\/a><\/figure><\/li><\/ul><\/figure>\n\n\n\n<p>La Asamblea se abri\u00f3 con una reflexi\u00f3n sobre el tema de la misi\u00f3n y el env\u00edo al otro lado, predicada por el P. Paul Vinh, C.Ss.R., consultor general, en la que retom\u00f3 el pasaje del Evangelio de Lucas sobre la llamada de los disc\u00edpulos y la pesca milagrosa y lo aplic\u00f3 a nuestro carisma y a nuestra misi\u00f3n redentorista hoy, citando ejemplos tomados de la vida de hermanos que encarnan verdaderamente el esp\u00edritu misionero de la Congregaci\u00f3n.<\/p>\n\n\n\n<p>A continuaci\u00f3n, cada superior mayor comparti\u00f3 la situaci\u00f3n de su propia unidad, lo que supuso un momento tanto para compartir informaci\u00f3n como para conocer lo que est\u00e1 sucediendo en relaci\u00f3n con la misi\u00f3n en cada una de las 13 unidades de la Conferencia. El resto de los d\u00edas se dedic\u00f3 a la presentaci\u00f3n de los informes de los diferentes Secretariados de la Conferencia sobre su seguimiento del Plan de Acci\u00f3n de la Conferencia en la 1.\u00aa Fase en 2023, as\u00ed como a los planes para el resto del sexenio: las Secretar\u00edas de Formaci\u00f3n, Evangelizaci\u00f3n, Espiritualidad y Vida Consagrada, as\u00ed como las Comisiones de Hermanos, Medios de Comunicaci\u00f3n y Comunicaci\u00f3n, Socios en la Misi\u00f3n, Protecci\u00f3n, Pastoral Juvenil y Vocacional y, por \u00faltimo, la Secretar\u00eda de Finanzas. El Ec\u00f3nomo de la Conferencia present\u00f3 el informe financiero junto con las propuestas a examinar, que fueron aprobadas por la Asamblea y que inclu\u00edan la continuaci\u00f3n de la contribuci\u00f3n de la Conferencia a la Conferencia de \u00c1frica y Madagascar. La Asamblea vot\u00f3 a favor de debatir los Estatutos de la Conferencia en la pr\u00f3xima Asamblea de la Conferencia, prevista para el a\u00f1o siguiente, del 10 al 15 de agosto de 2026, en Minburi, Tailandia.<\/p>\n\n\n\n<p>La Asamblea concluy\u00f3 con la celebraci\u00f3n eucar\u00edstica final presidida por el P. Ivel, durante la cual destac\u00f3 las numerosas im\u00e1genes de esperanza en la Conferencia, donde la luz de la misi\u00f3n sigue brillando en cada unidad de la Conferencia. Tambi\u00e9n expres\u00f3 su agradecimiento y el de toda la Asamblea de la Conferencia al P. Dominic Dung C.Ss.R., provincial de Vietnam, y a todos los hermanos de la Provincia de Vietnam, guiados por el P. Dominic Tra, C.Ss.R., secretario de la Provincia, por la planificaci\u00f3n, la organizaci\u00f3n y, sobre todo, la hospitalidad demostrada con gran amabilidad durante toda la Reuni\u00f3n Semestral y la Asamblea de la Conferencia de Asia-Ocean\u00eda.<\/p>\n\n\n\n<p>P. Joseph Ivel Mendanha, C.Ss.R.<\/p>\n\n\n\n<p>Consultor General<\/p>\n","protected":false},"excerpt":{"rendered":"<p>Del 17 al 19 de noviembre de 2025, la ciudad de Ho Chi Minh, antes conocida como Saig\u00f3n, acogi\u00f3 la Asamblea General de la Conferencia Asia-Ocean\u00eda, un evento muy esperado que reuni\u00f3 a los Superiores Mayores, los delegados de las Provincias, Viceprovincias y Regiones, y los representantes de los diferentes sectores de la vida redentorista. [&hellip;]<\/p>\n","protected":false},"author":23,"featured_media":29315,"comment_status":"closed","ping_status":"closed","sticky":false,"template":"","format":"standard","meta":[],"categories":[11],"tags":[],"_links":{"self":[{"href":"https:\/\/www.cssr.news\/spanish\/wp-json\/wp\/v2\/posts\/29314"}],"collection":[{"href":"https:\/\/www.cssr.news\/spanish\/wp-json\/wp\/v2\/posts"}],"about":[{"href":"https:\/\/www.cssr.news\/spanish\/wp-json\/wp\/v2\/types\/post"}],"author":[{"embeddable":true,"href":"https:\/\/www.cssr.news\/spanish\/wp-json\/wp\/v2\/users\/23"}],"replies":[{"embeddable":true,"href":"https:\/\/www.cssr.news\/spanish\/wp-json\/wp\/v2\/comments?post=29314"}],"version-history":[{"count":1,"href":"https:\/\/www.cssr.news\/spanish\/wp-json\/wp\/v2\/posts\/29314\/revisions"}],"predecessor-version":[{"id":29316,"href":"https:\/\/www.cssr.news\/spanish\/wp-json\/wp\/v2\/posts\/29314\/revisions\/29316"}],"wp:featuredmedia":[{"embeddable":true,"href":"https:\/\/www.cssr.news\/spanish\/wp-json\/wp\/v2\/media\/29315"}],"wp:attachment":[{"href":"https:\/\/www.cssr.news\/spanish\/wp-json\/wp\/v2\/media?parent=29314"}],"wp:term":[{"taxonomy":"category","embeddable":true,"href":"https:\/\/www.cssr.news\/spanish\/wp-json\/wp\/v2\/categories?post=29314"},{"taxonomy":"post_tag","embeddable":true,"href":"https:\/\/www.cssr.news\/spanish\/wp-json\/wp\/v2\/tags?post=29314"}],"curies":[{"name":"wp","href":"https:\/\/api.w.org\/{rel}","templated":true}]}}